{"id":3209,"date":"2023-05-31T07:26:54","date_gmt":"2023-05-31T07:26:54","guid":{"rendered":"https:\/\/www.rock-n-data.io\/?p=3209"},"modified":"2023-09-19T10:59:28","modified_gmt":"2023-09-19T10:59:28","slug":"limmobilier-durable-au-coeur-des-enjeux-ecologiques","status":"publish","type":"post","link":"https:\/\/www.rock-n-data.io\/fr\/limmobilier-durable-au-coeur-des-enjeux-ecologiques\/","title":{"rendered":"L\u2019immobilier durable au c\u0153ur des enjeux \u00e9cologiques"},"content":{"rendered":"\n<p>Dans le continuit\u00e9 des diff\u00e9rents rapports du Groupe Intergouvernemental sur l\u2019Evolution du Climat (GIEC), Rock-n-Data s\u2019est int\u00e9ress\u00e9 \u00e0 l\u2019impact \u00e9cologique du secteur de l\u2019immobilier. Le rapport GIEC traite de la crise climatique actuelle en exposant de nombreux \u00e9l\u00e9ments scientifiques, les cons\u00e9quences du d\u00e9r\u00e8glement actuel et des solutions existantes. Parmi celles-ci, le secteur de l'immobilier a un grand r\u00f4le \u00e0 jouer.<\/p>\n\n\n<p class=\"ffb-id-pk3copb fg-paragraph text-center    fg-text-dark\"><\/p>\n<p><!-- \/wp:post-content --><\/p>\n<p><!-- wp:heading --><\/p>\n<h2 style=\"text-align: left\"><strong>Les <\/strong><b>conclusions du GIEC sont alarmantes<\/b><\/h2>\n<p><span style=\"font-weight: 400\">Il s\u2019agit de la plus forte contribution scientifique sur le climat approuv\u00e9e par 234 auteurs et 195 gouvernements. Deux autres rapports ont \u00e9t\u00e9 publi\u00e9s courant 2022 et expliquent les impacts des changements climatiques et les mesures potentielles \u00e0 mettre en place pour les att\u00e9nuer.<\/span><\/p>\n<p><span style=\"font-weight: 400\">Ces rapport sont publi\u00e9s tous les 5 \u00e0 6 ans et appellent \u00e0 agir rapidement contre le r\u00e9chauffement climatique. Il confirme que les \u00e9missions de gaz \u00e0 effet de serre sont la premi\u00e8re cause du d\u00e9r\u00e8glement actuel et ont augment\u00e9 de 63% depuis 1990.<\/span><\/p>\n<p><span style=\"font-weight: 400\">Voici un r\u00e9sum\u00e9 des points cl\u00e9s du rapport 2023 du GIEC sur le changement climatique :<\/span><\/p>\n<ul>\n<li><span style=\"font-weight: 400\">Le r\u00e9chauffement climatique est d\u00e9j\u00e0 de +1,1\u00b0C depuis 1850-1900, principalement d\u00fb aux \u00e9missions de gaz \u00e0 effet de serre caus\u00e9es par l'activit\u00e9 humaine. Depuis 1990, ces \u00e9missions ont augment\u00e9 de 63 %, cr\u00e9ant une instabilit\u00e9 m\u00e9t\u00e9orologique croissante avec des incendies, des inondations, des temp\u00eates et des vagues de chaleur de plus en plus fr\u00e9quentes.<\/span><\/li>\n<\/ul>\n<ul>\n<li style=\"font-weight: 400\"><span style=\"font-weight: 400\">Le r\u00e9chauffement devrait d\u00e9passer +2\u00b0C d'ici la fin du si\u00e8cle, d\u00e9passant ainsi l'objectif de +1,5\u00b0C fix\u00e9 par les Accords de Paris. Les temp\u00e9ratures extr\u00eames pourraient augmenter jusqu'\u00e0 +4\u00b0C. La fonte des glaces s'acc\u00e9l\u00e8re, provoquant une hausse du niveau de la mer de 9 cm en seulement 30 ans.<\/span><\/li>\n<\/ul>\n<ul>\n<li style=\"font-weight: 400\"><span style=\"font-weight: 400\">L'impact du changement climatique est d\u00e9j\u00e0 visible, affectant 3,3 \u00e0 3,6 milliards de personnes vivant dans des r\u00e9gions vuln\u00e9rables. Les catastrophes climatiques ont des cons\u00e9quences mortelles, et les zones les plus touch\u00e9es sont l'Afrique, l'Asie, l'Am\u00e9rique latine, les \u00eeles et l'Arctique.<\/span><\/li>\n<\/ul>\n<ul>\n<li style=\"font-weight: 400\"><span style=\"font-weight: 400\">Bien que des progr\u00e8s aient \u00e9t\u00e9 r\u00e9alis\u00e9s dans la planification des changements climatiques, l'adaptabilit\u00e9 des \u00e9cosyst\u00e8mes pr\u00e9sente des lacunes. Les r\u00e9ponses au r\u00e9chauffement climatique varient selon les r\u00e9gions, avec des in\u00e9galit\u00e9s.<\/span><\/li>\n<\/ul>\n<p><span style=\"font-weight: 400\">Le rapport du GIEC est cat\u00e9gorique : les activit\u00e9s humaines sont responsables de ces d\u00e9r\u00e8glements climatiques. Cependant, il reste encore une fen\u00eatre d'opportunit\u00e9 pour changer notre trajectoire. Les solutions existent, mais elles exigent un effort collectif sans pr\u00e9c\u00e9dent, avec pour objectif la <strong>neutralit\u00e9 carbone d'ici 2050<\/strong>. L'immobilier, qui repr\u00e9sente pr\u00e8s de 40 % de la consommation finale d'\u00e9nergie en France et 20 % des \u00e9missions de gaz \u00e0 effet de serre, joue un r\u00f4le d\u00e9terminant face \u00e0 cette urgence climatique.<\/span><\/p>\n<h2><b>L\u2019immobilier et le b\u00e2timent au c\u0153ur de la transition \u00e9cologique<\/b><\/h2>\n<p><span style=\"font-weight: 400\">Pour atteindre cet objectif ambitieux, plusieurs solutions \u00e9mergent, man\u0153uvr\u00e9es par les pouvoirs publics et les acteurs priv\u00e9s. D\u2019importants efforts seront \u00e0 d\u00e9ployer pour r\u00e9duire les \u00e9missions li\u00e9es aux constructions et au fonctionnement des b\u00e2timents.<\/span><\/p>\n<p><span style=\"font-weight: 400\">Conscient du d\u00e9fi \u00e0 relever, l\u2019immobilier met en place diff\u00e9rentes mesures pour r\u00e9duire son impact.\u00a0<\/span><\/p>\n<p><span style=\"font-weight: 400\">Premi\u00e8rement, le <a href=\"https:\/\/www.tresor.economie.gouv.fr\/Articles\/2019\/01\/11\/label-isr-mise-a-jour-du-referentiel\">label Investissement Socialement Responsable<\/a> (ISR), lanc\u00e9 en 2015 par le Minist\u00e8re de l'\u00c9conomie et des Finances, permet aux investisseurs de choisir des produits d'\u00e9pargne qui int\u00e8grent des crit\u00e8res environnementaux, sociaux et de gouvernance (ESG).\u00a0<\/span><\/p>\n<p><img decoding=\"async\" class=\"aligncenter\" src=\"https:\/\/lh4.googleusercontent.com\/EKkbWWqr2pyBZGRe5fucyI2xBqctzjyKH0U76kzfTjxiL3EmkJtlCxos_MYY1seDkTKZymArKOszYTAsm6xVjwH0L8BdCnKpQc81c1JfIHW7D-rtiYsL0MHJoQNBdwvsaNnEFKVO\" width=\"300\" height=\"168.07204616493217\" \/><\/p>\n<p><span style=\"font-weight: 400\">Depuis le 23 octobre 2020, les fonds immobiliers peuvent eux aussi pr\u00e9tendre \u00e0 une labellisation ISR. D\u2019une part, cela implique une d\u00e9marche encore plus vertueuse de la part des g\u00e9rants, avec pour objectif de rendre leur parc immobilier plus responsable et parfaitement int\u00e9gr\u00e9 aux enjeux actuels. Ils se concentrent d\u2019ailleurs autour du patrimoine existant et sur lequel un v\u00e9ritable plan d\u2019action est mis en place. Cela passe par des travaux de restructuration, un repositionnement de l\u2019immeuble en accord avec les nouvelles normes, une reconversion des bureaux obsol\u00e8tes en logements ou encore plusieurs labellisations. Des travaux d'isolation thermique, le remplacement de fen\u00eatres par des mod\u00e8les \u00e9conerg\u00e9tiques et l'utilisation de mat\u00e9riaux de construction durables contribuent \u00e0 cet objectif. En effet, les fonds immobiliers peuvent \u00eatre certifi\u00e9s de nombreux labels, qu\u2019ils soient sp\u00e9cifiques aux b\u00e2timents (BREEAM, HQE, BBC) ou qu'ils concernent plus globalement la finance immobili\u00e8re durable (ISR Immobilier, d\u00e9livr\u00e9 par trois organismes certificateurs). Les fonds immobiliers s\u2019attachent donc \u00e0 rendre leur parc immobilier plus vert.<\/span><\/p>\n<p><span style=\"font-weight: 400\">De nombreux progr\u00e8s ont aussi \u00e9t\u00e9 r\u00e9alis\u00e9s en mati\u00e8re de construction. C\u2019est pour cette raison que la fili\u00e8re bois s\u2019engage \u00e0 soutenir le secteur du b\u00e2timent dans sa qu\u00eate \u00e0 la d\u00e9carbonation avec son \u201cPlan Ambition bois-construction 2030\u201d.<\/span><\/p>\n<p><span style=\"font-weight: 400\">Afin de diminuer l\u2019impact carbone des b\u00e2timents, poursuivre l\u2019am\u00e9lioration de leur performance \u00e9nerg\u00e9tique et en garantir la fra\u00eecheur pendant les \u00e9t\u00e9s caniculaires, le gouvernement a mis en place la R\u00e9glementation Environnementale 2020 qui entrera en vigueur le 1er janvier 2022. Cette r\u00e9glementation doit permettre de mettre un terme \u00e0 l\u2019utilisation de gaz dans les constructions neuves gr\u00e2ce \u00e0 l'introduction d\u2019un plafond d\u2019\u00e9missions de gaz \u00e0 effet de serre.\u00a0<\/span><\/p>\n<p><img loading=\"lazy\" decoding=\"async\" class=\"aligncenter\" src=\"https:\/\/lh5.googleusercontent.com\/Rb_30xUwkOK4-HitzMY1f8JMGC3xDeAMMIc7kJhPq4iTKDnQ7apphvYSjcnVgNjYan0Exm-vnPJf7cv_ATvdw2ql1t8fxBiY_iHVeY9OI6yTK3nQ-9dTj4zAb57yq9bz0jMjso3q\" width=\"316\" height=\"293\" \/><\/p>\n<p><span style=\"font-weight: 400\">A ce jour, le secteur bois recouvre 23% des \u00e9nergies renouvelables. Le bois \u00e9nergie constitue une voie principale \u00e0 la substitution des \u00e9nergies fossiles, associant l\u2019optimisation \u00e9nerg\u00e9tique et la performance environnementale. Lorsque l\u2019on utilise du bois \u00e9nergie, le carbone \u00ab lib\u00e9r\u00e9 \u00bb repr\u00e9sente du carbone biog\u00e9nique, puisqu\u2019il a \u00e9t\u00e9 compens\u00e9 par la gestion de la ressource des for\u00eats utilis\u00e9es et g\u00e9r\u00e9es : un arbre r\u00e9colt\u00e9 est syst\u00e9matiquement remplac\u00e9\u201d d'apr\u00e8s le Plan Ambition Bois-Construction 2030 d\u00e9voil\u00e9 par la fili\u00e8re bois en f\u00e9vrier dernier.<\/span><\/p>\n<p><span style=\"font-weight: 400\">La fili\u00e8re bois indique que l\u2019usage renforc\u00e9 du bois et des mat\u00e9riaux biosourc\u00e9s permettront \u00e0 la France de r\u00e9duire le poids du carbone dans son \u00e9conomie. Ils pr\u00e9sentent des qualit\u00e9s techniques durables tout en \u00e9tant le garant d\u2019un cadre de vie harmonieux, respectueux des engagements \u00e9cologiques.\u00a0<\/span><\/p>\n<p><span style=\"font-weight: 400\">La fili\u00e8re bois s\u2019engage \u00e9galement \u00e0 d\u00e9velopper l\u2019offre en bois fran\u00e7ais, qu\u2019il s\u2019agisse de favoriser la construction de logements, de permettre une meilleure isolation\/r\u00e9novation du b\u00e2timent ou d\u2019encourager l\u2019usage d\u2019une \u00e9nergie de chauffage verte. Elle compte \u00e9galement soutenir l\u2019\u00e9conomie des territoires en finan\u00e7ant des acteurs industriels de r\u00e9f\u00e9rence. En partenariat avec la BPI, elle promeut la cr\u00e9ation d\u2019un fonds bois sp\u00e9cialis\u00e9 dont l\u2019objectif est de favoriser le d\u00e9veloppement des entreprises de la fili\u00e8re bois et ainsi accro\u00eetre sa souverainet\u00e9 nationale. N\u00e9anmoins, elle se confronte depuis plusieurs mois aux probl\u00e9matiques de disponibilit\u00e9 des mat\u00e9riaux et leur prix de plus en plus \u00e9lev\u00e9.<\/span><\/p>\n<p><span style=\"font-weight: 400\">Fort de ses qualit\u00e9s techniques et environnementales, la fili\u00e8re bois est la premi\u00e8re fili\u00e8re contributrice \u00e0 la r\u00e9duction de l\u2019effet de serre. C\u2019est pourquoi elle met tout en \u0153uvre pour participer \u00e0 l\u2019effort collectif en soutenant le secteur du b\u00e2timent \u00e0 renforcer l\u2019usage du bois et des mat\u00e9riaux biosourc\u00e9s dans ses constructions.\u00a0<\/span><\/p>\n<p><span style=\"font-weight: 400\">Outre la fili\u00e8re bois, et plus globalement, l\u2019objectif qui doit \u00eatre vis\u00e9 par le milieu immobilier est la transition vers des b\u00e2timents \u00e0 \u00e9nergie z\u00e9ro, en plus de la r\u00e9novation des b\u00e2timents d\u00e9j\u00e0 existants, il est important de favoriser la construction de nouveaux b\u00e2timents dont la conception minimisera leur consommation d\u2019\u00e9nergie. Pour ce faire, l'utilisation de technique d\u2019isolation avanc\u00e9e, de production et de gestion d\u2019\u00e9nergie renouvelables au sein des nouvelles constructions sont autant de pistes \u00e0 privil\u00e9gier.<\/span><\/p>\n<p><span style=\"font-weight: 400\">Dans cette optique, la R\u00e9glementation Environnementale 2020 (RE 2020) a \u00e9t\u00e9 cr\u00e9\u00e9e. Cette r\u00e9glementation, en vigueur depuis le 1er janvier 2022, vise \u00e0 mettre un terme \u00e0 l'utilisation de gaz dans les nouvelles constructions en introduisant un plafond d'\u00e9missions de gaz \u00e0 effet de serre. Elle encourage la construction de b\u00e2timents plus \u00e9co\u00e9nerg\u00e9tiques et respectueux de l'environnement.<\/span><\/p>\n<p><span style=\"font-weight: 400\">En r\u00e9sum\u00e9, l'immobilier durable est au c\u0153ur de la lutte contre le changement climatique. Avec des mesures telles que l'ISR, l'utilisation de mat\u00e9riaux durables, des r\u00e9glementations environnementales strictes, et l'engagement de la fili\u00e8re bois, le secteur immobilier s'efforce de r\u00e9duire son impact environnemental. Cependant, pour r\u00e9ussir cette transition, il est essentiel que tous les acteurs, des investisseurs aux gouvernements en passant par les citoyens, contribuent \u00e0 un effort collectif pour atteindre les objectifs de neutralit\u00e9 carbone.<\/span><\/p>\n<p><!-- \/wp:heading --><\/p>\n<p><!-- wp:paragraph --><\/p>\n<p style=\"text-align: left\"><!-- \/wp:paragraph --><\/p>\n<p style=\"text-align: left\"><!-- wp:paragraph --><\/p>\n<p style=\"text-align: left\"><!-- \/wp:paragraph --><\/p>\n<p style=\"text-align: left\"><!-- wp:paragraph --><\/p>\n<p style=\"text-align: left\"><!-- \/wp:paragraph --><\/p>\n<p style=\"text-align: left\"><!-- wp:paragraph {\"align\":\"center\"} --><\/p>\n<p style=\"text-align: left\"><!-- \/wp:paragraph --><\/p>\n<p style=\"text-align: left\"><!-- wp:paragraph --><\/p>\n<p style=\"text-align: left\"><!-- \/wp:paragraph --><\/p>\n<p style=\"text-align: left\"><!-- wp:paragraph --><\/p>\n<p><!-- \/wp:paragraph --><\/p>\n<p><!-- wp:paragraph --><\/p>\n<p style=\"text-align: left\"><!-- \/wp:paragraph --><\/p>\n<p style=\"text-align: left\"><!-- wp:paragraph --><\/p>\n<p style=\"text-align: left\"><!-- \/wp:paragraph --><\/p>\n<p style=\"text-align: left\"><!-- wp:paragraph --><\/p>\n<p><!-- \/wp:paragraph --><\/p>\n<p><!-- wp:paragraph {\"align\":\"center\"} --><\/p>\n<p><!-- \/wp:paragraph --><\/p>\n<p><!-- wp:paragraph --><\/p>\n<p style=\"text-align: left\"><!-- \/wp:paragraph --><\/p>\n<p style=\"text-align: left\"><!-- wp:paragraph --><\/p>\n<p style=\"text-align: left\"><!-- \/wp:paragraph --><\/p>\n<p style=\"text-align: left\"><!-- wp:paragraph --><\/p>\n<p style=\"text-align: left\"><!-- \/wp:paragraph --><\/p>\n<p style=\"text-align: left\"><!-- wp:paragraph --><\/p>\n<p><!-- \/wp:paragraph --><\/p>\n<p><!-- wp:paragraph {\"align\":\"center\"} --><\/p>\n<p><!-- \/wp:paragraph --><\/p>\n<p><!-- wp:paragraph --><\/p>\n<p style=\"text-align: left\"><!-- \/wp:paragraph --><\/p>\n<p style=\"text-align: left\"><!-- wp:paragraph --><\/p>\n<p style=\"text-align: left\"><!-- \/wp:paragraph --><\/p>\n<p style=\"text-align: left\"><!-- wp:paragraph --><\/p>\n<p style=\"text-align: left\"><!-- \/wp:paragraph --><\/p>\n<p style=\"text-align: left\"><!-- wp:paragraph --><\/p>\n<p style=\"text-align: left\"><!-- \/wp:paragraph --><\/p>\n<p style=\"text-align: left\"><!-- wp:paragraph --><\/p>\n<p><!-- \/wp:paragraph --><\/p>\n<p><!-- wp:paragraph --><\/p>\n<p><!-- \/wp:paragraph --><\/p>\n<p><\/p><style><\/style><script type=\"text\/javascript\"><\/script>\n<p><!-- wp:paragraph --><\/p>\n<p><!-- \/wp:paragraph --><\/p>","protected":false},"excerpt":{"rendered":"<p>gouvernemental sur l\u2019Evolution du Climat (GIEC) pr\u00e9sent\u00e9 au d\u00e9but de ce mois d\u2019ao\u00fbt, Rock-n-Data s\u2019est int\u00e9ress\u00e9 \u00e0 l\u2019impact \u00e9cologique du secteur de l\u2019immobilier ...<\/p>\n","protected":false},"author":6,"featured_media":2892,"comment_status":"closed","ping_status":"closed","sticky":false,"template":"","format":"standard","meta":{"_acf_changed":false,"inline_featured_image":false,"footnotes":""},"categories":[2],"tags":[13],"class_list":["post-3209","post","type-post","status-publish","format-standard","has-post-thumbnail","hentry","category-non-classifiee","tag-etudes-de-marche","post-wrapper"],"acf":[],"yoast_head":"<!-- This site is optimized with the Yoast SEO plugin v27.5 - https:\/\/yoast.com\/product\/yoast-seo-wordpress\/ -->\n<title>L\u2019immobilier durable au c\u0153ur des enjeux \u00e9cologiques<\/title>\n<meta name=\"description\" content=\"D\u00e9couvrez l&#039;immobilier durable, moteur du changement \u00e9cologique. Investissez dans des constructions respectueuses de l&#039;environnement.\" \/>\n<meta name=\"robots\" content=\"index, follow, max-snippet:-1, max-image-preview:large, max-video-preview:-1\" \/>\n<link rel=\"canonical\" href=\"https:\/\/www.rock-n-data.io\/fr\/limmobilier-durable-au-coeur-des-enjeux-ecologiques\/\" \/>\n<meta property=\"og:locale\" content=\"fr_FR\" \/>\n<meta property=\"og:type\" content=\"article\" \/>\n<meta property=\"og:title\" content=\"L\u2019immobilier durable au c\u0153ur des enjeux \u00e9cologiques\" \/>\n<meta property=\"og:description\" content=\"D\u00e9couvrez l&#039;immobilier durable, moteur du changement \u00e9cologique. Investissez dans des constructions respectueuses de l&#039;environnement.\" \/>\n<meta property=\"og:url\" content=\"https:\/\/www.rock-n-data.io\/fr\/limmobilier-durable-au-coeur-des-enjeux-ecologiques\/\" \/>\n<meta property=\"og:site_name\" content=\"Rock &amp; DATA\" \/>\n<meta property=\"article:published_time\" content=\"2023-05-31T07:26:54+00:00\" \/>\n<meta property=\"article:modified_time\" content=\"2023-09-19T10:59:28+00:00\" \/>\n<meta property=\"og:image\" content=\"https:\/\/www.rock-n-data.io\/wp-content\/uploads\/2021\/03\/Capture-de\u0301cran-2021-03-30-a\u0300-21.21.04.png\" \/>\n\t<meta property=\"og:image:width\" content=\"787\" \/>\n\t<meta property=\"og:image:height\" content=\"444\" \/>\n\t<meta property=\"og:image:type\" content=\"image\/png\" \/>\n<meta name=\"author\" content=\"Rock &amp; DATA\" \/>\n<meta name=\"twitter:card\" content=\"summary_large_image\" \/>\n<meta name=\"twitter:label1\" content=\"\u00c9crit par\" \/>\n\t<meta name=\"twitter:data1\" content=\"Rock &amp; DATA\" \/>\n\t<meta name=\"twitter:label2\" content=\"Dur\u00e9e de lecture estim\u00e9e\" \/>\n\t<meta name=\"twitter:data2\" content=\"7 minutes\" \/>\n<script type=\"application\/ld+json\" class=\"yoast-schema-graph\">{\"@context\":\"https:\\\/\\\/schema.org\",\"@graph\":[{\"@type\":\"Article\",\"@id\":\"https:\\\/\\\/www.rock-n-data.io\\\/fr\\\/limmobilier-durable-au-coeur-des-enjeux-ecologiques\\\/#article\",\"isPartOf\":{\"@id\":\"https:\\\/\\\/www.rock-n-data.io\\\/fr\\\/limmobilier-durable-au-coeur-des-enjeux-ecologiques\\\/\"},\"author\":{\"name\":\"Rock &amp; DATA\",\"@id\":\"https:\\\/\\\/www.rock-n-data.io\\\/fr\\\/#\\\/schema\\\/person\\\/9bc10987a0538f4580eb261ee8bb3257\"},\"headline\":\"L\u2019immobilier durable au c\u0153ur des enjeux \u00e9cologiques\",\"datePublished\":\"2023-05-31T07:26:54+00:00\",\"dateModified\":\"2023-09-19T10:59:28+00:00\",\"mainEntityOfPage\":{\"@id\":\"https:\\\/\\\/www.rock-n-data.io\\\/fr\\\/limmobilier-durable-au-coeur-des-enjeux-ecologiques\\\/\"},\"wordCount\":1519,\"image\":{\"@id\":\"https:\\\/\\\/www.rock-n-data.io\\\/fr\\\/limmobilier-durable-au-coeur-des-enjeux-ecologiques\\\/#primaryimage\"},\"thumbnailUrl\":\"https:\\\/\\\/www.rock-n-data.io\\\/wp-content\\\/uploads\\\/2021\\\/03\\\/Capture-de\u0301cran-2021-03-30-a\u0300-21.21.04.png\",\"keywords\":[\"Etudes de March\u00e9\"],\"articleSection\":[\"Non classifi\u00e9(e)\"],\"inLanguage\":\"fr-FR\"},{\"@type\":\"WebPage\",\"@id\":\"https:\\\/\\\/www.rock-n-data.io\\\/fr\\\/limmobilier-durable-au-coeur-des-enjeux-ecologiques\\\/\",\"url\":\"https:\\\/\\\/www.rock-n-data.io\\\/fr\\\/limmobilier-durable-au-coeur-des-enjeux-ecologiques\\\/\",\"name\":\"L\u2019immobilier durable au c\u0153ur des enjeux \u00e9cologiques\",\"isPartOf\":{\"@id\":\"https:\\\/\\\/www.rock-n-data.io\\\/fr\\\/#website\"},\"primaryImageOfPage\":{\"@id\":\"https:\\\/\\\/www.rock-n-data.io\\\/fr\\\/limmobilier-durable-au-coeur-des-enjeux-ecologiques\\\/#primaryimage\"},\"image\":{\"@id\":\"https:\\\/\\\/www.rock-n-data.io\\\/fr\\\/limmobilier-durable-au-coeur-des-enjeux-ecologiques\\\/#primaryimage\"},\"thumbnailUrl\":\"https:\\\/\\\/www.rock-n-data.io\\\/wp-content\\\/uploads\\\/2021\\\/03\\\/Capture-de\u0301cran-2021-03-30-a\u0300-21.21.04.png\",\"datePublished\":\"2023-05-31T07:26:54+00:00\",\"dateModified\":\"2023-09-19T10:59:28+00:00\",\"author\":{\"@id\":\"https:\\\/\\\/www.rock-n-data.io\\\/fr\\\/#\\\/schema\\\/person\\\/9bc10987a0538f4580eb261ee8bb3257\"},\"description\":\"D\u00e9couvrez l'immobilier durable, moteur du changement \u00e9cologique. Investissez dans des constructions respectueuses de l'environnement.\",\"breadcrumb\":{\"@id\":\"https:\\\/\\\/www.rock-n-data.io\\\/fr\\\/limmobilier-durable-au-coeur-des-enjeux-ecologiques\\\/#breadcrumb\"},\"inLanguage\":\"fr-FR\",\"potentialAction\":[{\"@type\":\"ReadAction\",\"target\":[\"https:\\\/\\\/www.rock-n-data.io\\\/fr\\\/limmobilier-durable-au-coeur-des-enjeux-ecologiques\\\/\"]}]},{\"@type\":\"ImageObject\",\"inLanguage\":\"fr-FR\",\"@id\":\"https:\\\/\\\/www.rock-n-data.io\\\/fr\\\/limmobilier-durable-au-coeur-des-enjeux-ecologiques\\\/#primaryimage\",\"url\":\"https:\\\/\\\/www.rock-n-data.io\\\/wp-content\\\/uploads\\\/2021\\\/03\\\/Capture-de\u0301cran-2021-03-30-a\u0300-21.21.04.png\",\"contentUrl\":\"https:\\\/\\\/www.rock-n-data.io\\\/wp-content\\\/uploads\\\/2021\\\/03\\\/Capture-de\u0301cran-2021-03-30-a\u0300-21.21.04.png\",\"width\":787,\"height\":444},{\"@type\":\"BreadcrumbList\",\"@id\":\"https:\\\/\\\/www.rock-n-data.io\\\/fr\\\/limmobilier-durable-au-coeur-des-enjeux-ecologiques\\\/#breadcrumb\",\"itemListElement\":[{\"@type\":\"ListItem\",\"position\":1,\"name\":\"Home\",\"item\":\"https:\\\/\\\/www.rock-n-data.io\\\/fr\\\/\"},{\"@type\":\"ListItem\",\"position\":2,\"name\":\"L\u2019immobilier durable au c\u0153ur des enjeux \u00e9cologiques\"}]},{\"@type\":\"WebSite\",\"@id\":\"https:\\\/\\\/www.rock-n-data.io\\\/fr\\\/#website\",\"url\":\"https:\\\/\\\/www.rock-n-data.io\\\/fr\\\/\",\"name\":\"Rock &amp; DATA\",\"description\":\"When data meets commercial real estate investment\",\"potentialAction\":[{\"@type\":\"SearchAction\",\"target\":{\"@type\":\"EntryPoint\",\"urlTemplate\":\"https:\\\/\\\/www.rock-n-data.io\\\/fr\\\/?s={search_term_string}\"},\"query-input\":{\"@type\":\"PropertyValueSpecification\",\"valueRequired\":true,\"valueName\":\"search_term_string\"}}],\"inLanguage\":\"fr-FR\"},{\"@type\":\"Person\",\"@id\":\"https:\\\/\\\/www.rock-n-data.io\\\/fr\\\/#\\\/schema\\\/person\\\/9bc10987a0538f4580eb261ee8bb3257\",\"name\":\"Rock &amp; DATA\",\"image\":{\"@type\":\"ImageObject\",\"inLanguage\":\"fr-FR\",\"@id\":\"https:\\\/\\\/secure.gravatar.com\\\/avatar\\\/b94d4fc7b613a57715e272f17d430c39f49617a953e6b09d5da69b3774d096c0?s=96&d=mm&r=g\",\"url\":\"https:\\\/\\\/secure.gravatar.com\\\/avatar\\\/b94d4fc7b613a57715e272f17d430c39f49617a953e6b09d5da69b3774d096c0?s=96&d=mm&r=g\",\"contentUrl\":\"https:\\\/\\\/secure.gravatar.com\\\/avatar\\\/b94d4fc7b613a57715e272f17d430c39f49617a953e6b09d5da69b3774d096c0?s=96&d=mm&r=g\",\"caption\":\"Rock &amp; DATA\"},\"url\":\"https:\\\/\\\/www.rock-n-data.io\\\/fr\\\/author\\\/contact\\\/\"}]}<\/script>\n<!-- \/ Yoast SEO plugin. -->","yoast_head_json":{"title":"L\u2019immobilier durable au c\u0153ur des enjeux \u00e9cologiques","description":"D\u00e9couvrez l'immobilier durable, moteur du changement \u00e9cologique. Investissez dans des constructions respectueuses de l'environnement.","robots":{"index":"index","follow":"follow","max-snippet":"max-snippet:-1","max-image-preview":"max-image-preview:large","max-video-preview":"max-video-preview:-1"},"canonical":"https:\/\/www.rock-n-data.io\/fr\/limmobilier-durable-au-coeur-des-enjeux-ecologiques\/","og_locale":"fr_FR","og_type":"article","og_title":"L\u2019immobilier durable au c\u0153ur des enjeux \u00e9cologiques","og_description":"D\u00e9couvrez l'immobilier durable, moteur du changement \u00e9cologique. Investissez dans des constructions respectueuses de l'environnement.","og_url":"https:\/\/www.rock-n-data.io\/fr\/limmobilier-durable-au-coeur-des-enjeux-ecologiques\/","og_site_name":"Rock &amp; DATA","article_published_time":"2023-05-31T07:26:54+00:00","article_modified_time":"2023-09-19T10:59:28+00:00","og_image":[{"width":787,"height":444,"url":"https:\/\/www.rock-n-data.io\/wp-content\/uploads\/2021\/03\/Capture-de\u0301cran-2021-03-30-a\u0300-21.21.04.png","type":"image\/png"}],"author":"Rock &amp; DATA","twitter_card":"summary_large_image","twitter_misc":{"\u00c9crit par":"Rock &amp; DATA","Dur\u00e9e de lecture estim\u00e9e":"7 minutes"},"schema":{"@context":"https:\/\/schema.org","@graph":[{"@type":"Article","@id":"https:\/\/www.rock-n-data.io\/fr\/limmobilier-durable-au-coeur-des-enjeux-ecologiques\/#article","isPartOf":{"@id":"https:\/\/www.rock-n-data.io\/fr\/limmobilier-durable-au-coeur-des-enjeux-ecologiques\/"},"author":{"name":"Rock &amp; DATA","@id":"https:\/\/www.rock-n-data.io\/fr\/#\/schema\/person\/9bc10987a0538f4580eb261ee8bb3257"},"headline":"L\u2019immobilier durable au c\u0153ur des enjeux \u00e9cologiques","datePublished":"2023-05-31T07:26:54+00:00","dateModified":"2023-09-19T10:59:28+00:00","mainEntityOfPage":{"@id":"https:\/\/www.rock-n-data.io\/fr\/limmobilier-durable-au-coeur-des-enjeux-ecologiques\/"},"wordCount":1519,"image":{"@id":"https:\/\/www.rock-n-data.io\/fr\/limmobilier-durable-au-coeur-des-enjeux-ecologiques\/#primaryimage"},"thumbnailUrl":"https:\/\/www.rock-n-data.io\/wp-content\/uploads\/2021\/03\/Capture-de\u0301cran-2021-03-30-a\u0300-21.21.04.png","keywords":["Etudes de March\u00e9"],"articleSection":["Non classifi\u00e9(e)"],"inLanguage":"fr-FR"},{"@type":"WebPage","@id":"https:\/\/www.rock-n-data.io\/fr\/limmobilier-durable-au-coeur-des-enjeux-ecologiques\/","url":"https:\/\/www.rock-n-data.io\/fr\/limmobilier-durable-au-coeur-des-enjeux-ecologiques\/","name":"L\u2019immobilier durable au c\u0153ur des enjeux \u00e9cologiques","isPartOf":{"@id":"https:\/\/www.rock-n-data.io\/fr\/#website"},"primaryImageOfPage":{"@id":"https:\/\/www.rock-n-data.io\/fr\/limmobilier-durable-au-coeur-des-enjeux-ecologiques\/#primaryimage"},"image":{"@id":"https:\/\/www.rock-n-data.io\/fr\/limmobilier-durable-au-coeur-des-enjeux-ecologiques\/#primaryimage"},"thumbnailUrl":"https:\/\/www.rock-n-data.io\/wp-content\/uploads\/2021\/03\/Capture-de\u0301cran-2021-03-30-a\u0300-21.21.04.png","datePublished":"2023-05-31T07:26:54+00:00","dateModified":"2023-09-19T10:59:28+00:00","author":{"@id":"https:\/\/www.rock-n-data.io\/fr\/#\/schema\/person\/9bc10987a0538f4580eb261ee8bb3257"},"description":"D\u00e9couvrez l'immobilier durable, moteur du changement \u00e9cologique. Investissez dans des constructions respectueuses de l'environnement.","breadcrumb":{"@id":"https:\/\/www.rock-n-data.io\/fr\/limmobilier-durable-au-coeur-des-enjeux-ecologiques\/#breadcrumb"},"inLanguage":"fr-FR","potentialAction":[{"@type":"ReadAction","target":["https:\/\/www.rock-n-data.io\/fr\/limmobilier-durable-au-coeur-des-enjeux-ecologiques\/"]}]},{"@type":"ImageObject","inLanguage":"fr-FR","@id":"https:\/\/www.rock-n-data.io\/fr\/limmobilier-durable-au-coeur-des-enjeux-ecologiques\/#primaryimage","url":"https:\/\/www.rock-n-data.io\/wp-content\/uploads\/2021\/03\/Capture-de\u0301cran-2021-03-30-a\u0300-21.21.04.png","contentUrl":"https:\/\/www.rock-n-data.io\/wp-content\/uploads\/2021\/03\/Capture-de\u0301cran-2021-03-30-a\u0300-21.21.04.png","width":787,"height":444},{"@type":"BreadcrumbList","@id":"https:\/\/www.rock-n-data.io\/fr\/limmobilier-durable-au-coeur-des-enjeux-ecologiques\/#breadcrumb","itemListElement":[{"@type":"ListItem","position":1,"name":"Home","item":"https:\/\/www.rock-n-data.io\/fr\/"},{"@type":"ListItem","position":2,"name":"L\u2019immobilier durable au c\u0153ur des enjeux \u00e9cologiques"}]},{"@type":"WebSite","@id":"https:\/\/www.rock-n-data.io\/fr\/#website","url":"https:\/\/www.rock-n-data.io\/fr\/","name":"Rock &amp; DATA","description":"When data meets commercial real estate investment","potentialAction":[{"@type":"SearchAction","target":{"@type":"EntryPoint","urlTemplate":"https:\/\/www.rock-n-data.io\/fr\/?s={search_term_string}"},"query-input":{"@type":"PropertyValueSpecification","valueRequired":true,"valueName":"search_term_string"}}],"inLanguage":"fr-FR"},{"@type":"Person","@id":"https:\/\/www.rock-n-data.io\/fr\/#\/schema\/person\/9bc10987a0538f4580eb261ee8bb3257","name":"Rock &amp; DATA","image":{"@type":"ImageObject","inLanguage":"fr-FR","@id":"https:\/\/secure.gravatar.com\/avatar\/b94d4fc7b613a57715e272f17d430c39f49617a953e6b09d5da69b3774d096c0?s=96&d=mm&r=g","url":"https:\/\/secure.gravatar.com\/avatar\/b94d4fc7b613a57715e272f17d430c39f49617a953e6b09d5da69b3774d096c0?s=96&d=mm&r=g","contentUrl":"https:\/\/secure.gravatar.com\/avatar\/b94d4fc7b613a57715e272f17d430c39f49617a953e6b09d5da69b3774d096c0?s=96&d=mm&r=g","caption":"Rock &amp; DATA"},"url":"https:\/\/www.rock-n-data.io\/fr\/author\/contact\/"}]}},"_links":{"self":[{"href":"https:\/\/www.rock-n-data.io\/fr\/wp-json\/wp\/v2\/posts\/3209","targetHints":{"allow":["GET"]}}],"collection":[{"href":"https:\/\/www.rock-n-data.io\/fr\/wp-json\/wp\/v2\/posts"}],"about":[{"href":"https:\/\/www.rock-n-data.io\/fr\/wp-json\/wp\/v2\/types\/post"}],"author":[{"embeddable":true,"href":"https:\/\/www.rock-n-data.io\/fr\/wp-json\/wp\/v2\/users\/6"}],"replies":[{"embeddable":true,"href":"https:\/\/www.rock-n-data.io\/fr\/wp-json\/wp\/v2\/comments?post=3209"}],"version-history":[{"count":0,"href":"https:\/\/www.rock-n-data.io\/fr\/wp-json\/wp\/v2\/posts\/3209\/revisions"}],"wp:featuredmedia":[{"embeddable":true,"href":"https:\/\/www.rock-n-data.io\/fr\/wp-json\/wp\/v2\/media\/2892"}],"wp:attachment":[{"href":"https:\/\/www.rock-n-data.io\/fr\/wp-json\/wp\/v2\/media?parent=3209"}],"wp:term":[{"taxonomy":"category","embeddable":true,"href":"https:\/\/www.rock-n-data.io\/fr\/wp-json\/wp\/v2\/categories?post=3209"},{"taxonomy":"post_tag","embeddable":true,"href":"https:\/\/www.rock-n-data.io\/fr\/wp-json\/wp\/v2\/tags?post=3209"}],"curies":[{"name":"wp","href":"https:\/\/api.w.org\/{rel}","templated":true}]}}