{"id":3223,"date":"2021-08-31T12:23:23","date_gmt":"2021-08-31T12:23:23","guid":{"rendered":"https:\/\/www.rock-n-data.io\/?p=3223"},"modified":"2023-06-05T13:36:55","modified_gmt":"2023-06-05T13:36:55","slug":"les-5-plus-importantes-acquisitions-des-scpi-en-france-au-cours-du-2eme-trimestre-2021","status":"publish","type":"post","link":"https:\/\/www.rock-n-data.io\/fr\/les-5-plus-importantes-acquisitions-des-scpi-en-france-au-cours-du-2eme-trimestre-2021\/","title":{"rendered":"Les 5 plus importantes acquisitions des SCPI en France au cours du 2\u00e8me trimestre 2021"},"content":{"rendered":"\n<p>Suite \u00e0 l\u2019analyse compl\u00e8te des bulletins trimestriels des SCPI au 2\u00e8me trimestre 2021, <a href=\"https:\/\/www.rock-n-data.io\/\">Rock-n-Data<\/a> vous communique les 5 meilleurs investissements (en volume) r\u00e9alis\u00e9s par les SCPI de rendement en France.&nbsp;<\/p>\n\n\n\n<p>Durant le deuxi\u00e8me trimestre, la collecte a continu\u00e9 de cro\u00eetre pour atteindre 2 Mds \u20ac affichant un niveau sup\u00e9rieur \u00e0 celui du premier trimestre 2021. Les SCPI se sont montr\u00e9es particuli\u00e8rement actives dans leur strat\u00e9gie d'investissement : elles ont investi plus d\u2019<strong>1,45 Mds \u20ac<\/strong> correspondant \u00e0 pr\u00e8s de <strong>518 000&nbsp; m2<\/strong> de surface. La part des actifs de bureaux a lourdement chut\u00e9 mais reste le 1er choix des investisseurs avec 40 % des investissements qui y sont consacr\u00e9s, suivis par ceux de la sant\u00e9 \u00e0 hauteur de 21 %. Les actifs de commerce cl\u00f4turent le podium avec 15 % du volume d\u2019investissement des SCPI. La part restante a \u00e9t\u00e9 allou\u00e9e aux locaux d\u2019activit\u00e9s, entrep\u00f4ts et logements.<\/p>\n\n\n\n<p>La France a rassembl\u00e9 <strong>53,21%<\/strong> de ces investissements, ce qui signifie <strong>774 M \u20ac<\/strong> et <strong>287 000 m2<\/strong> acquis sur le territoire fran\u00e7ais. Il est int\u00e9ressant de noter que l\u2019Ile-de-France ne capte plus la part majeure de ces investissements, au profit des r\u00e9gions fran\u00e7aises. <\/p>\n\n\n\n<p class=\"has-text-align-center\"><strong><em>Top 5 des acquisitions les plus importantes r\u00e9alis\u00e9es en France au cours du 2T 2021 :<\/em><\/strong><\/p>\n\n\n\n<ul class=\"wp-block-list\">\n<li><strong>H\u00f4tellerie plein air - Camping&nbsp;<\/strong><\/li>\n<\/ul>\n\n\n\n<figure class=\"wp-block-gallery has-nested-images columns-default is-cropped wp-block-gallery-1 is-layout-flex wp-block-gallery-is-layout-flex\">\n<figure class=\"wp-block-image size-large\"><img loading=\"lazy\" decoding=\"async\" width=\"596\" height=\"466\" data-id=\"3228\" src=\"https:\/\/www.rock-n-data.io\/wp-content\/uploads\/2021\/08\/Capture-de\u0301cran-2021-08-31-a\u0300-14.15.52-2.png\" alt=\"\" class=\"wp-image-3228\" srcset=\"https:\/\/www.rock-n-data.io\/wp-content\/uploads\/2021\/08\/Capture-de\u0301cran-2021-08-31-a\u0300-14.15.52-2.png 596w, https:\/\/www.rock-n-data.io\/wp-content\/uploads\/2021\/08\/Capture-de\u0301cran-2021-08-31-a\u0300-14.15.52-2-300x235.png 300w\" sizes=\"auto, (max-width: 596px) 100vw, 596px\" \/><\/figure>\n<\/figure>\n\n\n\n<p>Avec l\u2019acquisition de 4 228 emplacements pour une surface totale locative de 18 132 m2, la soci\u00e9t\u00e9 Atland Voisin (50%) et une autre soci\u00e9t\u00e9 de gestion se sont d\u00e9j\u00e0 assur\u00e9es un revenu locatif r\u00e9gulier en louant ces 4 228 actifs, majoritairement des Mobile Homes, \u00e0 Vacanceselect pour une dur\u00e9e de 12 ans.<\/p>\n\n\n\n<p><meta charset=\"utf-8\">Valeur d\u2019acquisition : 91,7 M\u20ac<\/p>\n\n\n\n<p>Acqu\u00e9reurs : SCPI Epargne Pierre (45%), SCPI MyshareSCPI (5%)&nbsp;<\/p>\n\n\n\n<p class=\"has-text-align-left\"><meta charset=\"utf-8\"><li><strong style=\"font-size: revert; background-color: rgb(255, 255, 255); color: initial; font-family: -apple-system, BlinkMacSystemFont, &quot;Segoe UI&quot;, Roboto, Oxygen-Sans, Ubuntu, Cantarell, &quot;Helvetica Neue&quot;, sans-serif;\">\u201cCarr\u00e9 Plaza\u201c <\/strong><span style=\"font-size: revert; background-color: rgb(255, 255, 255); color: initial; font-family: -apple-system, BlinkMacSystemFont, &quot;Segoe UI&quot;, Roboto, Oxygen-Sans, Ubuntu, Cantarell, &quot;Helvetica Neue&quot;, sans-serif;\">(Bobigny)<\/span><\/li><\/p>\n\n\n\n<figure class=\"wp-block-gallery has-nested-images columns-default is-cropped wp-block-gallery-2 is-layout-flex wp-block-gallery-is-layout-flex\">\n<figure class=\"wp-block-image size-large\"><img loading=\"lazy\" decoding=\"async\" width=\"614\" height=\"398\" data-id=\"3231\" src=\"https:\/\/www.rock-n-data.io\/wp-content\/uploads\/2021\/08\/Capture-de\u0301cran-2021-08-31-a\u0300-14.20.37.png\" alt=\"\" class=\"wp-image-3231\" srcset=\"https:\/\/www.rock-n-data.io\/wp-content\/uploads\/2021\/08\/Capture-de\u0301cran-2021-08-31-a\u0300-14.20.37.png 614w, https:\/\/www.rock-n-data.io\/wp-content\/uploads\/2021\/08\/Capture-de\u0301cran-2021-08-31-a\u0300-14.20.37-300x194.png 300w\" sizes=\"auto, (max-width: 614px) 100vw, 614px\" \/><\/figure>\n<\/figure>\n\n\n\n<p>Actif de bureaux et commerces situ\u00e9 en banlieue parisienne et dot\u00e9 d\u2019une surface de 16 993 m2. Les bureaux sont lou\u00e9s \u00e0 diff\u00e9rents services publics et les 3 commerces au RDC sont lou\u00e9s \u00e0 CIC, Franprix ainsi que France T\u00e9l\u00e9vision.<\/p>\n\n\n\n<p>Valeur d\u2019acquisition : 67,5 M\u20ac<\/p>\n\n\n\n<p>Acqu\u00e9reurs : SCPI Epargne Pierre&nbsp;<\/p>\n\n\n\n<p><meta charset=\"utf-8\"><li><strong style=\"font-size: revert; background-color: rgb(255, 255, 255); color: initial; font-family: -apple-system, BlinkMacSystemFont, &quot;Segoe UI&quot;, Roboto, Oxygen-Sans, Ubuntu, Cantarell, &quot;Helvetica Neue&quot;, sans-serif;\">Bureaux \u201cIceberg\u201d <\/strong><span style=\"font-size: revert; color: initial; font-family: -apple-system, BlinkMacSystemFont, &quot;Segoe UI&quot;, Roboto, Oxygen-Sans, Ubuntu, Cantarell, &quot;Helvetica Neue&quot;, sans-serif;\">(Lyon)<\/span><\/li><\/p>\n\n\n\n<figure class=\"wp-block-gallery has-nested-images columns-default is-cropped wp-block-gallery-3 is-layout-flex wp-block-gallery-is-layout-flex\">\n<figure class=\"wp-block-image size-large\"><img loading=\"lazy\" decoding=\"async\" width=\"692\" height=\"474\" data-id=\"3233\" src=\"https:\/\/www.rock-n-data.io\/wp-content\/uploads\/2021\/08\/Capture-de\u0301cran-2021-08-31-a\u0300-14.20.44.png\" alt=\"\" class=\"wp-image-3233\" srcset=\"https:\/\/www.rock-n-data.io\/wp-content\/uploads\/2021\/08\/Capture-de\u0301cran-2021-08-31-a\u0300-14.20.44.png 692w, https:\/\/www.rock-n-data.io\/wp-content\/uploads\/2021\/08\/Capture-de\u0301cran-2021-08-31-a\u0300-14.20.44-300x205.png 300w\" sizes=\"auto, (max-width: 692px) 100vw, 692px\" \/><\/figure>\n<\/figure>\n\n\n\n<p>Au c\u0153ur du quartier des affaires Lyonnais, ce b\u00e2timent a \u00e9t\u00e9 livr\u00e9 en 2019 tout en conservant un ensemble patrimonial de la fin du 19\u00e8me si\u00e8cle. Le journal lyonnais lui a d\u00e9cern\u00e9 le troph\u00e9e du b\u00e2timent et de l'immobilier. Aussi, les bureaux ont \u00e9t\u00e9 certifi\u00e9 BREEAM \u201cExcellent\u201d<\/p>\n\n\n\n<p>Prix d\u2019acquisition : 51,6 M\u20ac<\/p>\n\n\n\n<p>Acqu\u00e9reurs : SCPI Atout Pierre Diversification (50%) et SCPI Immo Evolutif (50%)<\/p>\n\n\n\n<p><meta charset=\"utf-8\"><li><strong style=\"font-size: revert; background-color: rgb(255, 255, 255); color: initial; font-family: -apple-system, BlinkMacSystemFont, &quot;Segoe UI&quot;, Roboto, Oxygen-Sans, Ubuntu, Cantarell, &quot;Helvetica Neue&quot;, sans-serif;\">Bureaux et commerces <\/strong><span style=\"font-size: revert; color: initial; font-family: -apple-system, BlinkMacSystemFont, &quot;Segoe UI&quot;, Roboto, Oxygen-Sans, Ubuntu, Cantarell, &quot;Helvetica Neue&quot;, sans-serif;\">(Lyon)<\/span><\/li><\/p>\n\n\n\n<figure class=\"wp-block-gallery has-nested-images columns-default is-cropped wp-block-gallery-4 is-layout-flex wp-block-gallery-is-layout-flex\">\n<figure class=\"wp-block-image size-large\"><img loading=\"lazy\" decoding=\"async\" width=\"556\" height=\"522\" data-id=\"3235\" src=\"https:\/\/www.rock-n-data.io\/wp-content\/uploads\/2021\/08\/Capture-de\u0301cran-2021-08-31-a\u0300-14.20.54.png\" alt=\"\" class=\"wp-image-3235\" srcset=\"https:\/\/www.rock-n-data.io\/wp-content\/uploads\/2021\/08\/Capture-de\u0301cran-2021-08-31-a\u0300-14.20.54.png 556w, https:\/\/www.rock-n-data.io\/wp-content\/uploads\/2021\/08\/Capture-de\u0301cran-2021-08-31-a\u0300-14.20.54-300x282.png 300w\" sizes=\"auto, (max-width: 556px) 100vw, 556px\" \/><\/figure>\n<\/figure>\n\n\n\n<p>Immeuble de style haussmannien \u00e0 usage mixte de commerces et de bureaux sur l'avenue de la R\u00e9publique, principale art\u00e8re commer\u00e7ante au c\u0153ur de la Presqu'\u00eele, \u00e0 200m de la place Bellecour, L'immeuble de 3 903 m\u00b2 accueille au rez de chauss\u00e9e et au premier \u00e9tage l'enseigne Etam et la Ville de Lyon dans la partie bureaux en \u00e9tage.<\/p>\n\n\n\n<p>Prix d\u2019acquisition : 36,3 M\u20ac<\/p>\n\n\n\n<p>Acqu\u00e9reur : SCPI Immorente&nbsp;<\/p>\n\n\n\n<p><meta charset=\"utf-8\"><li><strong style=\"font-size: revert; background-color: rgb(255, 255, 255); color: initial; font-family: -apple-system, BlinkMacSystemFont, &quot;Segoe UI&quot;, Roboto, Oxygen-Sans, Ubuntu, Cantarell, &quot;Helvetica Neue&quot;, sans-serif;\">Bureaux<\/strong><span style=\"font-size: revert; color: initial; font-family: -apple-system, BlinkMacSystemFont, &quot;Segoe UI&quot;, Roboto, Oxygen-Sans, Ubuntu, Cantarell, &quot;Helvetica Neue&quot;, sans-serif;\"> (Cergy)\u00a0<\/span><\/li><\/p>\n\n\n\n<figure class=\"wp-block-gallery has-nested-images columns-default is-cropped wp-block-gallery-5 is-layout-flex wp-block-gallery-is-layout-flex\">\n<figure class=\"wp-block-image size-large\"><img loading=\"lazy\" decoding=\"async\" width=\"716\" height=\"540\" data-id=\"3237\" src=\"https:\/\/www.rock-n-data.io\/wp-content\/uploads\/2021\/08\/Capture-de\u0301cran-2021-08-31-a\u0300-14.21.03.png\" alt=\"\" class=\"wp-image-3237\" srcset=\"https:\/\/www.rock-n-data.io\/wp-content\/uploads\/2021\/08\/Capture-de\u0301cran-2021-08-31-a\u0300-14.21.03.png 716w, https:\/\/www.rock-n-data.io\/wp-content\/uploads\/2021\/08\/Capture-de\u0301cran-2021-08-31-a\u0300-14.21.03-300x226.png 300w\" sizes=\"auto, (max-width: 716px) 100vw, 716px\" \/><\/figure>\n<\/figure>\n\n\n\n<p>Situ\u00e9 \u00e0 proximit\u00e9 imm\u00e9diate du RER A et de la mairie de Cergy, l\u2019immeuble d\u00e9veloppe une superficie d\u2019environ 18 000 m\u00b2 et offre de belles prestations pour son locataire, Valeo Siemens Automotive.<\/p>\n\n\n\n<p>Prix d\u2019acquisition : 35,1 M\u20ac&nbsp;<\/p>\n\n\n\n<p>Acqu\u00e9reurs : SCPI Neo&nbsp;<\/p>\n\n\n\n<p><strong>Vous pouvez retrouver toutes les acquisitions r\u00e9alis\u00e9es par les SCPI de rendement sur notre compte Rock-n-Data.<\/strong><\/p>\n","protected":false},"excerpt":{"rendered":"<p>Suite \u00e0 l\u2019analyse compl\u00e8te des bulletins trimestriels des SCPI au 2\u00e8me trimestre 2021 ...<\/p>\n","protected":false},"author":6,"featured_media":2954,"comment_status":"closed","ping_status":"closed","sticky":false,"template":"","format":"standard","meta":{"_acf_changed":false,"inline_featured_image":false,"footnotes":""},"categories":[2],"tags":[13,11,48],"class_list":["post-3223","post","type-post","status-publish","format-standard","has-post-thumbnail","hentry","category-non-classifiee","tag-etudes-de-marche","tag-immobilier-commercial","tag-les-tops","post-wrapper"],"acf":[],"yoast_head":"<!-- This site is optimized with the Yoast SEO plugin v27.5 - https:\/\/yoast.com\/product\/yoast-seo-wordpress\/ -->\n<title>Les 5 plus importantes acquisitions des SCPI en France au cours du 2\u00e8me trimestre 2021<\/title>\n<meta name=\"description\" content=\"D\u00e9couvrez les 5 acquisitions majeures des SCPI en France au T2 2021, marquant leur expansion et investissements strat\u00e9giques.\" \/>\n<meta name=\"robots\" content=\"index, follow, max-snippet:-1, max-image-preview:large, max-video-preview:-1\" \/>\n<link rel=\"canonical\" href=\"https:\/\/www.rock-n-data.io\/fr\/les-5-plus-importantes-acquisitions-des-scpi-en-france-au-cours-du-2eme-trimestre-2021\/\" \/>\n<meta property=\"og:locale\" content=\"fr_FR\" \/>\n<meta property=\"og:type\" content=\"article\" \/>\n<meta property=\"og:title\" content=\"Les 5 plus importantes acquisitions des SCPI en France au cours du 2\u00e8me trimestre 2021\" \/>\n<meta property=\"og:description\" content=\"D\u00e9couvrez les 5 acquisitions majeures des SCPI en France au T2 2021, marquant leur expansion et investissements strat\u00e9giques.\" \/>\n<meta property=\"og:url\" content=\"https:\/\/www.rock-n-data.io\/fr\/les-5-plus-importantes-acquisitions-des-scpi-en-france-au-cours-du-2eme-trimestre-2021\/\" \/>\n<meta property=\"og:site_name\" content=\"Rock &amp; DATA\" \/>\n<meta property=\"article:published_time\" content=\"2021-08-31T12:23:23+00:00\" \/>\n<meta property=\"article:modified_time\" content=\"2023-06-05T13:36:55+00:00\" \/>\n<meta property=\"og:image\" content=\"https:\/\/www.rock-n-data.io\/wp-content\/uploads\/2021\/04\/earth-1149733_1920.jpg\" \/>\n\t<meta property=\"og:image:width\" content=\"1920\" \/>\n\t<meta property=\"og:image:height\" content=\"1277\" \/>\n\t<meta property=\"og:image:type\" content=\"image\/jpeg\" \/>\n<meta name=\"author\" content=\"Rock &amp; DATA\" \/>\n<meta name=\"twitter:card\" content=\"summary_large_image\" \/>\n<meta name=\"twitter:label1\" content=\"\u00c9crit par\" \/>\n\t<meta name=\"twitter:data1\" content=\"Rock &amp; DATA\" \/>\n\t<meta name=\"twitter:label2\" content=\"Dur\u00e9e de lecture estim\u00e9e\" \/>\n\t<meta name=\"twitter:data2\" content=\"4 minutes\" \/>\n<script type=\"application\/ld+json\" class=\"yoast-schema-graph\">{\"@context\":\"https:\\\/\\\/schema.org\",\"@graph\":[{\"@type\":\"Article\",\"@id\":\"https:\\\/\\\/www.rock-n-data.io\\\/fr\\\/les-5-plus-importantes-acquisitions-des-scpi-en-france-au-cours-du-2eme-trimestre-2021\\\/#article\",\"isPartOf\":{\"@id\":\"https:\\\/\\\/www.rock-n-data.io\\\/fr\\\/les-5-plus-importantes-acquisitions-des-scpi-en-france-au-cours-du-2eme-trimestre-2021\\\/\"},\"author\":{\"name\":\"Rock &amp; DATA\",\"@id\":\"https:\\\/\\\/www.rock-n-data.io\\\/fr\\\/#\\\/schema\\\/person\\\/9bc10987a0538f4580eb261ee8bb3257\"},\"headline\":\"Les 5 plus importantes acquisitions des SCPI en France au cours du 2\u00e8me trimestre 2021\",\"datePublished\":\"2021-08-31T12:23:23+00:00\",\"dateModified\":\"2023-06-05T13:36:55+00:00\",\"mainEntityOfPage\":{\"@id\":\"https:\\\/\\\/www.rock-n-data.io\\\/fr\\\/les-5-plus-importantes-acquisitions-des-scpi-en-france-au-cours-du-2eme-trimestre-2021\\\/\"},\"wordCount\":552,\"image\":{\"@id\":\"https:\\\/\\\/www.rock-n-data.io\\\/fr\\\/les-5-plus-importantes-acquisitions-des-scpi-en-france-au-cours-du-2eme-trimestre-2021\\\/#primaryimage\"},\"thumbnailUrl\":\"https:\\\/\\\/www.rock-n-data.io\\\/wp-content\\\/uploads\\\/2021\\\/04\\\/earth-1149733_1920.jpg\",\"keywords\":[\"Etudes de March\u00e9\",\"Immobilier Commercial\",\"Les Tops\"],\"articleSection\":[\"Non classifi\u00e9(e)\"],\"inLanguage\":\"fr-FR\"},{\"@type\":\"WebPage\",\"@id\":\"https:\\\/\\\/www.rock-n-data.io\\\/fr\\\/les-5-plus-importantes-acquisitions-des-scpi-en-france-au-cours-du-2eme-trimestre-2021\\\/\",\"url\":\"https:\\\/\\\/www.rock-n-data.io\\\/fr\\\/les-5-plus-importantes-acquisitions-des-scpi-en-france-au-cours-du-2eme-trimestre-2021\\\/\",\"name\":\"Les 5 plus importantes acquisitions des SCPI en France au cours du 2\u00e8me trimestre 2021\",\"isPartOf\":{\"@id\":\"https:\\\/\\\/www.rock-n-data.io\\\/fr\\\/#website\"},\"primaryImageOfPage\":{\"@id\":\"https:\\\/\\\/www.rock-n-data.io\\\/fr\\\/les-5-plus-importantes-acquisitions-des-scpi-en-france-au-cours-du-2eme-trimestre-2021\\\/#primaryimage\"},\"image\":{\"@id\":\"https:\\\/\\\/www.rock-n-data.io\\\/fr\\\/les-5-plus-importantes-acquisitions-des-scpi-en-france-au-cours-du-2eme-trimestre-2021\\\/#primaryimage\"},\"thumbnailUrl\":\"https:\\\/\\\/www.rock-n-data.io\\\/wp-content\\\/uploads\\\/2021\\\/04\\\/earth-1149733_1920.jpg\",\"datePublished\":\"2021-08-31T12:23:23+00:00\",\"dateModified\":\"2023-06-05T13:36:55+00:00\",\"author\":{\"@id\":\"https:\\\/\\\/www.rock-n-data.io\\\/fr\\\/#\\\/schema\\\/person\\\/9bc10987a0538f4580eb261ee8bb3257\"},\"description\":\"D\u00e9couvrez les 5 acquisitions majeures des SCPI en France au T2 2021, marquant leur expansion et investissements strat\u00e9giques.\",\"breadcrumb\":{\"@id\":\"https:\\\/\\\/www.rock-n-data.io\\\/fr\\\/les-5-plus-importantes-acquisitions-des-scpi-en-france-au-cours-du-2eme-trimestre-2021\\\/#breadcrumb\"},\"inLanguage\":\"fr-FR\",\"potentialAction\":[{\"@type\":\"ReadAction\",\"target\":[\"https:\\\/\\\/www.rock-n-data.io\\\/fr\\\/les-5-plus-importantes-acquisitions-des-scpi-en-france-au-cours-du-2eme-trimestre-2021\\\/\"]}]},{\"@type\":\"ImageObject\",\"inLanguage\":\"fr-FR\",\"@id\":\"https:\\\/\\\/www.rock-n-data.io\\\/fr\\\/les-5-plus-importantes-acquisitions-des-scpi-en-france-au-cours-du-2eme-trimestre-2021\\\/#primaryimage\",\"url\":\"https:\\\/\\\/www.rock-n-data.io\\\/wp-content\\\/uploads\\\/2021\\\/04\\\/earth-1149733_1920.jpg\",\"contentUrl\":\"https:\\\/\\\/www.rock-n-data.io\\\/wp-content\\\/uploads\\\/2021\\\/04\\\/earth-1149733_1920.jpg\",\"width\":1920,\"height\":1277},{\"@type\":\"BreadcrumbList\",\"@id\":\"https:\\\/\\\/www.rock-n-data.io\\\/fr\\\/les-5-plus-importantes-acquisitions-des-scpi-en-france-au-cours-du-2eme-trimestre-2021\\\/#breadcrumb\",\"itemListElement\":[{\"@type\":\"ListItem\",\"position\":1,\"name\":\"Home\",\"item\":\"https:\\\/\\\/www.rock-n-data.io\\\/fr\\\/\"},{\"@type\":\"ListItem\",\"position\":2,\"name\":\"Les 5 plus importantes acquisitions des SCPI en France au cours du 2\u00e8me trimestre 2021\"}]},{\"@type\":\"WebSite\",\"@id\":\"https:\\\/\\\/www.rock-n-data.io\\\/fr\\\/#website\",\"url\":\"https:\\\/\\\/www.rock-n-data.io\\\/fr\\\/\",\"name\":\"Rock &amp; DATA\",\"description\":\"When data meets commercial real estate investment\",\"potentialAction\":[{\"@type\":\"SearchAction\",\"target\":{\"@type\":\"EntryPoint\",\"urlTemplate\":\"https:\\\/\\\/www.rock-n-data.io\\\/fr\\\/?s={search_term_string}\"},\"query-input\":{\"@type\":\"PropertyValueSpecification\",\"valueRequired\":true,\"valueName\":\"search_term_string\"}}],\"inLanguage\":\"fr-FR\"},{\"@type\":\"Person\",\"@id\":\"https:\\\/\\\/www.rock-n-data.io\\\/fr\\\/#\\\/schema\\\/person\\\/9bc10987a0538f4580eb261ee8bb3257\",\"name\":\"Rock &amp; DATA\",\"image\":{\"@type\":\"ImageObject\",\"inLanguage\":\"fr-FR\",\"@id\":\"https:\\\/\\\/secure.gravatar.com\\\/avatar\\\/b94d4fc7b613a57715e272f17d430c39f49617a953e6b09d5da69b3774d096c0?s=96&d=mm&r=g\",\"url\":\"https:\\\/\\\/secure.gravatar.com\\\/avatar\\\/b94d4fc7b613a57715e272f17d430c39f49617a953e6b09d5da69b3774d096c0?s=96&d=mm&r=g\",\"contentUrl\":\"https:\\\/\\\/secure.gravatar.com\\\/avatar\\\/b94d4fc7b613a57715e272f17d430c39f49617a953e6b09d5da69b3774d096c0?s=96&d=mm&r=g\",\"caption\":\"Rock &amp; DATA\"},\"url\":\"https:\\\/\\\/www.rock-n-data.io\\\/fr\\\/author\\\/contact\\\/\"}]}<\/script>\n<!-- \/ Yoast SEO plugin. -->","yoast_head_json":{"title":"Les 5 plus importantes acquisitions des SCPI en France au cours du 2\u00e8me trimestre 2021","description":"D\u00e9couvrez les 5 acquisitions majeures des SCPI en France au T2 2021, marquant leur expansion et investissements strat\u00e9giques.","robots":{"index":"index","follow":"follow","max-snippet":"max-snippet:-1","max-image-preview":"max-image-preview:large","max-video-preview":"max-video-preview:-1"},"canonical":"https:\/\/www.rock-n-data.io\/fr\/les-5-plus-importantes-acquisitions-des-scpi-en-france-au-cours-du-2eme-trimestre-2021\/","og_locale":"fr_FR","og_type":"article","og_title":"Les 5 plus importantes acquisitions des SCPI en France au cours du 2\u00e8me trimestre 2021","og_description":"D\u00e9couvrez les 5 acquisitions majeures des SCPI en France au T2 2021, marquant leur expansion et investissements strat\u00e9giques.","og_url":"https:\/\/www.rock-n-data.io\/fr\/les-5-plus-importantes-acquisitions-des-scpi-en-france-au-cours-du-2eme-trimestre-2021\/","og_site_name":"Rock &amp; DATA","article_published_time":"2021-08-31T12:23:23+00:00","article_modified_time":"2023-06-05T13:36:55+00:00","og_image":[{"width":1920,"height":1277,"url":"https:\/\/www.rock-n-data.io\/wp-content\/uploads\/2021\/04\/earth-1149733_1920.jpg","type":"image\/jpeg"}],"author":"Rock &amp; DATA","twitter_card":"summary_large_image","twitter_misc":{"\u00c9crit par":"Rock &amp; DATA","Dur\u00e9e de lecture estim\u00e9e":"4 minutes"},"schema":{"@context":"https:\/\/schema.org","@graph":[{"@type":"Article","@id":"https:\/\/www.rock-n-data.io\/fr\/les-5-plus-importantes-acquisitions-des-scpi-en-france-au-cours-du-2eme-trimestre-2021\/#article","isPartOf":{"@id":"https:\/\/www.rock-n-data.io\/fr\/les-5-plus-importantes-acquisitions-des-scpi-en-france-au-cours-du-2eme-trimestre-2021\/"},"author":{"name":"Rock &amp; DATA","@id":"https:\/\/www.rock-n-data.io\/fr\/#\/schema\/person\/9bc10987a0538f4580eb261ee8bb3257"},"headline":"Les 5 plus importantes acquisitions des SCPI en France au cours du 2\u00e8me trimestre 2021","datePublished":"2021-08-31T12:23:23+00:00","dateModified":"2023-06-05T13:36:55+00:00","mainEntityOfPage":{"@id":"https:\/\/www.rock-n-data.io\/fr\/les-5-plus-importantes-acquisitions-des-scpi-en-france-au-cours-du-2eme-trimestre-2021\/"},"wordCount":552,"image":{"@id":"https:\/\/www.rock-n-data.io\/fr\/les-5-plus-importantes-acquisitions-des-scpi-en-france-au-cours-du-2eme-trimestre-2021\/#primaryimage"},"thumbnailUrl":"https:\/\/www.rock-n-data.io\/wp-content\/uploads\/2021\/04\/earth-1149733_1920.jpg","keywords":["Etudes de March\u00e9","Immobilier Commercial","Les Tops"],"articleSection":["Non classifi\u00e9(e)"],"inLanguage":"fr-FR"},{"@type":"WebPage","@id":"https:\/\/www.rock-n-data.io\/fr\/les-5-plus-importantes-acquisitions-des-scpi-en-france-au-cours-du-2eme-trimestre-2021\/","url":"https:\/\/www.rock-n-data.io\/fr\/les-5-plus-importantes-acquisitions-des-scpi-en-france-au-cours-du-2eme-trimestre-2021\/","name":"Les 5 plus importantes acquisitions des SCPI en France au cours du 2\u00e8me trimestre 2021","isPartOf":{"@id":"https:\/\/www.rock-n-data.io\/fr\/#website"},"primaryImageOfPage":{"@id":"https:\/\/www.rock-n-data.io\/fr\/les-5-plus-importantes-acquisitions-des-scpi-en-france-au-cours-du-2eme-trimestre-2021\/#primaryimage"},"image":{"@id":"https:\/\/www.rock-n-data.io\/fr\/les-5-plus-importantes-acquisitions-des-scpi-en-france-au-cours-du-2eme-trimestre-2021\/#primaryimage"},"thumbnailUrl":"https:\/\/www.rock-n-data.io\/wp-content\/uploads\/2021\/04\/earth-1149733_1920.jpg","datePublished":"2021-08-31T12:23:23+00:00","dateModified":"2023-06-05T13:36:55+00:00","author":{"@id":"https:\/\/www.rock-n-data.io\/fr\/#\/schema\/person\/9bc10987a0538f4580eb261ee8bb3257"},"description":"D\u00e9couvrez les 5 acquisitions majeures des SCPI en France au T2 2021, marquant leur expansion et investissements strat\u00e9giques.","breadcrumb":{"@id":"https:\/\/www.rock-n-data.io\/fr\/les-5-plus-importantes-acquisitions-des-scpi-en-france-au-cours-du-2eme-trimestre-2021\/#breadcrumb"},"inLanguage":"fr-FR","potentialAction":[{"@type":"ReadAction","target":["https:\/\/www.rock-n-data.io\/fr\/les-5-plus-importantes-acquisitions-des-scpi-en-france-au-cours-du-2eme-trimestre-2021\/"]}]},{"@type":"ImageObject","inLanguage":"fr-FR","@id":"https:\/\/www.rock-n-data.io\/fr\/les-5-plus-importantes-acquisitions-des-scpi-en-france-au-cours-du-2eme-trimestre-2021\/#primaryimage","url":"https:\/\/www.rock-n-data.io\/wp-content\/uploads\/2021\/04\/earth-1149733_1920.jpg","contentUrl":"https:\/\/www.rock-n-data.io\/wp-content\/uploads\/2021\/04\/earth-1149733_1920.jpg","width":1920,"height":1277},{"@type":"BreadcrumbList","@id":"https:\/\/www.rock-n-data.io\/fr\/les-5-plus-importantes-acquisitions-des-scpi-en-france-au-cours-du-2eme-trimestre-2021\/#breadcrumb","itemListElement":[{"@type":"ListItem","position":1,"name":"Home","item":"https:\/\/www.rock-n-data.io\/fr\/"},{"@type":"ListItem","position":2,"name":"Les 5 plus importantes acquisitions des SCPI en France au cours du 2\u00e8me trimestre 2021"}]},{"@type":"WebSite","@id":"https:\/\/www.rock-n-data.io\/fr\/#website","url":"https:\/\/www.rock-n-data.io\/fr\/","name":"Rock &amp; DATA","description":"When data meets commercial real estate investment","potentialAction":[{"@type":"SearchAction","target":{"@type":"EntryPoint","urlTemplate":"https:\/\/www.rock-n-data.io\/fr\/?s={search_term_string}"},"query-input":{"@type":"PropertyValueSpecification","valueRequired":true,"valueName":"search_term_string"}}],"inLanguage":"fr-FR"},{"@type":"Person","@id":"https:\/\/www.rock-n-data.io\/fr\/#\/schema\/person\/9bc10987a0538f4580eb261ee8bb3257","name":"Rock &amp; DATA","image":{"@type":"ImageObject","inLanguage":"fr-FR","@id":"https:\/\/secure.gravatar.com\/avatar\/b94d4fc7b613a57715e272f17d430c39f49617a953e6b09d5da69b3774d096c0?s=96&d=mm&r=g","url":"https:\/\/secure.gravatar.com\/avatar\/b94d4fc7b613a57715e272f17d430c39f49617a953e6b09d5da69b3774d096c0?s=96&d=mm&r=g","contentUrl":"https:\/\/secure.gravatar.com\/avatar\/b94d4fc7b613a57715e272f17d430c39f49617a953e6b09d5da69b3774d096c0?s=96&d=mm&r=g","caption":"Rock &amp; DATA"},"url":"https:\/\/www.rock-n-data.io\/fr\/author\/contact\/"}]}},"_links":{"self":[{"href":"https:\/\/www.rock-n-data.io\/fr\/wp-json\/wp\/v2\/posts\/3223","targetHints":{"allow":["GET"]}}],"collection":[{"href":"https:\/\/www.rock-n-data.io\/fr\/wp-json\/wp\/v2\/posts"}],"about":[{"href":"https:\/\/www.rock-n-data.io\/fr\/wp-json\/wp\/v2\/types\/post"}],"author":[{"embeddable":true,"href":"https:\/\/www.rock-n-data.io\/fr\/wp-json\/wp\/v2\/users\/6"}],"replies":[{"embeddable":true,"href":"https:\/\/www.rock-n-data.io\/fr\/wp-json\/wp\/v2\/comments?post=3223"}],"version-history":[{"count":0,"href":"https:\/\/www.rock-n-data.io\/fr\/wp-json\/wp\/v2\/posts\/3223\/revisions"}],"wp:featuredmedia":[{"embeddable":true,"href":"https:\/\/www.rock-n-data.io\/fr\/wp-json\/wp\/v2\/media\/2954"}],"wp:attachment":[{"href":"https:\/\/www.rock-n-data.io\/fr\/wp-json\/wp\/v2\/media?parent=3223"}],"wp:term":[{"taxonomy":"category","embeddable":true,"href":"https:\/\/www.rock-n-data.io\/fr\/wp-json\/wp\/v2\/categories?post=3223"},{"taxonomy":"post_tag","embeddable":true,"href":"https:\/\/www.rock-n-data.io\/fr\/wp-json\/wp\/v2\/tags?post=3223"}],"curies":[{"name":"wp","href":"https:\/\/api.w.org\/{rel}","templated":true}]}}