{"id":3464,"date":"2022-04-21T09:45:11","date_gmt":"2022-04-21T09:45:11","guid":{"rendered":"https:\/\/www.rock-n-data.io\/?p=3464"},"modified":"2023-06-06T11:23:45","modified_gmt":"2023-06-06T11:23:45","slug":"logement-et-presidentielle-que-proposent-macron-et-le-pen","status":"publish","type":"post","link":"https:\/\/www.rock-n-data.io\/fr\/logement-et-presidentielle-que-proposent-macron-et-le-pen\/","title":{"rendered":"Logement et pr\u00e9sidentielle : que proposent Marine Le Pen et Emmanuel Macron ?"},"content":{"rendered":"\n<p>\u00c0 l\u2019heure o\u00f9 les d\u00e9fis structurels sont de plus en plus nombreux, celui de construire des logements parfaitement adapt\u00e9s aux enjeux actuels est l\u2019une des priorit\u00e9s d\u2019aujourd\u2019hui. Ces logements sont au c\u0153ur de nos moments de vie et m\u00e9ritent d\u2019\u00eatre l\u2019un des sujets centraux du futur quinquennat tant l\u2019am\u00e9nagement de nos territoires est important pour notre environnement futur. V\u00e9ritable pr\u00e9occupation des fran\u00e7ais et premier poste de d\u00e9penses, voici ce que les deux finalistes \u00e0 la pr\u00e9sidentielle proposent en mati\u00e8re de logements.<\/p>\n\n\n\n<p><\/p>\n\n\n\n<h2 class=\"wp-block-heading\"><strong>Macron et Le Pen souhaitent faciliter l\u2019acc\u00e8s au logement<\/strong><\/h2>\n\n\n\n<p>Le pr\u00e9sident sortant Emmanuel Macron concentre son discours autour de deux axes :<\/p>\n\n\n\n<ul class=\"wp-block-list\">\n<li>faciliter l\u2019acc\u00e8s au logement<\/li>\n\n\n\n<li>rendre le logement adapt\u00e9 aux enjeux \u00e9cologiques<\/li>\n<\/ul>\n\n\n\n<p>Pour ce premier point, il compte construire davantage de logements dans les zones tendues. Il souhaite \u00e9galement profiter des nouvelles alternatives comme la r\u00e9versibilit\u00e9 des immeubles obsol\u00e8tes de bureaux en logements.<\/p>\n\n\n\n<p><\/p>\n\n\n\n<p class=\"has-text-align-center\"><img loading=\"lazy\" decoding=\"async\" width=\"656\" height=\"471\" src=\"https:\/\/lh4.googleusercontent.com\/c_HcQUX5gDQ6XfaHG0SnKIktB1yTbosZn6vMCXPGFnpRWxwCk4W3Q_H_oZhF8lULTZygFjNEx9--FAmtbNrrDKFx2sf81DaTfyBTrFV2fUBleQkT8sXwZGZ32zV-ZgCzz2kEzSuo\"><\/p>\n\n\n\n<p><\/p>\n\n\n\n<p>Faciliter l\u2019acc\u00e8s aux logements, c\u2019est aussi construire 80 000 logements pour les jeunes : 60 000 pour les \u00e9tudiants et 20 000 pour les jeunes actifs. Il souhaite \u00e9galement renforcer le parc social des \u201clogements jeunes\u201d avec un objectif de 30 000 logements suppl\u00e9mentaires. Ils seront accessibles sans d\u00e9p\u00f4t de garantie, sans demande de caution et pour un bail non renouvelable.&nbsp;<\/p>\n\n\n\n<p>De son c\u00f4t\u00e9, Marine Le Pen, pr\u00e9sidente du Rassemblement National, souhaite favoriser l\u2019acc\u00e8s \u00e0 la propri\u00e9t\u00e9 et au logement des Fran\u00e7ais en construisant 100 000 logements sociaux par an dont 20 000 en faveur des \u00e9tudiants et jeunes travailleurs.&nbsp;<\/p>\n\n\n\n<p>Elle propose de lancer un plan de r\u00e9habilitation de l\u2019habitat ancien gr\u00e2ce \u00e0 des aides efficaces&nbsp;et de cr\u00e9er un Fonds de Garantie des Loyers pour prot\u00e9ger les propri\u00e9taires. Emmanuel Macron propose d\u2019\u00e9tendre la caution publique pour les locataires afin de faciliter l\u2019acc\u00e8s au logement tout en sanctionnant les mauvais payeurs.<\/p>\n\n\n\n<p>Marine Le Pen souhaite rendre les pr\u00eats immobiliers portables d\u2019un bien \u00e0 un autre, c\u2019est-\u00e0-dire que les propri\u00e9taires-vendeurs avec un cr\u00e9dit en cours pourraient transf\u00e9rer cet emprunt \u00e0 l\u2019acheteur. Elle propose aussi un pr\u00eat de l\u2019Etat de 100 000\u20ac \u00e0 taux z\u00e9ro pour l\u2019acc\u00e8s \u00e0 la propri\u00e9t\u00e9, pr\u00eat qui ne sera plus rembours\u00e9 \u00e0 partir du troisi\u00e8me enfant.<\/p>\n\n\n\n<p><\/p>\n\n\n\n<h2 class=\"wp-block-heading\"><strong>Marine Le Pen pour la suppression de l\u2019imp\u00f4t sur la fortune immobili\u00e8re<\/strong><\/h2>\n\n\n\n<p>Du point de vue fiscalit\u00e9, Marine Le Pen sugg\u00e8re la suppression de l\u2019imp\u00f4t sur la fortune immobili\u00e8re (IFI) pour la remplacer par l\u2019imp\u00f4t sur la fortune financi\u00e8re (IFF) afin de taxer la sp\u00e9culation.<\/p>\n\n\n\n<p>Une des mesures phares de son programme concerne aussi l\u2019exon\u00e9ration d'imp\u00f4t sur le revenu pour les moins de 30 ans. Cela pourrait permettre de limiter l\u2019exode des jeunes vers l\u2019\u00e9tranger et de retenir leurs investissements en France. Nous ne savons pas encore si cette mesure s\u2019\u00e9tendra aux revenus fonciers.<\/p>\n\n\n\n<p>D\u2019un point de vue succession, elle souhaite cr\u00e9er une exon\u00e9ration pour les biens immobiliers \u00e0 hauteur de 300 000 euros.<\/p>\n\n\n\n<h2 class=\"wp-block-heading\"><strong>Emmanuel Macron souhaite adapter les logements au grand \u00e2ge<\/strong><\/h2>\n\n\n\n<p>Les d\u00e9fis structurels en mati\u00e8re de logement tournent aussi autour de la silver \u00e9conomie. Le scandale Orp\u00e9a a d\u00e9montr\u00e9 \u00e0 quel point la situation pouvait parfois \u00eatre particuli\u00e8rement pr\u00e9occupante dans certains Ehpads. Emmanuel Macron propose de cr\u00e9er un dispositif \u201c<strong>Ma prime Adapt<\/strong>\u201d pour rendre les logements parfaitement adapt\u00e9s aux besoins des s\u00e9niors en assurant ainsi leur confort. Les fran\u00e7ais sont nombreux \u00e0 vouloir vieillir dans leur domicile et il est donc important qu\u2019ils puissent le faire dans les meilleures conditions possibles. Il ambitionne l\u2019adaptation de 70 000 logements par an pour un montant global de 400 millions d\u2019euros.<\/p>\n\n\n\n<p class=\"has-text-align-center\"><img loading=\"lazy\" decoding=\"async\" width=\"611\" height=\"407\" src=\"https:\/\/lh4.googleusercontent.com\/13RplBp5PrPzZOSmJOczt2ZPMrUNbaeYvZCAnMlT6Ns4WDSmBlzfOogkUmadAGiFSyPkavG86XslhnE4x05E2PZHbNvJVJg8RPy3ztH3aFcga0bss5dic5gEHFpOM9zerfknukKo\"><\/p>\n\n\n\n<h2 class=\"wp-block-heading\"><strong>Quid de la transition \u00e9nerg\u00e9tique ?<\/strong><\/h2>\n\n\n\n<p>En mati\u00e8re \u00e9nerg\u00e9tique, le pr\u00e9sident sortant affiche un objectif clair de r\u00e9nover 700 000 logements par an. Il sera possible de r\u00e9aliser un audit \u00e9nerg\u00e9tique gratuit pour les m\u00e9nages en situation de pr\u00e9carit\u00e9. Marine Le Pen compte baisser la TVA sur l\u2019\u00e9nergie et mettre en place un livret logement vert pour financer les travaux lors de la vente.<\/p>\n\n\n\n<p>Enfin, Marine Le Pen souhaite r\u00e9aliser une refonte budg\u00e9taire pour l\u2019entretien et la restauration des monuments historiques, actuellement de l\u2019ordre de 330 millions d\u2019euros en moyenne par ann\u00e9e. Elle le portera \u00e0 un milliard d\u2019euros. Une refonte fiscale sera \u00e9galement mise en \u0153uvre en compl\u00e9tant les incitations fiscales actuelles de nouveaux dispositifs.<\/p>\n\n\n\n<p class=\"has-text-align-center\"><img loading=\"lazy\" decoding=\"async\" src=\"https:\/\/lh6.googleusercontent.com\/bPcsahXEQHd8NeDyTTIBUaemk3kwh77vW_J67zG-wi7ljyMF1m46VkKSKtCst8SgeLo37-3E9PTCgSwBVjbBMpxAr6wRD8CWQ4XF1Ys3L8Wv1eFnKUveAAwIZdF1CowPk1w6y_Is\" width=\"567\" height=\"377\"><\/p>\n","protected":false},"excerpt":{"rendered":"<p>\u00c0 l\u2019heure o\u00f9 les d\u00e9fis structurels sont de plus en plus nombreux, celui de construire des logements parfaitement adapt\u00e9s aux enjeux actuels est l\u2019une des priorit\u00e9s d\u2019aujourd\u2019hui ...<\/p>\n","protected":false},"author":6,"featured_media":3465,"comment_status":"closed","ping_status":"closed","sticky":false,"template":"","format":"standard","meta":{"_acf_changed":false,"inline_featured_image":false,"footnotes":""},"categories":[2],"tags":[22],"class_list":["post-3464","post","type-post","status-publish","format-standard","has-post-thumbnail","hentry","category-non-classifiee","tag-scpi-fr","post-wrapper"],"acf":[],"yoast_head":"<!-- This site is optimized with the Yoast SEO plugin v27.5 - https:\/\/yoast.com\/product\/yoast-seo-wordpress\/ -->\n<title>Logement et pr\u00e9sidentielle : que proposent Marine Le Pen et Emmanuel Macron ?<\/title>\n<meta name=\"description\" content=\"Comparaison des propositions de Marine Le Pen et Emmanuel Macron sur le logement lors de la pr\u00e9sidentielle.\" \/>\n<meta name=\"robots\" content=\"index, follow, max-snippet:-1, max-image-preview:large, max-video-preview:-1\" \/>\n<link rel=\"canonical\" href=\"https:\/\/www.rock-n-data.io\/fr\/logement-et-presidentielle-que-proposent-macron-et-le-pen\/\" \/>\n<meta property=\"og:locale\" content=\"fr_FR\" \/>\n<meta property=\"og:type\" content=\"article\" \/>\n<meta property=\"og:title\" content=\"Logement et pr\u00e9sidentielle : que proposent Marine Le Pen et Emmanuel Macron ?\" \/>\n<meta property=\"og:description\" content=\"Comparaison des propositions de Marine Le Pen et Emmanuel Macron sur le logement lors de la pr\u00e9sidentielle.\" \/>\n<meta property=\"og:url\" content=\"https:\/\/www.rock-n-data.io\/fr\/logement-et-presidentielle-que-proposent-macron-et-le-pen\/\" \/>\n<meta property=\"og:site_name\" content=\"Rock &amp; DATA\" \/>\n<meta property=\"article:published_time\" content=\"2022-04-21T09:45:11+00:00\" \/>\n<meta property=\"article:modified_time\" content=\"2023-06-06T11:23:45+00:00\" \/>\n<meta property=\"og:image\" content=\"https:\/\/www.rock-n-data.io\/wp-content\/uploads\/2022\/04\/Le-Pen-et-Macron-Campagne-pre\u0301sidentielle-logement.jpeg\" \/>\n\t<meta property=\"og:image:width\" content=\"1280\" \/>\n\t<meta property=\"og:image:height\" content=\"960\" \/>\n\t<meta property=\"og:image:type\" content=\"image\/jpeg\" \/>\n<meta name=\"author\" content=\"Rock &amp; DATA\" \/>\n<meta name=\"twitter:card\" content=\"summary_large_image\" \/>\n<meta name=\"twitter:label1\" content=\"\u00c9crit par\" \/>\n\t<meta name=\"twitter:data1\" content=\"Rock &amp; DATA\" \/>\n\t<meta name=\"twitter:label2\" content=\"Dur\u00e9e de lecture estim\u00e9e\" \/>\n\t<meta name=\"twitter:data2\" content=\"4 minutes\" \/>\n<script type=\"application\/ld+json\" class=\"yoast-schema-graph\">{\"@context\":\"https:\\\/\\\/schema.org\",\"@graph\":[{\"@type\":\"Article\",\"@id\":\"https:\\\/\\\/www.rock-n-data.io\\\/fr\\\/logement-et-presidentielle-que-proposent-macron-et-le-pen\\\/#article\",\"isPartOf\":{\"@id\":\"https:\\\/\\\/www.rock-n-data.io\\\/fr\\\/logement-et-presidentielle-que-proposent-macron-et-le-pen\\\/\"},\"author\":{\"name\":\"Rock &amp; DATA\",\"@id\":\"https:\\\/\\\/www.rock-n-data.io\\\/fr\\\/#\\\/schema\\\/person\\\/9bc10987a0538f4580eb261ee8bb3257\"},\"headline\":\"Logement et pr\u00e9sidentielle : que proposent Marine Le Pen et Emmanuel Macron ?\",\"datePublished\":\"2022-04-21T09:45:11+00:00\",\"dateModified\":\"2023-06-06T11:23:45+00:00\",\"mainEntityOfPage\":{\"@id\":\"https:\\\/\\\/www.rock-n-data.io\\\/fr\\\/logement-et-presidentielle-que-proposent-macron-et-le-pen\\\/\"},\"wordCount\":782,\"image\":{\"@id\":\"https:\\\/\\\/www.rock-n-data.io\\\/fr\\\/logement-et-presidentielle-que-proposent-macron-et-le-pen\\\/#primaryimage\"},\"thumbnailUrl\":\"https:\\\/\\\/www.rock-n-data.io\\\/wp-content\\\/uploads\\\/2022\\\/04\\\/Le-Pen-et-Macron-Campagne-pre\u0301sidentielle-logement.jpeg\",\"keywords\":[\"SCPI\"],\"articleSection\":[\"Non classifi\u00e9(e)\"],\"inLanguage\":\"fr-FR\"},{\"@type\":\"WebPage\",\"@id\":\"https:\\\/\\\/www.rock-n-data.io\\\/fr\\\/logement-et-presidentielle-que-proposent-macron-et-le-pen\\\/\",\"url\":\"https:\\\/\\\/www.rock-n-data.io\\\/fr\\\/logement-et-presidentielle-que-proposent-macron-et-le-pen\\\/\",\"name\":\"Logement et pr\u00e9sidentielle : que proposent Marine Le Pen et Emmanuel Macron ?\",\"isPartOf\":{\"@id\":\"https:\\\/\\\/www.rock-n-data.io\\\/fr\\\/#website\"},\"primaryImageOfPage\":{\"@id\":\"https:\\\/\\\/www.rock-n-data.io\\\/fr\\\/logement-et-presidentielle-que-proposent-macron-et-le-pen\\\/#primaryimage\"},\"image\":{\"@id\":\"https:\\\/\\\/www.rock-n-data.io\\\/fr\\\/logement-et-presidentielle-que-proposent-macron-et-le-pen\\\/#primaryimage\"},\"thumbnailUrl\":\"https:\\\/\\\/www.rock-n-data.io\\\/wp-content\\\/uploads\\\/2022\\\/04\\\/Le-Pen-et-Macron-Campagne-pre\u0301sidentielle-logement.jpeg\",\"datePublished\":\"2022-04-21T09:45:11+00:00\",\"dateModified\":\"2023-06-06T11:23:45+00:00\",\"author\":{\"@id\":\"https:\\\/\\\/www.rock-n-data.io\\\/fr\\\/#\\\/schema\\\/person\\\/9bc10987a0538f4580eb261ee8bb3257\"},\"description\":\"Comparaison des propositions de Marine Le Pen et Emmanuel Macron sur le logement lors de la pr\u00e9sidentielle.\",\"breadcrumb\":{\"@id\":\"https:\\\/\\\/www.rock-n-data.io\\\/fr\\\/logement-et-presidentielle-que-proposent-macron-et-le-pen\\\/#breadcrumb\"},\"inLanguage\":\"fr-FR\",\"potentialAction\":[{\"@type\":\"ReadAction\",\"target\":[\"https:\\\/\\\/www.rock-n-data.io\\\/fr\\\/logement-et-presidentielle-que-proposent-macron-et-le-pen\\\/\"]}]},{\"@type\":\"ImageObject\",\"inLanguage\":\"fr-FR\",\"@id\":\"https:\\\/\\\/www.rock-n-data.io\\\/fr\\\/logement-et-presidentielle-que-proposent-macron-et-le-pen\\\/#primaryimage\",\"url\":\"https:\\\/\\\/www.rock-n-data.io\\\/wp-content\\\/uploads\\\/2022\\\/04\\\/Le-Pen-et-Macron-Campagne-pre\u0301sidentielle-logement.jpeg\",\"contentUrl\":\"https:\\\/\\\/www.rock-n-data.io\\\/wp-content\\\/uploads\\\/2022\\\/04\\\/Le-Pen-et-Macron-Campagne-pre\u0301sidentielle-logement.jpeg\",\"width\":1280,\"height\":960,\"caption\":\"Le Pen_Macron : le logement\"},{\"@type\":\"BreadcrumbList\",\"@id\":\"https:\\\/\\\/www.rock-n-data.io\\\/fr\\\/logement-et-presidentielle-que-proposent-macron-et-le-pen\\\/#breadcrumb\",\"itemListElement\":[{\"@type\":\"ListItem\",\"position\":1,\"name\":\"Home\",\"item\":\"https:\\\/\\\/www.rock-n-data.io\\\/fr\\\/\"},{\"@type\":\"ListItem\",\"position\":2,\"name\":\"Logement et pr\u00e9sidentielle : que proposent Marine Le Pen et Emmanuel Macron ?\"}]},{\"@type\":\"WebSite\",\"@id\":\"https:\\\/\\\/www.rock-n-data.io\\\/fr\\\/#website\",\"url\":\"https:\\\/\\\/www.rock-n-data.io\\\/fr\\\/\",\"name\":\"Rock &amp; DATA\",\"description\":\"When data meets commercial real estate investment\",\"potentialAction\":[{\"@type\":\"SearchAction\",\"target\":{\"@type\":\"EntryPoint\",\"urlTemplate\":\"https:\\\/\\\/www.rock-n-data.io\\\/fr\\\/?s={search_term_string}\"},\"query-input\":{\"@type\":\"PropertyValueSpecification\",\"valueRequired\":true,\"valueName\":\"search_term_string\"}}],\"inLanguage\":\"fr-FR\"},{\"@type\":\"Person\",\"@id\":\"https:\\\/\\\/www.rock-n-data.io\\\/fr\\\/#\\\/schema\\\/person\\\/9bc10987a0538f4580eb261ee8bb3257\",\"name\":\"Rock &amp; DATA\",\"image\":{\"@type\":\"ImageObject\",\"inLanguage\":\"fr-FR\",\"@id\":\"https:\\\/\\\/secure.gravatar.com\\\/avatar\\\/b94d4fc7b613a57715e272f17d430c39f49617a953e6b09d5da69b3774d096c0?s=96&d=mm&r=g\",\"url\":\"https:\\\/\\\/secure.gravatar.com\\\/avatar\\\/b94d4fc7b613a57715e272f17d430c39f49617a953e6b09d5da69b3774d096c0?s=96&d=mm&r=g\",\"contentUrl\":\"https:\\\/\\\/secure.gravatar.com\\\/avatar\\\/b94d4fc7b613a57715e272f17d430c39f49617a953e6b09d5da69b3774d096c0?s=96&d=mm&r=g\",\"caption\":\"Rock &amp; DATA\"},\"url\":\"https:\\\/\\\/www.rock-n-data.io\\\/fr\\\/author\\\/contact\\\/\"}]}<\/script>\n<!-- \/ Yoast SEO plugin. -->","yoast_head_json":{"title":"Logement et pr\u00e9sidentielle : que proposent Marine Le Pen et Emmanuel Macron ?","description":"Comparaison des propositions de Marine Le Pen et Emmanuel Macron sur le logement lors de la pr\u00e9sidentielle.","robots":{"index":"index","follow":"follow","max-snippet":"max-snippet:-1","max-image-preview":"max-image-preview:large","max-video-preview":"max-video-preview:-1"},"canonical":"https:\/\/www.rock-n-data.io\/fr\/logement-et-presidentielle-que-proposent-macron-et-le-pen\/","og_locale":"fr_FR","og_type":"article","og_title":"Logement et pr\u00e9sidentielle : que proposent Marine Le Pen et Emmanuel Macron ?","og_description":"Comparaison des propositions de Marine Le Pen et Emmanuel Macron sur le logement lors de la pr\u00e9sidentielle.","og_url":"https:\/\/www.rock-n-data.io\/fr\/logement-et-presidentielle-que-proposent-macron-et-le-pen\/","og_site_name":"Rock &amp; DATA","article_published_time":"2022-04-21T09:45:11+00:00","article_modified_time":"2023-06-06T11:23:45+00:00","og_image":[{"width":1280,"height":960,"url":"https:\/\/www.rock-n-data.io\/wp-content\/uploads\/2022\/04\/Le-Pen-et-Macron-Campagne-pre\u0301sidentielle-logement.jpeg","type":"image\/jpeg"}],"author":"Rock &amp; DATA","twitter_card":"summary_large_image","twitter_misc":{"\u00c9crit par":"Rock &amp; DATA","Dur\u00e9e de lecture estim\u00e9e":"4 minutes"},"schema":{"@context":"https:\/\/schema.org","@graph":[{"@type":"Article","@id":"https:\/\/www.rock-n-data.io\/fr\/logement-et-presidentielle-que-proposent-macron-et-le-pen\/#article","isPartOf":{"@id":"https:\/\/www.rock-n-data.io\/fr\/logement-et-presidentielle-que-proposent-macron-et-le-pen\/"},"author":{"name":"Rock &amp; DATA","@id":"https:\/\/www.rock-n-data.io\/fr\/#\/schema\/person\/9bc10987a0538f4580eb261ee8bb3257"},"headline":"Logement et pr\u00e9sidentielle : que proposent Marine Le Pen et Emmanuel Macron ?","datePublished":"2022-04-21T09:45:11+00:00","dateModified":"2023-06-06T11:23:45+00:00","mainEntityOfPage":{"@id":"https:\/\/www.rock-n-data.io\/fr\/logement-et-presidentielle-que-proposent-macron-et-le-pen\/"},"wordCount":782,"image":{"@id":"https:\/\/www.rock-n-data.io\/fr\/logement-et-presidentielle-que-proposent-macron-et-le-pen\/#primaryimage"},"thumbnailUrl":"https:\/\/www.rock-n-data.io\/wp-content\/uploads\/2022\/04\/Le-Pen-et-Macron-Campagne-pre\u0301sidentielle-logement.jpeg","keywords":["SCPI"],"articleSection":["Non classifi\u00e9(e)"],"inLanguage":"fr-FR"},{"@type":"WebPage","@id":"https:\/\/www.rock-n-data.io\/fr\/logement-et-presidentielle-que-proposent-macron-et-le-pen\/","url":"https:\/\/www.rock-n-data.io\/fr\/logement-et-presidentielle-que-proposent-macron-et-le-pen\/","name":"Logement et pr\u00e9sidentielle : que proposent Marine Le Pen et Emmanuel Macron ?","isPartOf":{"@id":"https:\/\/www.rock-n-data.io\/fr\/#website"},"primaryImageOfPage":{"@id":"https:\/\/www.rock-n-data.io\/fr\/logement-et-presidentielle-que-proposent-macron-et-le-pen\/#primaryimage"},"image":{"@id":"https:\/\/www.rock-n-data.io\/fr\/logement-et-presidentielle-que-proposent-macron-et-le-pen\/#primaryimage"},"thumbnailUrl":"https:\/\/www.rock-n-data.io\/wp-content\/uploads\/2022\/04\/Le-Pen-et-Macron-Campagne-pre\u0301sidentielle-logement.jpeg","datePublished":"2022-04-21T09:45:11+00:00","dateModified":"2023-06-06T11:23:45+00:00","author":{"@id":"https:\/\/www.rock-n-data.io\/fr\/#\/schema\/person\/9bc10987a0538f4580eb261ee8bb3257"},"description":"Comparaison des propositions de Marine Le Pen et Emmanuel Macron sur le logement lors de la pr\u00e9sidentielle.","breadcrumb":{"@id":"https:\/\/www.rock-n-data.io\/fr\/logement-et-presidentielle-que-proposent-macron-et-le-pen\/#breadcrumb"},"inLanguage":"fr-FR","potentialAction":[{"@type":"ReadAction","target":["https:\/\/www.rock-n-data.io\/fr\/logement-et-presidentielle-que-proposent-macron-et-le-pen\/"]}]},{"@type":"ImageObject","inLanguage":"fr-FR","@id":"https:\/\/www.rock-n-data.io\/fr\/logement-et-presidentielle-que-proposent-macron-et-le-pen\/#primaryimage","url":"https:\/\/www.rock-n-data.io\/wp-content\/uploads\/2022\/04\/Le-Pen-et-Macron-Campagne-pre\u0301sidentielle-logement.jpeg","contentUrl":"https:\/\/www.rock-n-data.io\/wp-content\/uploads\/2022\/04\/Le-Pen-et-Macron-Campagne-pre\u0301sidentielle-logement.jpeg","width":1280,"height":960,"caption":"Le Pen_Macron : le logement"},{"@type":"BreadcrumbList","@id":"https:\/\/www.rock-n-data.io\/fr\/logement-et-presidentielle-que-proposent-macron-et-le-pen\/#breadcrumb","itemListElement":[{"@type":"ListItem","position":1,"name":"Home","item":"https:\/\/www.rock-n-data.io\/fr\/"},{"@type":"ListItem","position":2,"name":"Logement et pr\u00e9sidentielle : que proposent Marine Le Pen et Emmanuel Macron ?"}]},{"@type":"WebSite","@id":"https:\/\/www.rock-n-data.io\/fr\/#website","url":"https:\/\/www.rock-n-data.io\/fr\/","name":"Rock &amp; DATA","description":"When data meets commercial real estate investment","potentialAction":[{"@type":"SearchAction","target":{"@type":"EntryPoint","urlTemplate":"https:\/\/www.rock-n-data.io\/fr\/?s={search_term_string}"},"query-input":{"@type":"PropertyValueSpecification","valueRequired":true,"valueName":"search_term_string"}}],"inLanguage":"fr-FR"},{"@type":"Person","@id":"https:\/\/www.rock-n-data.io\/fr\/#\/schema\/person\/9bc10987a0538f4580eb261ee8bb3257","name":"Rock &amp; DATA","image":{"@type":"ImageObject","inLanguage":"fr-FR","@id":"https:\/\/secure.gravatar.com\/avatar\/b94d4fc7b613a57715e272f17d430c39f49617a953e6b09d5da69b3774d096c0?s=96&d=mm&r=g","url":"https:\/\/secure.gravatar.com\/avatar\/b94d4fc7b613a57715e272f17d430c39f49617a953e6b09d5da69b3774d096c0?s=96&d=mm&r=g","contentUrl":"https:\/\/secure.gravatar.com\/avatar\/b94d4fc7b613a57715e272f17d430c39f49617a953e6b09d5da69b3774d096c0?s=96&d=mm&r=g","caption":"Rock &amp; DATA"},"url":"https:\/\/www.rock-n-data.io\/fr\/author\/contact\/"}]}},"_links":{"self":[{"href":"https:\/\/www.rock-n-data.io\/fr\/wp-json\/wp\/v2\/posts\/3464","targetHints":{"allow":["GET"]}}],"collection":[{"href":"https:\/\/www.rock-n-data.io\/fr\/wp-json\/wp\/v2\/posts"}],"about":[{"href":"https:\/\/www.rock-n-data.io\/fr\/wp-json\/wp\/v2\/types\/post"}],"author":[{"embeddable":true,"href":"https:\/\/www.rock-n-data.io\/fr\/wp-json\/wp\/v2\/users\/6"}],"replies":[{"embeddable":true,"href":"https:\/\/www.rock-n-data.io\/fr\/wp-json\/wp\/v2\/comments?post=3464"}],"version-history":[{"count":0,"href":"https:\/\/www.rock-n-data.io\/fr\/wp-json\/wp\/v2\/posts\/3464\/revisions"}],"wp:featuredmedia":[{"embeddable":true,"href":"https:\/\/www.rock-n-data.io\/fr\/wp-json\/wp\/v2\/media\/3465"}],"wp:attachment":[{"href":"https:\/\/www.rock-n-data.io\/fr\/wp-json\/wp\/v2\/media?parent=3464"}],"wp:term":[{"taxonomy":"category","embeddable":true,"href":"https:\/\/www.rock-n-data.io\/fr\/wp-json\/wp\/v2\/categories?post=3464"},{"taxonomy":"post_tag","embeddable":true,"href":"https:\/\/www.rock-n-data.io\/fr\/wp-json\/wp\/v2\/tags?post=3464"}],"curies":[{"name":"wp","href":"https:\/\/api.w.org\/{rel}","templated":true}]}}