{"id":4038,"date":"2023-01-11T09:35:06","date_gmt":"2023-01-11T09:35:06","guid":{"rendered":"https:\/\/www.rock-n-data.io\/?p=4038"},"modified":"2023-02-10T16:08:30","modified_gmt":"2023-02-10T16:08:30","slug":"rock-n-data-au-simi-2022","status":"publish","type":"post","link":"https:\/\/www.rock-n-data.io\/fr\/rock-n-data-au-simi-2022\/","title":{"rendered":"<strong>Rock-n-Data au SIMI 2022<\/strong>"},"content":{"rendered":"\n<p>Les \u00e9quipes de Rock-n-Data ont eu l\u2019occasion de se d\u00e9placer Porte Maillot au Palais des Congr\u00e8s dans le cadre du salon de l\u2019immobilier d\u2019Entreprise (SIMI) en d\u00e9cembre dernier. Le SIMI est un rendez-vous annuel qui rassemble la communaut\u00e9 de l\u2019industrie fran\u00e7aise de l\u2019immobilier pour partager innovations et projets en r\u00e9ponse aux besoins de construction et d\u2019am\u00e9nagement des villes au service de l\u2019humain.<\/p>\n\n\n\n<h2 class=\"wp-block-heading\"><strong>Le SIMI, un \u00e9v\u00e8nement organis\u00e9 depuis plus de 20 ans<\/strong><\/h2>\n\n\n\n<p>Organis\u00e9 au Palais des Congr\u00e8s du 6 au 8 d\u00e9cembre 2022, le salon a lieu tous les ans en fin d\u2019ann\u00e9e et r\u00e9unit un grand nombre d\u2019acteurs de l\u2019immobilier.&nbsp;<\/p>\n\n\n\n<p>Rock-n-Data a d\u00e9cid\u00e9 cette ann\u00e9e de participer au City By SIMI avec un stand \u00e0 son nom au 4\u00e8me niveau. Sur cet \u00e9tage, nous y retrouvons les entreprises d\u2019aujourd\u2019hui et de demain, ces entreprises innovantes qui souhaitent contribuer \u00e0 un monde immobilier meilleur.<\/p>\n\n\n\n<p>Dans un contexte macro\u00e9conomique compliqu\u00e9, ces \u00e9v\u00e8nements sont sources de cr\u00e9ation de syngergies entre les territoires, les villes et les acteurs immobiliers. Il s\u2019agit \u00e9galement d\u2019un moment de partage et de rencontre.<\/p>\n\n\n\n<p>Au total, ce SIMI repr\u00e9sente plus de 26 000 participants, 450 exposants incluant un total de 150 conf\u00e9rences sur trois jours\u2026<\/p>\n\n\n\n<p>Nos \u00e9quipes de Rock-n-Data ont rencontr\u00e9 plusieurs dizaines de soci\u00e9t\u00e9s : promoteurs, soci\u00e9t\u00e9s de gestion, fonds d\u2019investissement, entreprises de financement\u2026&nbsp;<\/p>\n\n\n\n<p>Rock-n-Data accompagne des v\u00e9hicules dont le financement externe n\u2019est pas une condition et dont la majorit\u00e9 des fonds sont apport\u00e9s par les \u00e9pargnants fran\u00e7ais. Cela s\u00e9curise d\u2019autant plus l\u2019achat quand nous savons que les SCPI ont collect\u00e9 pr\u00e8s de 8 milliards d\u2019euros en 2021. Ce chiffre va vraisemblablement d\u00e9passer les 10 milliards en 2022. Dans un contexte o\u00f9 le financement est de plus en plus complexe et o\u00f9 les marges se resserrent, les SCPI auront un r\u00f4le important \u00e0 jouer dans les mois \u00e0 venir.<\/p>\n\n\n\n<p>Vous souhaitez \u00eatre accompagn\u00e9 dans la vente de vos actifs immobiliers ? <a href=\"https:\/\/my.rock-n-data.io\/register\">Contactez-nous<\/a> pour \u00e9voquer ensemble votre strat\u00e9gie d\u2019arbitrage.<\/p>\n","protected":false},"excerpt":{"rendered":"<p>Les \u00e9quipes de Rock-n-Data ont eu l\u2019occasion de se d\u00e9placer Porte Maillot au Palais des Congr\u00e8s dans le cadre du salon de l\u2019immobilier d\u2019Entreprise (SIMI) en d\u00e9cembre dernier ...<\/p>\n","protected":false},"author":6,"featured_media":4043,"comment_status":"closed","ping_status":"closed","sticky":false,"template":"","format":"standard","meta":{"_acf_changed":false,"inline_featured_image":false,"footnotes":""},"categories":[2],"tags":[11,22],"class_list":["post-4038","post","type-post","status-publish","format-standard","has-post-thumbnail","hentry","category-non-classifiee","tag-immobilier-commercial","tag-scpi-fr","post-wrapper"],"acf":[],"yoast_head":"<!-- This site is optimized with the Yoast SEO plugin v27.5 - https:\/\/yoast.com\/product\/yoast-seo-wordpress\/ -->\n<title>Rock n Data pr\u00e9sent au SIMI 2022<\/title>\n<meta name=\"description\" content=\"Participation de Rock-N-Data au rassemblement annuel (SIMI) de l&#039;industrie fran\u00e7aise de l&#039;immobilier pour une s\u00e9ance de partage\" \/>\n<meta name=\"robots\" content=\"index, follow, max-snippet:-1, max-image-preview:large, max-video-preview:-1\" \/>\n<link rel=\"canonical\" href=\"https:\/\/www.rock-n-data.io\/fr\/rock-n-data-au-simi-2022\/\" \/>\n<meta property=\"og:locale\" content=\"fr_FR\" \/>\n<meta property=\"og:type\" content=\"article\" \/>\n<meta property=\"og:title\" content=\"Rock n Data pr\u00e9sent au SIMI 2022\" \/>\n<meta property=\"og:description\" content=\"Participation de Rock-N-Data au rassemblement annuel (SIMI) de l&#039;industrie fran\u00e7aise de l&#039;immobilier pour une s\u00e9ance de partage\" \/>\n<meta property=\"og:url\" content=\"https:\/\/www.rock-n-data.io\/fr\/rock-n-data-au-simi-2022\/\" \/>\n<meta property=\"og:site_name\" content=\"Rock &amp; DATA\" \/>\n<meta property=\"article:published_time\" content=\"2023-01-11T09:35:06+00:00\" \/>\n<meta property=\"article:modified_time\" content=\"2023-02-10T16:08:30+00:00\" \/>\n<meta property=\"og:image\" content=\"https:\/\/www.rock-n-data.io\/wp-content\/uploads\/2023\/01\/SIMI-2022.jpg\" \/>\n\t<meta property=\"og:image:width\" content=\"215\" \/>\n\t<meta property=\"og:image:height\" content=\"215\" \/>\n\t<meta property=\"og:image:type\" content=\"image\/jpeg\" \/>\n<meta name=\"author\" content=\"Rock &amp; DATA\" \/>\n<meta name=\"twitter:card\" content=\"summary_large_image\" \/>\n<meta name=\"twitter:label1\" content=\"\u00c9crit par\" \/>\n\t<meta name=\"twitter:data1\" content=\"Rock &amp; DATA\" \/>\n\t<meta name=\"twitter:label2\" content=\"Dur\u00e9e de lecture estim\u00e9e\" \/>\n\t<meta name=\"twitter:data2\" content=\"2 minutes\" \/>\n<script type=\"application\/ld+json\" class=\"yoast-schema-graph\">{\"@context\":\"https:\\\/\\\/schema.org\",\"@graph\":[{\"@type\":\"Article\",\"@id\":\"https:\\\/\\\/www.rock-n-data.io\\\/fr\\\/rock-n-data-au-simi-2022\\\/#article\",\"isPartOf\":{\"@id\":\"https:\\\/\\\/www.rock-n-data.io\\\/fr\\\/rock-n-data-au-simi-2022\\\/\"},\"author\":{\"name\":\"Rock &amp; DATA\",\"@id\":\"https:\\\/\\\/www.rock-n-data.io\\\/fr\\\/#\\\/schema\\\/person\\\/9bc10987a0538f4580eb261ee8bb3257\"},\"headline\":\"Rock-n-Data au SIMI 2022\",\"datePublished\":\"2023-01-11T09:35:06+00:00\",\"dateModified\":\"2023-02-10T16:08:30+00:00\",\"mainEntityOfPage\":{\"@id\":\"https:\\\/\\\/www.rock-n-data.io\\\/fr\\\/rock-n-data-au-simi-2022\\\/\"},\"wordCount\":358,\"image\":{\"@id\":\"https:\\\/\\\/www.rock-n-data.io\\\/fr\\\/rock-n-data-au-simi-2022\\\/#primaryimage\"},\"thumbnailUrl\":\"https:\\\/\\\/www.rock-n-data.io\\\/wp-content\\\/uploads\\\/2023\\\/01\\\/SIMI-2022.jpg\",\"keywords\":[\"Immobilier Commercial\",\"SCPI\"],\"articleSection\":[\"Non classifi\u00e9(e)\"],\"inLanguage\":\"fr-FR\"},{\"@type\":\"WebPage\",\"@id\":\"https:\\\/\\\/www.rock-n-data.io\\\/fr\\\/rock-n-data-au-simi-2022\\\/\",\"url\":\"https:\\\/\\\/www.rock-n-data.io\\\/fr\\\/rock-n-data-au-simi-2022\\\/\",\"name\":\"Rock n Data pr\u00e9sent au SIMI 2022\",\"isPartOf\":{\"@id\":\"https:\\\/\\\/www.rock-n-data.io\\\/fr\\\/#website\"},\"primaryImageOfPage\":{\"@id\":\"https:\\\/\\\/www.rock-n-data.io\\\/fr\\\/rock-n-data-au-simi-2022\\\/#primaryimage\"},\"image\":{\"@id\":\"https:\\\/\\\/www.rock-n-data.io\\\/fr\\\/rock-n-data-au-simi-2022\\\/#primaryimage\"},\"thumbnailUrl\":\"https:\\\/\\\/www.rock-n-data.io\\\/wp-content\\\/uploads\\\/2023\\\/01\\\/SIMI-2022.jpg\",\"datePublished\":\"2023-01-11T09:35:06+00:00\",\"dateModified\":\"2023-02-10T16:08:30+00:00\",\"author\":{\"@id\":\"https:\\\/\\\/www.rock-n-data.io\\\/fr\\\/#\\\/schema\\\/person\\\/9bc10987a0538f4580eb261ee8bb3257\"},\"description\":\"Participation de Rock-N-Data au rassemblement annuel (SIMI) de l'industrie fran\u00e7aise de l'immobilier pour une s\u00e9ance de partage\",\"breadcrumb\":{\"@id\":\"https:\\\/\\\/www.rock-n-data.io\\\/fr\\\/rock-n-data-au-simi-2022\\\/#breadcrumb\"},\"inLanguage\":\"fr-FR\",\"potentialAction\":[{\"@type\":\"ReadAction\",\"target\":[\"https:\\\/\\\/www.rock-n-data.io\\\/fr\\\/rock-n-data-au-simi-2022\\\/\"]}]},{\"@type\":\"ImageObject\",\"inLanguage\":\"fr-FR\",\"@id\":\"https:\\\/\\\/www.rock-n-data.io\\\/fr\\\/rock-n-data-au-simi-2022\\\/#primaryimage\",\"url\":\"https:\\\/\\\/www.rock-n-data.io\\\/wp-content\\\/uploads\\\/2023\\\/01\\\/SIMI-2022.jpg\",\"contentUrl\":\"https:\\\/\\\/www.rock-n-data.io\\\/wp-content\\\/uploads\\\/2023\\\/01\\\/SIMI-2022.jpg\",\"width\":215,\"height\":215},{\"@type\":\"BreadcrumbList\",\"@id\":\"https:\\\/\\\/www.rock-n-data.io\\\/fr\\\/rock-n-data-au-simi-2022\\\/#breadcrumb\",\"itemListElement\":[{\"@type\":\"ListItem\",\"position\":1,\"name\":\"Home\",\"item\":\"https:\\\/\\\/www.rock-n-data.io\\\/fr\\\/\"},{\"@type\":\"ListItem\",\"position\":2,\"name\":\"Rock-n-Data au SIMI 2022\"}]},{\"@type\":\"WebSite\",\"@id\":\"https:\\\/\\\/www.rock-n-data.io\\\/fr\\\/#website\",\"url\":\"https:\\\/\\\/www.rock-n-data.io\\\/fr\\\/\",\"name\":\"Rock &amp; DATA\",\"description\":\"When data meets commercial real estate investment\",\"potentialAction\":[{\"@type\":\"SearchAction\",\"target\":{\"@type\":\"EntryPoint\",\"urlTemplate\":\"https:\\\/\\\/www.rock-n-data.io\\\/fr\\\/?s={search_term_string}\"},\"query-input\":{\"@type\":\"PropertyValueSpecification\",\"valueRequired\":true,\"valueName\":\"search_term_string\"}}],\"inLanguage\":\"fr-FR\"},{\"@type\":\"Person\",\"@id\":\"https:\\\/\\\/www.rock-n-data.io\\\/fr\\\/#\\\/schema\\\/person\\\/9bc10987a0538f4580eb261ee8bb3257\",\"name\":\"Rock &amp; DATA\",\"image\":{\"@type\":\"ImageObject\",\"inLanguage\":\"fr-FR\",\"@id\":\"https:\\\/\\\/secure.gravatar.com\\\/avatar\\\/b94d4fc7b613a57715e272f17d430c39f49617a953e6b09d5da69b3774d096c0?s=96&d=mm&r=g\",\"url\":\"https:\\\/\\\/secure.gravatar.com\\\/avatar\\\/b94d4fc7b613a57715e272f17d430c39f49617a953e6b09d5da69b3774d096c0?s=96&d=mm&r=g\",\"contentUrl\":\"https:\\\/\\\/secure.gravatar.com\\\/avatar\\\/b94d4fc7b613a57715e272f17d430c39f49617a953e6b09d5da69b3774d096c0?s=96&d=mm&r=g\",\"caption\":\"Rock &amp; DATA\"},\"url\":\"https:\\\/\\\/www.rock-n-data.io\\\/fr\\\/author\\\/contact\\\/\"}]}<\/script>\n<!-- \/ Yoast SEO plugin. -->","yoast_head_json":{"title":"Rock n Data pr\u00e9sent au SIMI 2022","description":"Participation de Rock-N-Data au rassemblement annuel (SIMI) de l'industrie fran\u00e7aise de l'immobilier pour une s\u00e9ance de partage","robots":{"index":"index","follow":"follow","max-snippet":"max-snippet:-1","max-image-preview":"max-image-preview:large","max-video-preview":"max-video-preview:-1"},"canonical":"https:\/\/www.rock-n-data.io\/fr\/rock-n-data-au-simi-2022\/","og_locale":"fr_FR","og_type":"article","og_title":"Rock n Data pr\u00e9sent au SIMI 2022","og_description":"Participation de Rock-N-Data au rassemblement annuel (SIMI) de l'industrie fran\u00e7aise de l'immobilier pour une s\u00e9ance de partage","og_url":"https:\/\/www.rock-n-data.io\/fr\/rock-n-data-au-simi-2022\/","og_site_name":"Rock &amp; DATA","article_published_time":"2023-01-11T09:35:06+00:00","article_modified_time":"2023-02-10T16:08:30+00:00","og_image":[{"width":215,"height":215,"url":"https:\/\/www.rock-n-data.io\/wp-content\/uploads\/2023\/01\/SIMI-2022.jpg","type":"image\/jpeg"}],"author":"Rock &amp; DATA","twitter_card":"summary_large_image","twitter_misc":{"\u00c9crit par":"Rock &amp; DATA","Dur\u00e9e de lecture estim\u00e9e":"2 minutes"},"schema":{"@context":"https:\/\/schema.org","@graph":[{"@type":"Article","@id":"https:\/\/www.rock-n-data.io\/fr\/rock-n-data-au-simi-2022\/#article","isPartOf":{"@id":"https:\/\/www.rock-n-data.io\/fr\/rock-n-data-au-simi-2022\/"},"author":{"name":"Rock &amp; DATA","@id":"https:\/\/www.rock-n-data.io\/fr\/#\/schema\/person\/9bc10987a0538f4580eb261ee8bb3257"},"headline":"Rock-n-Data au SIMI 2022","datePublished":"2023-01-11T09:35:06+00:00","dateModified":"2023-02-10T16:08:30+00:00","mainEntityOfPage":{"@id":"https:\/\/www.rock-n-data.io\/fr\/rock-n-data-au-simi-2022\/"},"wordCount":358,"image":{"@id":"https:\/\/www.rock-n-data.io\/fr\/rock-n-data-au-simi-2022\/#primaryimage"},"thumbnailUrl":"https:\/\/www.rock-n-data.io\/wp-content\/uploads\/2023\/01\/SIMI-2022.jpg","keywords":["Immobilier Commercial","SCPI"],"articleSection":["Non classifi\u00e9(e)"],"inLanguage":"fr-FR"},{"@type":"WebPage","@id":"https:\/\/www.rock-n-data.io\/fr\/rock-n-data-au-simi-2022\/","url":"https:\/\/www.rock-n-data.io\/fr\/rock-n-data-au-simi-2022\/","name":"Rock n Data pr\u00e9sent au SIMI 2022","isPartOf":{"@id":"https:\/\/www.rock-n-data.io\/fr\/#website"},"primaryImageOfPage":{"@id":"https:\/\/www.rock-n-data.io\/fr\/rock-n-data-au-simi-2022\/#primaryimage"},"image":{"@id":"https:\/\/www.rock-n-data.io\/fr\/rock-n-data-au-simi-2022\/#primaryimage"},"thumbnailUrl":"https:\/\/www.rock-n-data.io\/wp-content\/uploads\/2023\/01\/SIMI-2022.jpg","datePublished":"2023-01-11T09:35:06+00:00","dateModified":"2023-02-10T16:08:30+00:00","author":{"@id":"https:\/\/www.rock-n-data.io\/fr\/#\/schema\/person\/9bc10987a0538f4580eb261ee8bb3257"},"description":"Participation de Rock-N-Data au rassemblement annuel (SIMI) de l'industrie fran\u00e7aise de l'immobilier pour une s\u00e9ance de partage","breadcrumb":{"@id":"https:\/\/www.rock-n-data.io\/fr\/rock-n-data-au-simi-2022\/#breadcrumb"},"inLanguage":"fr-FR","potentialAction":[{"@type":"ReadAction","target":["https:\/\/www.rock-n-data.io\/fr\/rock-n-data-au-simi-2022\/"]}]},{"@type":"ImageObject","inLanguage":"fr-FR","@id":"https:\/\/www.rock-n-data.io\/fr\/rock-n-data-au-simi-2022\/#primaryimage","url":"https:\/\/www.rock-n-data.io\/wp-content\/uploads\/2023\/01\/SIMI-2022.jpg","contentUrl":"https:\/\/www.rock-n-data.io\/wp-content\/uploads\/2023\/01\/SIMI-2022.jpg","width":215,"height":215},{"@type":"BreadcrumbList","@id":"https:\/\/www.rock-n-data.io\/fr\/rock-n-data-au-simi-2022\/#breadcrumb","itemListElement":[{"@type":"ListItem","position":1,"name":"Home","item":"https:\/\/www.rock-n-data.io\/fr\/"},{"@type":"ListItem","position":2,"name":"Rock-n-Data au SIMI 2022"}]},{"@type":"WebSite","@id":"https:\/\/www.rock-n-data.io\/fr\/#website","url":"https:\/\/www.rock-n-data.io\/fr\/","name":"Rock &amp; DATA","description":"When data meets commercial real estate investment","potentialAction":[{"@type":"SearchAction","target":{"@type":"EntryPoint","urlTemplate":"https:\/\/www.rock-n-data.io\/fr\/?s={search_term_string}"},"query-input":{"@type":"PropertyValueSpecification","valueRequired":true,"valueName":"search_term_string"}}],"inLanguage":"fr-FR"},{"@type":"Person","@id":"https:\/\/www.rock-n-data.io\/fr\/#\/schema\/person\/9bc10987a0538f4580eb261ee8bb3257","name":"Rock &amp; DATA","image":{"@type":"ImageObject","inLanguage":"fr-FR","@id":"https:\/\/secure.gravatar.com\/avatar\/b94d4fc7b613a57715e272f17d430c39f49617a953e6b09d5da69b3774d096c0?s=96&d=mm&r=g","url":"https:\/\/secure.gravatar.com\/avatar\/b94d4fc7b613a57715e272f17d430c39f49617a953e6b09d5da69b3774d096c0?s=96&d=mm&r=g","contentUrl":"https:\/\/secure.gravatar.com\/avatar\/b94d4fc7b613a57715e272f17d430c39f49617a953e6b09d5da69b3774d096c0?s=96&d=mm&r=g","caption":"Rock &amp; DATA"},"url":"https:\/\/www.rock-n-data.io\/fr\/author\/contact\/"}]}},"_links":{"self":[{"href":"https:\/\/www.rock-n-data.io\/fr\/wp-json\/wp\/v2\/posts\/4038","targetHints":{"allow":["GET"]}}],"collection":[{"href":"https:\/\/www.rock-n-data.io\/fr\/wp-json\/wp\/v2\/posts"}],"about":[{"href":"https:\/\/www.rock-n-data.io\/fr\/wp-json\/wp\/v2\/types\/post"}],"author":[{"embeddable":true,"href":"https:\/\/www.rock-n-data.io\/fr\/wp-json\/wp\/v2\/users\/6"}],"replies":[{"embeddable":true,"href":"https:\/\/www.rock-n-data.io\/fr\/wp-json\/wp\/v2\/comments?post=4038"}],"version-history":[{"count":0,"href":"https:\/\/www.rock-n-data.io\/fr\/wp-json\/wp\/v2\/posts\/4038\/revisions"}],"wp:featuredmedia":[{"embeddable":true,"href":"https:\/\/www.rock-n-data.io\/fr\/wp-json\/wp\/v2\/media\/4043"}],"wp:attachment":[{"href":"https:\/\/www.rock-n-data.io\/fr\/wp-json\/wp\/v2\/media?parent=4038"}],"wp:term":[{"taxonomy":"category","embeddable":true,"href":"https:\/\/www.rock-n-data.io\/fr\/wp-json\/wp\/v2\/categories?post=4038"},{"taxonomy":"post_tag","embeddable":true,"href":"https:\/\/www.rock-n-data.io\/fr\/wp-json\/wp\/v2\/tags?post=4038"}],"curies":[{"name":"wp","href":"https:\/\/api.w.org\/{rel}","templated":true}]}}