{"id":4896,"date":"2024-03-05T16:34:58","date_gmt":"2024-03-05T16:34:58","guid":{"rendered":"https:\/\/www.rock-n-data.io\/?p=4896"},"modified":"2024-03-06T15:05:57","modified_gmt":"2024-03-06T15:05:57","slug":"paref-consolide-son-chiffre-daffaires-grace-a-ses-activites-diversifiees","status":"publish","type":"post","link":"https:\/\/www.rock-n-data.io\/fr\/paref-consolide-son-chiffre-daffaires-grace-a-ses-activites-diversifiees\/","title":{"rendered":"PAREF consolide son chiffre d'affaires gr\u00e2ce \u00e0 ses activit\u00e9s diversifi\u00e9es"},"content":{"rendered":"\n<figure class=\"wp-block-image size-full\"><img loading=\"lazy\" decoding=\"async\" width=\"800\" height=\"533\" src=\"https:\/\/www.rock-n-data.io\/wp-content\/uploads\/2024\/03\/paref-header.jpg\" alt=\"paref-consolide-son-chiffre-d-affaires-grace-a-ses-activites-diversifiees\" class=\"wp-image-4898\" srcset=\"https:\/\/www.rock-n-data.io\/wp-content\/uploads\/2024\/03\/paref-header.jpg 800w, https:\/\/www.rock-n-data.io\/wp-content\/uploads\/2024\/03\/paref-header-300x200.jpg 300w, https:\/\/www.rock-n-data.io\/wp-content\/uploads\/2024\/03\/paref-header-768x512.jpg 768w\" sizes=\"auto, (max-width: 800px) 100vw, 800px\" \/><\/figure>\n\n\n\n<p><\/p>\n\n\n\n<p>Dans un environnement \u00e9conomique marqu\u00e9 par des incertitudes macro\u00e9conomiques, <strong>PAREF <\/strong>se d\u00e9marque par une consolidation remarquable de son <strong>chiffre d'affaires \u00e0 33,8 M\u20ac en 2023<\/strong>, t\u00e9moignant de la r\u00e9silience et de la diversit\u00e9 de ses activit\u00e9s. Cet article explore comment PAREF a su tirer parti de ses diverses branches d'activit\u00e9 pour maintenir et renforcer sa position sur le march\u00e9.<\/p>\n\n\n\n<h2 class=\"wp-block-heading\">Une diversification payante<\/h2>\n\n\n\n<p>Le <strong>revenu locatif net<\/strong>, cl\u00e9 de vo\u00fbte de la strat\u00e9gie de PAREF, a connu <strong>une hausse significative de 31%<\/strong> pour s'\u00e9tablir <strong>\u00e0 8,8 M\u20ac en 2023<\/strong>, comparativement \u00e0 l'ann\u00e9e pr\u00e9c\u00e9dente. Cette progression est principalement due \u00e0 l'indexation des loyers et \u00e0 l'optimisation du portefeuille d'actifs immobiliers. En parall\u00e8le, les <strong>revenus de commissions de gestion<\/strong> se sont maintenus stables <strong>\u00e0 15,5M\u20ac<\/strong>, soulignant l'efficacit\u00e9 de la gestion pour compte de tiers.<\/p>\n\n\n\n<p>Un financement durable a \u00e9t\u00e9 mis en place via un <strong>\"Sustainability-Linked Loan\" de 90 millions d'euros<\/strong>, illustrant l'engagement de <strong>PAREF <\/strong>envers des initiatives financi\u00e8res responsables. Malgr\u00e9 une l\u00e9g\u00e8re hausse du <strong>ratio d'endettement \u00e0 28%<\/strong>, la soci\u00e9t\u00e9 maintient un niveau d'endettement faible, garantissant sa solidit\u00e9 financi\u00e8re.<\/p>\n\n\n\n<h2 class=\"wp-block-heading\">Performance et engagement ESG<\/h2>\n\n\n\n<p><strong>PAREF <\/strong>n'a pas seulement consolid\u00e9 ses finances; l'entreprise a \u00e9galement progress\u00e9 dans son <strong>engagement ESG <\/strong>(<a href=\"https:\/\/www.rock-n-data.io\/fr\/etude-esg-des-scpi-en-2022-communique-de-presse\/\">Environnemental, Social et de Gouvernance<\/a>). La signature de chartes pour la sobri\u00e9t\u00e9 \u00e9nerg\u00e9tique et l'\u00e9galit\u00e9 professionnelle souligne l'ambition du groupe de contribuer positivement \u00e0 la soci\u00e9t\u00e9 et \u00e0 l'environnement.<\/p>\n\n\n\n<h2 class=\"wp-block-heading\">Perspectives et innovation<\/h2>\n\n\n\n<p>Pour 2024, <strong>PAREF <\/strong>vise \u00e0 continuer sur cette lanc\u00e9e, en capitalisant sur la diversification de ses activit\u00e9s et en renfor\u00e7ant son mod\u00e8le \u00e9conomique. Le groupe pr\u00e9voit de poursuivre la diversification de ses revenus et de maintenir une discipline stricte en termes de co\u00fbts pour am\u00e9liorer sa marge op\u00e9rationnelle.<\/p>\n\n\n\n<p>L'<strong>activit\u00e9 immobili\u00e8re<\/strong> pour compte propre continue de se r\u00e9orienter vers des actifs \u00e0 fort potentiel, avec <strong>un taux d'occupation financier<\/strong> impressionnant de <strong>99,1%<\/strong>. Les <strong>projets de restructuration<\/strong>, comme celui de l'<strong>actif L\u00e9on Frot<\/strong>, sont particuli\u00e8rement prometteurs, avec l<strong>'obtention du label WiredScore Gold<\/strong>.<\/p>\n\n\n\n<p>L'<strong>activit\u00e9 de gestion<\/strong> pour compte de tiers reste dynamique, malgr\u00e9 un march\u00e9 immobilier complexe. Avec <strong>pr\u00e8s de 2,8 milliards d'euros<\/strong> g\u00e9r\u00e9s pour le compte de tiers, PAREF d\u00e9montre sa capacit\u00e9 \u00e0 offrir des rendements robustes et en progression, malgr\u00e9 une baisse des souscriptions brutes des SCPI sous gestion.<\/p>\n\n\n\n<h2 class=\"wp-block-heading\">Conclusion<\/h2>\n\n\n\n<p><strong>PAREF<\/strong>, par sa strat\u00e9gie diversifi\u00e9e et son engagement ESG, prouve sa <strong>capacit\u00e9 \u00e0 naviguer dans un march\u00e9 immobilier fluctuant<\/strong> tout <strong>en consolidant son chiffre d'affaires<\/strong>. Son approche prudente et innovante en mati\u00e8re d'investissement et de gestion des actifs lui permet de se positionner avantageusement pour l'avenir.<\/p>\n\n\n\n<p>\"En tirant parti de nos activit\u00e9s diversifi\u00e9es et de notre engagement durable, nous sommes non seulement capables de r\u00e9sister aux al\u00e9as du march\u00e9 mais aussi de saisir les opportunit\u00e9s de croissance durable pour nos actionnaires et parties prenantes,\" d\u00e9clare Antoine Castro, Pr\u00e9sident &amp; Directeur G\u00e9n\u00e9ral de PAREF.<\/p>\n\n\n\n<p>Dans cette perspective, <strong>PAREF <\/strong>se profile comme un acteur cl\u00e9 du march\u00e9 immobilier, pr\u00eat \u00e0 relever les d\u00e9fis de demain et \u00e0 contribuer positivement \u00e0 l'\u00e9conomie et \u00e0 la soci\u00e9t\u00e9.<\/p>\n\n\n\n<p>\u00c0 lire \u00e9galement :&nbsp;<\/p>\n\n\n\n<p><a href=\"https:\/\/www.rock-n-data.io\/fr\/les-outils-optimisation-de-la-liquidite-des-scpi-quels-outils\/\">Optimisation de la Liquidit\u00e9 des SCPI : Quels outils ?<\/a><\/p>\n","protected":false},"excerpt":{"rendered":"<p>Dans un environnement \u00e9conomique marqu\u00e9 par des incertitudes macro\u00e9conomiques, PAREF se d\u00e9marque par une consolidation remarquable de son chiffre d'affaires \u00e0 33,8 M\u20ac en 2023, t\u00e9moignant de la r\u00e9silience et de la diversit\u00e9 de ses activit\u00e9s. Cet article explore comment PAREF a su tirer parti de ses diverses branches d'activit\u00e9 pour maintenir et renforcer sa [&hellip;]<\/p>\n","protected":false},"author":6,"featured_media":4900,"comment_status":"closed","ping_status":"closed","sticky":false,"template":"","format":"standard","meta":{"_acf_changed":false,"inline_featured_image":false,"footnotes":""},"categories":[74],"tags":[76,78,79,58,80,75,77],"class_list":["post-4896","post","type-post","status-publish","format-standard","has-post-thumbnail","hentry","category-investissement","tag-chiffre-daffaires","tag-engagement-esg","tag-finance-durable","tag-immobilier","tag-marche-immobilier","tag-paref","tag-strategie-diversifiee","post-wrapper"],"acf":[],"yoast_head":"<!-- This site is optimized with the Yoast SEO plugin v27.5 - https:\/\/yoast.com\/product\/yoast-seo-wordpress\/ -->\n<title>PAREF \ud83c\udfe2: Strat\u00e9gie diversifi\u00e9e booste le chiffre d&#039;affaires en 2023<\/title>\n<meta name=\"description\" content=\"D\u00e9couvrez comment PAREF a renforc\u00e9 son chiffre d&#039;affaires \u00e0 33,8 M\u20ac en 2023 gr\u00e2ce \u00e0 une approche diversifi\u00e9e et un engagement ESG solide.\" \/>\n<meta name=\"robots\" content=\"index, follow, max-snippet:-1, max-image-preview:large, max-video-preview:-1\" \/>\n<link rel=\"canonical\" href=\"https:\/\/www.rock-n-data.io\/fr\/paref-consolide-son-chiffre-daffaires-grace-a-ses-activites-diversifiees\/\" \/>\n<meta property=\"og:locale\" content=\"fr_FR\" \/>\n<meta property=\"og:type\" content=\"article\" \/>\n<meta property=\"og:title\" content=\"PAREF \ud83c\udfe2: Strat\u00e9gie diversifi\u00e9e booste le chiffre d&#039;affaires en 2023\" \/>\n<meta property=\"og:description\" content=\"D\u00e9couvrez comment PAREF a renforc\u00e9 son chiffre d&#039;affaires \u00e0 33,8 M\u20ac en 2023 gr\u00e2ce \u00e0 une approche diversifi\u00e9e et un engagement ESG solide.\" \/>\n<meta property=\"og:url\" content=\"https:\/\/www.rock-n-data.io\/fr\/paref-consolide-son-chiffre-daffaires-grace-a-ses-activites-diversifiees\/\" \/>\n<meta property=\"og:site_name\" content=\"Rock &amp; DATA\" \/>\n<meta property=\"article:published_time\" content=\"2024-03-05T16:34:58+00:00\" \/>\n<meta property=\"article:modified_time\" content=\"2024-03-06T15:05:57+00:00\" \/>\n<meta property=\"og:image\" content=\"https:\/\/www.rock-n-data.io\/wp-content\/uploads\/2024\/03\/paref-vignette.jpg\" \/>\n\t<meta property=\"og:image:width\" content=\"300\" \/>\n\t<meta property=\"og:image:height\" content=\"200\" \/>\n\t<meta property=\"og:image:type\" content=\"image\/jpeg\" \/>\n<meta name=\"author\" content=\"Rock &amp; DATA\" \/>\n<meta name=\"twitter:card\" content=\"summary_large_image\" \/>\n<meta name=\"twitter:label1\" content=\"\u00c9crit par\" \/>\n\t<meta name=\"twitter:data1\" content=\"Rock &amp; DATA\" \/>\n\t<meta name=\"twitter:label2\" content=\"Dur\u00e9e de lecture estim\u00e9e\" \/>\n\t<meta name=\"twitter:data2\" content=\"3 minutes\" \/>\n<script type=\"application\/ld+json\" class=\"yoast-schema-graph\">{\"@context\":\"https:\\\/\\\/schema.org\",\"@graph\":[{\"@type\":\"Article\",\"@id\":\"https:\\\/\\\/www.rock-n-data.io\\\/fr\\\/paref-consolide-son-chiffre-daffaires-grace-a-ses-activites-diversifiees\\\/#article\",\"isPartOf\":{\"@id\":\"https:\\\/\\\/www.rock-n-data.io\\\/fr\\\/paref-consolide-son-chiffre-daffaires-grace-a-ses-activites-diversifiees\\\/\"},\"author\":{\"name\":\"Rock &amp; DATA\",\"@id\":\"https:\\\/\\\/www.rock-n-data.io\\\/fr\\\/#\\\/schema\\\/person\\\/9bc10987a0538f4580eb261ee8bb3257\"},\"headline\":\"PAREF consolide son chiffre d'affaires gr\u00e2ce \u00e0 ses activit\u00e9s diversifi\u00e9es\",\"datePublished\":\"2024-03-05T16:34:58+00:00\",\"dateModified\":\"2024-03-06T15:05:57+00:00\",\"mainEntityOfPage\":{\"@id\":\"https:\\\/\\\/www.rock-n-data.io\\\/fr\\\/paref-consolide-son-chiffre-daffaires-grace-a-ses-activites-diversifiees\\\/\"},\"wordCount\":563,\"image\":{\"@id\":\"https:\\\/\\\/www.rock-n-data.io\\\/fr\\\/paref-consolide-son-chiffre-daffaires-grace-a-ses-activites-diversifiees\\\/#primaryimage\"},\"thumbnailUrl\":\"https:\\\/\\\/www.rock-n-data.io\\\/wp-content\\\/uploads\\\/2024\\\/03\\\/paref-vignette.jpg\",\"keywords\":[\"Chiffre d'affaires\",\"Engagement ESG\",\"Finance durable\",\"Immobilier\",\"March\u00e9 immobilier\",\"PAREF\",\"Strat\u00e9gie diversifi\u00e9e\"],\"articleSection\":[\"Investissement\"],\"inLanguage\":\"fr-FR\"},{\"@type\":\"WebPage\",\"@id\":\"https:\\\/\\\/www.rock-n-data.io\\\/fr\\\/paref-consolide-son-chiffre-daffaires-grace-a-ses-activites-diversifiees\\\/\",\"url\":\"https:\\\/\\\/www.rock-n-data.io\\\/fr\\\/paref-consolide-son-chiffre-daffaires-grace-a-ses-activites-diversifiees\\\/\",\"name\":\"PAREF \ud83c\udfe2: Strat\u00e9gie diversifi\u00e9e booste le chiffre d'affaires en 2023\",\"isPartOf\":{\"@id\":\"https:\\\/\\\/www.rock-n-data.io\\\/fr\\\/#website\"},\"primaryImageOfPage\":{\"@id\":\"https:\\\/\\\/www.rock-n-data.io\\\/fr\\\/paref-consolide-son-chiffre-daffaires-grace-a-ses-activites-diversifiees\\\/#primaryimage\"},\"image\":{\"@id\":\"https:\\\/\\\/www.rock-n-data.io\\\/fr\\\/paref-consolide-son-chiffre-daffaires-grace-a-ses-activites-diversifiees\\\/#primaryimage\"},\"thumbnailUrl\":\"https:\\\/\\\/www.rock-n-data.io\\\/wp-content\\\/uploads\\\/2024\\\/03\\\/paref-vignette.jpg\",\"datePublished\":\"2024-03-05T16:34:58+00:00\",\"dateModified\":\"2024-03-06T15:05:57+00:00\",\"author\":{\"@id\":\"https:\\\/\\\/www.rock-n-data.io\\\/fr\\\/#\\\/schema\\\/person\\\/9bc10987a0538f4580eb261ee8bb3257\"},\"description\":\"D\u00e9couvrez comment PAREF a renforc\u00e9 son chiffre d'affaires \u00e0 33,8 M\u20ac en 2023 gr\u00e2ce \u00e0 une approche diversifi\u00e9e et un engagement ESG solide.\",\"breadcrumb\":{\"@id\":\"https:\\\/\\\/www.rock-n-data.io\\\/fr\\\/paref-consolide-son-chiffre-daffaires-grace-a-ses-activites-diversifiees\\\/#breadcrumb\"},\"inLanguage\":\"fr-FR\",\"potentialAction\":[{\"@type\":\"ReadAction\",\"target\":[\"https:\\\/\\\/www.rock-n-data.io\\\/fr\\\/paref-consolide-son-chiffre-daffaires-grace-a-ses-activites-diversifiees\\\/\"]}]},{\"@type\":\"ImageObject\",\"inLanguage\":\"fr-FR\",\"@id\":\"https:\\\/\\\/www.rock-n-data.io\\\/fr\\\/paref-consolide-son-chiffre-daffaires-grace-a-ses-activites-diversifiees\\\/#primaryimage\",\"url\":\"https:\\\/\\\/www.rock-n-data.io\\\/wp-content\\\/uploads\\\/2024\\\/03\\\/paref-vignette.jpg\",\"contentUrl\":\"https:\\\/\\\/www.rock-n-data.io\\\/wp-content\\\/uploads\\\/2024\\\/03\\\/paref-vignette.jpg\",\"width\":300,\"height\":200,\"caption\":\"paref-consolide-son-chiffre-d-affaires-grace-a-ses-activites-diversifiees\"},{\"@type\":\"BreadcrumbList\",\"@id\":\"https:\\\/\\\/www.rock-n-data.io\\\/fr\\\/paref-consolide-son-chiffre-daffaires-grace-a-ses-activites-diversifiees\\\/#breadcrumb\",\"itemListElement\":[{\"@type\":\"ListItem\",\"position\":1,\"name\":\"Home\",\"item\":\"https:\\\/\\\/www.rock-n-data.io\\\/fr\\\/\"},{\"@type\":\"ListItem\",\"position\":2,\"name\":\"PAREF consolide son chiffre d'affaires gr\u00e2ce \u00e0 ses activit\u00e9s diversifi\u00e9es\"}]},{\"@type\":\"WebSite\",\"@id\":\"https:\\\/\\\/www.rock-n-data.io\\\/fr\\\/#website\",\"url\":\"https:\\\/\\\/www.rock-n-data.io\\\/fr\\\/\",\"name\":\"Rock &amp; DATA\",\"description\":\"When data meets commercial real estate investment\",\"potentialAction\":[{\"@type\":\"SearchAction\",\"target\":{\"@type\":\"EntryPoint\",\"urlTemplate\":\"https:\\\/\\\/www.rock-n-data.io\\\/fr\\\/?s={search_term_string}\"},\"query-input\":{\"@type\":\"PropertyValueSpecification\",\"valueRequired\":true,\"valueName\":\"search_term_string\"}}],\"inLanguage\":\"fr-FR\"},{\"@type\":\"Person\",\"@id\":\"https:\\\/\\\/www.rock-n-data.io\\\/fr\\\/#\\\/schema\\\/person\\\/9bc10987a0538f4580eb261ee8bb3257\",\"name\":\"Rock &amp; DATA\",\"image\":{\"@type\":\"ImageObject\",\"inLanguage\":\"fr-FR\",\"@id\":\"https:\\\/\\\/secure.gravatar.com\\\/avatar\\\/b94d4fc7b613a57715e272f17d430c39f49617a953e6b09d5da69b3774d096c0?s=96&d=mm&r=g\",\"url\":\"https:\\\/\\\/secure.gravatar.com\\\/avatar\\\/b94d4fc7b613a57715e272f17d430c39f49617a953e6b09d5da69b3774d096c0?s=96&d=mm&r=g\",\"contentUrl\":\"https:\\\/\\\/secure.gravatar.com\\\/avatar\\\/b94d4fc7b613a57715e272f17d430c39f49617a953e6b09d5da69b3774d096c0?s=96&d=mm&r=g\",\"caption\":\"Rock &amp; DATA\"},\"url\":\"https:\\\/\\\/www.rock-n-data.io\\\/fr\\\/author\\\/contact\\\/\"}]}<\/script>\n<!-- \/ Yoast SEO plugin. -->","yoast_head_json":{"title":"PAREF \ud83c\udfe2: Strat\u00e9gie diversifi\u00e9e booste le chiffre d'affaires en 2023","description":"D\u00e9couvrez comment PAREF a renforc\u00e9 son chiffre d'affaires \u00e0 33,8 M\u20ac en 2023 gr\u00e2ce \u00e0 une approche diversifi\u00e9e et un engagement ESG solide.","robots":{"index":"index","follow":"follow","max-snippet":"max-snippet:-1","max-image-preview":"max-image-preview:large","max-video-preview":"max-video-preview:-1"},"canonical":"https:\/\/www.rock-n-data.io\/fr\/paref-consolide-son-chiffre-daffaires-grace-a-ses-activites-diversifiees\/","og_locale":"fr_FR","og_type":"article","og_title":"PAREF \ud83c\udfe2: Strat\u00e9gie diversifi\u00e9e booste le chiffre d'affaires en 2023","og_description":"D\u00e9couvrez comment PAREF a renforc\u00e9 son chiffre d'affaires \u00e0 33,8 M\u20ac en 2023 gr\u00e2ce \u00e0 une approche diversifi\u00e9e et un engagement ESG solide.","og_url":"https:\/\/www.rock-n-data.io\/fr\/paref-consolide-son-chiffre-daffaires-grace-a-ses-activites-diversifiees\/","og_site_name":"Rock &amp; DATA","article_published_time":"2024-03-05T16:34:58+00:00","article_modified_time":"2024-03-06T15:05:57+00:00","og_image":[{"width":300,"height":200,"url":"https:\/\/www.rock-n-data.io\/wp-content\/uploads\/2024\/03\/paref-vignette.jpg","type":"image\/jpeg"}],"author":"Rock &amp; DATA","twitter_card":"summary_large_image","twitter_misc":{"\u00c9crit par":"Rock &amp; DATA","Dur\u00e9e de lecture estim\u00e9e":"3 minutes"},"schema":{"@context":"https:\/\/schema.org","@graph":[{"@type":"Article","@id":"https:\/\/www.rock-n-data.io\/fr\/paref-consolide-son-chiffre-daffaires-grace-a-ses-activites-diversifiees\/#article","isPartOf":{"@id":"https:\/\/www.rock-n-data.io\/fr\/paref-consolide-son-chiffre-daffaires-grace-a-ses-activites-diversifiees\/"},"author":{"name":"Rock &amp; DATA","@id":"https:\/\/www.rock-n-data.io\/fr\/#\/schema\/person\/9bc10987a0538f4580eb261ee8bb3257"},"headline":"PAREF consolide son chiffre d'affaires gr\u00e2ce \u00e0 ses activit\u00e9s diversifi\u00e9es","datePublished":"2024-03-05T16:34:58+00:00","dateModified":"2024-03-06T15:05:57+00:00","mainEntityOfPage":{"@id":"https:\/\/www.rock-n-data.io\/fr\/paref-consolide-son-chiffre-daffaires-grace-a-ses-activites-diversifiees\/"},"wordCount":563,"image":{"@id":"https:\/\/www.rock-n-data.io\/fr\/paref-consolide-son-chiffre-daffaires-grace-a-ses-activites-diversifiees\/#primaryimage"},"thumbnailUrl":"https:\/\/www.rock-n-data.io\/wp-content\/uploads\/2024\/03\/paref-vignette.jpg","keywords":["Chiffre d'affaires","Engagement ESG","Finance durable","Immobilier","March\u00e9 immobilier","PAREF","Strat\u00e9gie diversifi\u00e9e"],"articleSection":["Investissement"],"inLanguage":"fr-FR"},{"@type":"WebPage","@id":"https:\/\/www.rock-n-data.io\/fr\/paref-consolide-son-chiffre-daffaires-grace-a-ses-activites-diversifiees\/","url":"https:\/\/www.rock-n-data.io\/fr\/paref-consolide-son-chiffre-daffaires-grace-a-ses-activites-diversifiees\/","name":"PAREF \ud83c\udfe2: Strat\u00e9gie diversifi\u00e9e booste le chiffre d'affaires en 2023","isPartOf":{"@id":"https:\/\/www.rock-n-data.io\/fr\/#website"},"primaryImageOfPage":{"@id":"https:\/\/www.rock-n-data.io\/fr\/paref-consolide-son-chiffre-daffaires-grace-a-ses-activites-diversifiees\/#primaryimage"},"image":{"@id":"https:\/\/www.rock-n-data.io\/fr\/paref-consolide-son-chiffre-daffaires-grace-a-ses-activites-diversifiees\/#primaryimage"},"thumbnailUrl":"https:\/\/www.rock-n-data.io\/wp-content\/uploads\/2024\/03\/paref-vignette.jpg","datePublished":"2024-03-05T16:34:58+00:00","dateModified":"2024-03-06T15:05:57+00:00","author":{"@id":"https:\/\/www.rock-n-data.io\/fr\/#\/schema\/person\/9bc10987a0538f4580eb261ee8bb3257"},"description":"D\u00e9couvrez comment PAREF a renforc\u00e9 son chiffre d'affaires \u00e0 33,8 M\u20ac en 2023 gr\u00e2ce \u00e0 une approche diversifi\u00e9e et un engagement ESG solide.","breadcrumb":{"@id":"https:\/\/www.rock-n-data.io\/fr\/paref-consolide-son-chiffre-daffaires-grace-a-ses-activites-diversifiees\/#breadcrumb"},"inLanguage":"fr-FR","potentialAction":[{"@type":"ReadAction","target":["https:\/\/www.rock-n-data.io\/fr\/paref-consolide-son-chiffre-daffaires-grace-a-ses-activites-diversifiees\/"]}]},{"@type":"ImageObject","inLanguage":"fr-FR","@id":"https:\/\/www.rock-n-data.io\/fr\/paref-consolide-son-chiffre-daffaires-grace-a-ses-activites-diversifiees\/#primaryimage","url":"https:\/\/www.rock-n-data.io\/wp-content\/uploads\/2024\/03\/paref-vignette.jpg","contentUrl":"https:\/\/www.rock-n-data.io\/wp-content\/uploads\/2024\/03\/paref-vignette.jpg","width":300,"height":200,"caption":"paref-consolide-son-chiffre-d-affaires-grace-a-ses-activites-diversifiees"},{"@type":"BreadcrumbList","@id":"https:\/\/www.rock-n-data.io\/fr\/paref-consolide-son-chiffre-daffaires-grace-a-ses-activites-diversifiees\/#breadcrumb","itemListElement":[{"@type":"ListItem","position":1,"name":"Home","item":"https:\/\/www.rock-n-data.io\/fr\/"},{"@type":"ListItem","position":2,"name":"PAREF consolide son chiffre d'affaires gr\u00e2ce \u00e0 ses activit\u00e9s diversifi\u00e9es"}]},{"@type":"WebSite","@id":"https:\/\/www.rock-n-data.io\/fr\/#website","url":"https:\/\/www.rock-n-data.io\/fr\/","name":"Rock &amp; DATA","description":"When data meets commercial real estate investment","potentialAction":[{"@type":"SearchAction","target":{"@type":"EntryPoint","urlTemplate":"https:\/\/www.rock-n-data.io\/fr\/?s={search_term_string}"},"query-input":{"@type":"PropertyValueSpecification","valueRequired":true,"valueName":"search_term_string"}}],"inLanguage":"fr-FR"},{"@type":"Person","@id":"https:\/\/www.rock-n-data.io\/fr\/#\/schema\/person\/9bc10987a0538f4580eb261ee8bb3257","name":"Rock &amp; DATA","image":{"@type":"ImageObject","inLanguage":"fr-FR","@id":"https:\/\/secure.gravatar.com\/avatar\/b94d4fc7b613a57715e272f17d430c39f49617a953e6b09d5da69b3774d096c0?s=96&d=mm&r=g","url":"https:\/\/secure.gravatar.com\/avatar\/b94d4fc7b613a57715e272f17d430c39f49617a953e6b09d5da69b3774d096c0?s=96&d=mm&r=g","contentUrl":"https:\/\/secure.gravatar.com\/avatar\/b94d4fc7b613a57715e272f17d430c39f49617a953e6b09d5da69b3774d096c0?s=96&d=mm&r=g","caption":"Rock &amp; DATA"},"url":"https:\/\/www.rock-n-data.io\/fr\/author\/contact\/"}]}},"_links":{"self":[{"href":"https:\/\/www.rock-n-data.io\/fr\/wp-json\/wp\/v2\/posts\/4896","targetHints":{"allow":["GET"]}}],"collection":[{"href":"https:\/\/www.rock-n-data.io\/fr\/wp-json\/wp\/v2\/posts"}],"about":[{"href":"https:\/\/www.rock-n-data.io\/fr\/wp-json\/wp\/v2\/types\/post"}],"author":[{"embeddable":true,"href":"https:\/\/www.rock-n-data.io\/fr\/wp-json\/wp\/v2\/users\/6"}],"replies":[{"embeddable":true,"href":"https:\/\/www.rock-n-data.io\/fr\/wp-json\/wp\/v2\/comments?post=4896"}],"version-history":[{"count":0,"href":"https:\/\/www.rock-n-data.io\/fr\/wp-json\/wp\/v2\/posts\/4896\/revisions"}],"wp:featuredmedia":[{"embeddable":true,"href":"https:\/\/www.rock-n-data.io\/fr\/wp-json\/wp\/v2\/media\/4900"}],"wp:attachment":[{"href":"https:\/\/www.rock-n-data.io\/fr\/wp-json\/wp\/v2\/media?parent=4896"}],"wp:term":[{"taxonomy":"category","embeddable":true,"href":"https:\/\/www.rock-n-data.io\/fr\/wp-json\/wp\/v2\/categories?post=4896"},{"taxonomy":"post_tag","embeddable":true,"href":"https:\/\/www.rock-n-data.io\/fr\/wp-json\/wp\/v2\/tags?post=4896"}],"curies":[{"name":"wp","href":"https:\/\/api.w.org\/{rel}","templated":true}]}}