{"id":5250,"date":"2024-10-03T15:04:57","date_gmt":"2024-10-03T15:04:57","guid":{"rendered":"https:\/\/www.rock-n-data.io\/?p=5250"},"modified":"2024-10-03T15:04:58","modified_gmt":"2024-10-03T15:04:58","slug":"edf-invest-et-generali-real-estate-annoncent-un-programme-de-co-investissement-dans-la-logistique","status":"publish","type":"post","link":"https:\/\/www.rock-n-data.io\/fr\/edf-invest-et-generali-real-estate-annoncent-un-programme-de-co-investissement-dans-la-logistique\/","title":{"rendered":"EDF Invest et Generali Real Estate annoncent un programme de co-investissement dans la logistique"},"content":{"rendered":"\n<h3 class=\"wp-block-heading\"><strong>Un partenariat strat\u00e9gique dans le secteur logistique<\/strong><\/h3>\n\n\n\n<p><strong>EDF Invest<\/strong> et <strong>Generali Real Estate<\/strong> ont annonc\u00e9 la signature d\u2019un accord de <strong>co-investissement<\/strong> dans le domaine de la logistique. Cet accord concerne la participation \u00e0 hauteur de 50 % d'EDF Invest dans le v\u00e9hicule d'investissement existant <a href=\"https:\/\/www.meilleurescpi.com\/conseils\/quest-ce-quun-oppci\/\">OPPCI<\/a> <strong>Parcolog Invest<\/strong>, d\u00e9tenu pr\u00e9c\u00e9demment en totalit\u00e9 par Generali. L'objectif de ce partenariat est de d\u00e9velopper un portefeuille d'actifs logistiques en France, dont la valeur s'\u00e9l\u00e8ve actuellement \u00e0 environ <strong>400 millions d\u2019euros<\/strong>.<\/p>\n\n\n\n<p>Avec cette acquisition, EDF Invest renforce sa pr\u00e9sence sur le march\u00e9 de la logistique, un secteur en pleine expansion, tandis que Generali continue de d\u00e9tenir les 50 % restants du portefeuille via son fonds paneurop\u00e9en de logistique, le <strong>GRELF<\/strong>.<\/p>\n\n\n\n<p>l\u00e9mence Caniaux, Head of Real Estate chez <strong>EDF Invest<\/strong> d\u00e9clare : <\/p>\n\n\n\n<blockquote class=\"wp-block-quote is-layout-flow wp-block-quote-is-layout-flow\">\n<p>Ce partenariat s'inscrit parfaitement dans notre strat\u00e9gie de diversification des actifs tout en capitalisant sur des secteurs porteurs comme la logistique<\/p>\n<\/blockquote>\n\n\n\n<h3 class=\"wp-block-heading\"><strong>Un portefeuille d\u2019actifs logistiques de haute qualit\u00e9<\/strong><\/h3>\n\n\n\n<p>Le portefeuille de <strong>Parcolog Invest<\/strong> est compos\u00e9 de neuf actifs logistiques situ\u00e9s dans des zones strat\u00e9giques en France. Parmi ces actifs, on trouve des plateformes logistiques XXL \u00e0 <strong>H\u00e9nin Beaumont<\/strong> et \u00e0 <strong>La Plaine de l'Ain<\/strong>, ainsi que des sites \u00e0 <strong>Marseille<\/strong>, <strong>Le Mans<\/strong> et <strong>Bourg-en-Bresse<\/strong>. Ces actifs, de par leur emplacement et leur taille, r\u00e9pondent aux besoins croissants du march\u00e9 de la logistique.<\/p>\n\n\n\n<p>Pierre-David Baylac, Responsable Logistique Europe chez <strong>Generali Real Estate<\/strong> souligne : <\/p>\n\n\n\n<blockquote class=\"wp-block-quote is-layout-flow wp-block-quote-is-layout-flow\">\n<p>Nous sommes ravis de pouvoir \u00e9tendre notre pr\u00e9sence dans le secteur logistique en France \u00e0 un moment opportun du march\u00e9 <\/p>\n<\/blockquote>\n\n\n\n<h3 class=\"wp-block-heading\"><strong>Une strat\u00e9gie de d\u00e9veloppement \u00e0 long terme<\/strong><\/h3>\n\n\n\n<p>Le programme de <strong>co-investissement<\/strong> entre EDF Invest et Generali Real Estate a pour objectif de faire cro\u00eetre le portefeuille d'actifs logistiques dans les ann\u00e9es \u00e0 venir. Les deux entit\u00e9s pr\u00e9voient de r\u00e9aliser de nouvelles <strong>acquisitions<\/strong> et de d\u00e9velopper des projets suppl\u00e9mentaires pour r\u00e9pondre \u00e0 la demande croissante dans le secteur.<\/p>\n\n\n\n<p>Le v\u00e9hicule d'investissement Parcolog Invest sera le principal levier de cette croissance en France. De son c\u00f4t\u00e9, Generali continuera de renforcer sa position en Europe continentale gr\u00e2ce \u00e0 son fonds GRELF. Cette strat\u00e9gie s'appuie sur une <strong>gestion active<\/strong> des actifs logistiques afin de maximiser la performance et la valeur du portefeuille.<\/p>\n\n\n\n<h3 class=\"wp-block-heading\"><strong>Tableau r\u00e9capitulatif des actifs de Parcolog Invest<\/strong><\/h3>\n\n\n\n<figure class=\"wp-block-table\"><table class=\"has-fixed-layout\"><tbody><tr><td class=\"has-text-align-center\" data-align=\"center\">Localisation<\/td><td class=\"has-text-align-center\" data-align=\"center\">Type d\u2019actif<\/td><td class=\"has-text-align-center\" data-align=\"center\">Valeur estim\u00e9e<\/td><\/tr><tr><td class=\"has-text-align-center\" data-align=\"center\">H\u00e9nin Beaumont<\/td><td class=\"has-text-align-center\" data-align=\"center\">Plateforme logistique XXL<\/td><td class=\"has-text-align-center\" data-align=\"center\">400 M\u20ac<\/td><\/tr><tr><td class=\"has-text-align-center\" data-align=\"center\">La Plaine de l\u2019Ain (Lyon)<\/td><td class=\"has-text-align-center\" data-align=\"center\">Plateforme logistique XXL<\/td><td class=\"has-text-align-center\" data-align=\"center\">Incluse<\/td><\/tr><tr><td class=\"has-text-align-center\" data-align=\"center\">Marseille Cl\u00e9sud<\/td><td class=\"has-text-align-center\" data-align=\"center\">Parc logistique<\/td><td class=\"has-text-align-center\" data-align=\"center\">Incluse<\/td><\/tr><tr><td class=\"has-text-align-center\" data-align=\"center\">Le Mans<\/td><td class=\"has-text-align-center\" data-align=\"center\">Actif logistique<\/td><td class=\"has-text-align-center\" data-align=\"center\">Incluse<\/td><\/tr><tr><td class=\"has-text-align-center\" data-align=\"center\">Bourg-en-Bresse<\/td><td class=\"has-text-align-center\" data-align=\"center\">Actif logistique<\/td><td class=\"has-text-align-center\" data-align=\"center\">Incluse<\/td><\/tr><\/tbody><\/table><\/figure>\n\n\n\n<h3 class=\"wp-block-heading\"><strong>Un financement assur\u00e9 par des banques de premier plan<\/strong><\/h3>\n\n\n\n<p>Le financement du v\u00e9hicule Parcolog Invest a \u00e9t\u00e9 assur\u00e9 par un pool bancaire de premier rang. Ce pool inclut CACIB, BNPP et Soci\u00e9t\u00e9 G\u00e9n\u00e9rale. Ces \u00e9tablissements ont contribu\u00e9 \u00e0 garantir la viabilit\u00e9 du projet \u00e0 long terme et \u00e0 faciliter les nouvelles acquisitions.<\/p>\n\n\n\n<p>S\u00e9bastien Pezet, Responsable Europe de l'Ouest chez <strong>Generali Real Estate<\/strong> indique : <\/p>\n\n\n\n<blockquote class=\"wp-block-quote is-layout-flow wp-block-quote-is-layout-flow\">\n<p>Le soutien des banques fran\u00e7aises de premier rang d\u00e9montre la solidit\u00e9 de notre strat\u00e9gie d\u2019investissement dans la logistique <\/p>\n<\/blockquote>\n\n\n\n<h3 class=\"wp-block-heading\"><strong>Conclusion<\/strong><\/h3>\n\n\n\n<p>Ce programme de co-investissement entre EDF Invest et Generali Real Estate marque une \u00e9tape importante. Il contribue au d\u00e9veloppement du secteur logistique en France. Les deux partenaires disposent d\u2019un portefeuille d\u2019actifs de haute qualit\u00e9. Gr\u00e2ce \u00e0 une strat\u00e9gie de croissance \u00e0 long terme, ils s\u2019assurent une position solide sur un march\u00e9 en pleine expansion.<br><\/p>\n\n\n\n<p>\u00c0 lire \u00e9galement :&nbsp;<\/p>\n\n\n\n<p><a href=\"https:\/\/www.rock-n-data.io\/fr\/selectirente-recoit-un-epra-sbpr-pour-ses-performances-durables\/\">Un EPRA sBPR a \u00e9t\u00e9 d\u00e9cern\u00e9 \u00e0 SELECTIRENTE pour ses performances en mati\u00e8re de durabilit\u00e9<\/a><\/p>\n","protected":false},"excerpt":{"rendered":"<p>Un partenariat strat\u00e9gique dans le secteur logistique EDF Invest et Generali Real Estate ont annonc\u00e9 la signature d\u2019un accord de co-investissement dans le domaine de la logistique. Cet accord concerne la participation \u00e0 hauteur de 50 % d'EDF Invest dans le v\u00e9hicule d'investissement existant OPPCI Parcolog Invest, d\u00e9tenu pr\u00e9c\u00e9demment en totalit\u00e9 par Generali. L'objectif de [&hellip;]<\/p>\n","protected":false},"author":6,"featured_media":5253,"comment_status":"closed","ping_status":"closed","sticky":false,"template":"","format":"standard","meta":{"_acf_changed":false,"inline_featured_image":false,"footnotes":""},"categories":[74],"tags":[236,235,232,238,233,239,240,234,237,241],"class_list":["post-5250","post","type-post","status-publish","format-standard","has-post-thumbnail","hentry","category-investissement","tag-actifs-logistiques","tag-co-investissement","tag-edf-invest","tag-fonds-grelf","tag-generali-real-estate","tag-immobilier-logistique","tag-investissement-logistique","tag-logistique","tag-parcolog-invest","tag-plateformes-xxl","post-wrapper"],"acf":[],"yoast_head":"<!-- This site is optimized with the Yoast SEO plugin v27.5 - https:\/\/yoast.com\/product\/yoast-seo-wordpress\/ -->\n<title>EDF Invest et Generali Real Estate : Co-investissement logistique<\/title>\n<meta name=\"description\" content=\"EDF Invest et Generali Real Estate annoncent un programme de co-investissement dans la logistique avec un portefeuille d\u2019actifs de 400 M\u20ac.\" \/>\n<meta name=\"robots\" content=\"index, follow, max-snippet:-1, max-image-preview:large, max-video-preview:-1\" \/>\n<link rel=\"canonical\" href=\"https:\/\/www.rock-n-data.io\/fr\/edf-invest-et-generali-real-estate-annoncent-un-programme-de-co-investissement-dans-la-logistique\/\" \/>\n<meta property=\"og:locale\" content=\"fr_FR\" \/>\n<meta property=\"og:type\" content=\"article\" \/>\n<meta property=\"og:title\" content=\"EDF Invest et Generali Real Estate : Co-investissement logistique\" \/>\n<meta property=\"og:description\" content=\"EDF Invest et Generali Real Estate annoncent un programme de co-investissement dans la logistique avec un portefeuille d\u2019actifs de 400 M\u20ac.\" \/>\n<meta property=\"og:url\" content=\"https:\/\/www.rock-n-data.io\/fr\/edf-invest-et-generali-real-estate-annoncent-un-programme-de-co-investissement-dans-la-logistique\/\" \/>\n<meta property=\"og:site_name\" content=\"Rock &amp; DATA\" \/>\n<meta property=\"article:published_time\" content=\"2024-10-03T15:04:57+00:00\" \/>\n<meta property=\"article:modified_time\" content=\"2024-10-03T15:04:58+00:00\" \/>\n<meta property=\"og:image\" content=\"https:\/\/www.rock-n-data.io\/wp-content\/uploads\/2024\/10\/EDF-Invest-header.jpg\" \/>\n\t<meta property=\"og:image:width\" content=\"800\" \/>\n\t<meta property=\"og:image:height\" content=\"600\" \/>\n\t<meta property=\"og:image:type\" content=\"image\/jpeg\" \/>\n<meta name=\"author\" content=\"Rock &amp; DATA\" \/>\n<meta name=\"twitter:card\" content=\"summary_large_image\" \/>\n<meta name=\"twitter:label1\" content=\"\u00c9crit par\" \/>\n\t<meta name=\"twitter:data1\" content=\"Rock &amp; DATA\" \/>\n\t<meta name=\"twitter:label2\" content=\"Dur\u00e9e de lecture estim\u00e9e\" \/>\n\t<meta name=\"twitter:data2\" content=\"3 minutes\" \/>\n<script type=\"application\/ld+json\" class=\"yoast-schema-graph\">{\"@context\":\"https:\\\/\\\/schema.org\",\"@graph\":[{\"@type\":\"Article\",\"@id\":\"https:\\\/\\\/www.rock-n-data.io\\\/fr\\\/edf-invest-et-generali-real-estate-annoncent-un-programme-de-co-investissement-dans-la-logistique\\\/#article\",\"isPartOf\":{\"@id\":\"https:\\\/\\\/www.rock-n-data.io\\\/fr\\\/edf-invest-et-generali-real-estate-annoncent-un-programme-de-co-investissement-dans-la-logistique\\\/\"},\"author\":{\"name\":\"Rock &amp; DATA\",\"@id\":\"https:\\\/\\\/www.rock-n-data.io\\\/fr\\\/#\\\/schema\\\/person\\\/9bc10987a0538f4580eb261ee8bb3257\"},\"headline\":\"EDF Invest et Generali Real Estate annoncent un programme de co-investissement dans la logistique\",\"datePublished\":\"2024-10-03T15:04:57+00:00\",\"dateModified\":\"2024-10-03T15:04:58+00:00\",\"mainEntityOfPage\":{\"@id\":\"https:\\\/\\\/www.rock-n-data.io\\\/fr\\\/edf-invest-et-generali-real-estate-annoncent-un-programme-de-co-investissement-dans-la-logistique\\\/\"},\"wordCount\":612,\"image\":{\"@id\":\"https:\\\/\\\/www.rock-n-data.io\\\/fr\\\/edf-invest-et-generali-real-estate-annoncent-un-programme-de-co-investissement-dans-la-logistique\\\/#primaryimage\"},\"thumbnailUrl\":\"https:\\\/\\\/www.rock-n-data.io\\\/wp-content\\\/uploads\\\/2024\\\/10\\\/EDF-Invest-header.jpg\",\"keywords\":[\"Actifs logistiques\",\"Co-investissement\",\"EDF Invest\",\"Fonds GRELF\",\"Generali Real Estate\",\"Immobilier logistique\",\"Investissement logistique\",\"Logistique\",\"Parcolog Invest\",\"Plateformes XXL\"],\"articleSection\":[\"Investissement\"],\"inLanguage\":\"fr-FR\"},{\"@type\":\"WebPage\",\"@id\":\"https:\\\/\\\/www.rock-n-data.io\\\/fr\\\/edf-invest-et-generali-real-estate-annoncent-un-programme-de-co-investissement-dans-la-logistique\\\/\",\"url\":\"https:\\\/\\\/www.rock-n-data.io\\\/fr\\\/edf-invest-et-generali-real-estate-annoncent-un-programme-de-co-investissement-dans-la-logistique\\\/\",\"name\":\"EDF Invest et Generali Real Estate : Co-investissement logistique\",\"isPartOf\":{\"@id\":\"https:\\\/\\\/www.rock-n-data.io\\\/fr\\\/#website\"},\"primaryImageOfPage\":{\"@id\":\"https:\\\/\\\/www.rock-n-data.io\\\/fr\\\/edf-invest-et-generali-real-estate-annoncent-un-programme-de-co-investissement-dans-la-logistique\\\/#primaryimage\"},\"image\":{\"@id\":\"https:\\\/\\\/www.rock-n-data.io\\\/fr\\\/edf-invest-et-generali-real-estate-annoncent-un-programme-de-co-investissement-dans-la-logistique\\\/#primaryimage\"},\"thumbnailUrl\":\"https:\\\/\\\/www.rock-n-data.io\\\/wp-content\\\/uploads\\\/2024\\\/10\\\/EDF-Invest-header.jpg\",\"datePublished\":\"2024-10-03T15:04:57+00:00\",\"dateModified\":\"2024-10-03T15:04:58+00:00\",\"author\":{\"@id\":\"https:\\\/\\\/www.rock-n-data.io\\\/fr\\\/#\\\/schema\\\/person\\\/9bc10987a0538f4580eb261ee8bb3257\"},\"description\":\"EDF Invest et Generali Real Estate annoncent un programme de co-investissement dans la logistique avec un portefeuille d\u2019actifs de 400 M\u20ac.\",\"breadcrumb\":{\"@id\":\"https:\\\/\\\/www.rock-n-data.io\\\/fr\\\/edf-invest-et-generali-real-estate-annoncent-un-programme-de-co-investissement-dans-la-logistique\\\/#breadcrumb\"},\"inLanguage\":\"fr-FR\",\"potentialAction\":[{\"@type\":\"ReadAction\",\"target\":[\"https:\\\/\\\/www.rock-n-data.io\\\/fr\\\/edf-invest-et-generali-real-estate-annoncent-un-programme-de-co-investissement-dans-la-logistique\\\/\"]}]},{\"@type\":\"ImageObject\",\"inLanguage\":\"fr-FR\",\"@id\":\"https:\\\/\\\/www.rock-n-data.io\\\/fr\\\/edf-invest-et-generali-real-estate-annoncent-un-programme-de-co-investissement-dans-la-logistique\\\/#primaryimage\",\"url\":\"https:\\\/\\\/www.rock-n-data.io\\\/wp-content\\\/uploads\\\/2024\\\/10\\\/EDF-Invest-header.jpg\",\"contentUrl\":\"https:\\\/\\\/www.rock-n-data.io\\\/wp-content\\\/uploads\\\/2024\\\/10\\\/EDF-Invest-header.jpg\",\"width\":800,\"height\":600,\"caption\":\"edf-invest-et-generali-real-estate-annoncent-un-programme-de-co-investissement-dans-la-logistique\"},{\"@type\":\"BreadcrumbList\",\"@id\":\"https:\\\/\\\/www.rock-n-data.io\\\/fr\\\/edf-invest-et-generali-real-estate-annoncent-un-programme-de-co-investissement-dans-la-logistique\\\/#breadcrumb\",\"itemListElement\":[{\"@type\":\"ListItem\",\"position\":1,\"name\":\"Home\",\"item\":\"https:\\\/\\\/www.rock-n-data.io\\\/fr\\\/\"},{\"@type\":\"ListItem\",\"position\":2,\"name\":\"EDF Invest et Generali Real Estate annoncent un programme de co-investissement dans la logistique\"}]},{\"@type\":\"WebSite\",\"@id\":\"https:\\\/\\\/www.rock-n-data.io\\\/fr\\\/#website\",\"url\":\"https:\\\/\\\/www.rock-n-data.io\\\/fr\\\/\",\"name\":\"Rock &amp; DATA\",\"description\":\"When data meets commercial real estate investment\",\"potentialAction\":[{\"@type\":\"SearchAction\",\"target\":{\"@type\":\"EntryPoint\",\"urlTemplate\":\"https:\\\/\\\/www.rock-n-data.io\\\/fr\\\/?s={search_term_string}\"},\"query-input\":{\"@type\":\"PropertyValueSpecification\",\"valueRequired\":true,\"valueName\":\"search_term_string\"}}],\"inLanguage\":\"fr-FR\"},{\"@type\":\"Person\",\"@id\":\"https:\\\/\\\/www.rock-n-data.io\\\/fr\\\/#\\\/schema\\\/person\\\/9bc10987a0538f4580eb261ee8bb3257\",\"name\":\"Rock &amp; DATA\",\"image\":{\"@type\":\"ImageObject\",\"inLanguage\":\"fr-FR\",\"@id\":\"https:\\\/\\\/secure.gravatar.com\\\/avatar\\\/b94d4fc7b613a57715e272f17d430c39f49617a953e6b09d5da69b3774d096c0?s=96&d=mm&r=g\",\"url\":\"https:\\\/\\\/secure.gravatar.com\\\/avatar\\\/b94d4fc7b613a57715e272f17d430c39f49617a953e6b09d5da69b3774d096c0?s=96&d=mm&r=g\",\"contentUrl\":\"https:\\\/\\\/secure.gravatar.com\\\/avatar\\\/b94d4fc7b613a57715e272f17d430c39f49617a953e6b09d5da69b3774d096c0?s=96&d=mm&r=g\",\"caption\":\"Rock &amp; DATA\"},\"url\":\"https:\\\/\\\/www.rock-n-data.io\\\/fr\\\/author\\\/contact\\\/\"}]}<\/script>\n<!-- \/ Yoast SEO plugin. -->","yoast_head_json":{"title":"EDF Invest et Generali Real Estate : Co-investissement logistique","description":"EDF Invest et Generali Real Estate annoncent un programme de co-investissement dans la logistique avec un portefeuille d\u2019actifs de 400 M\u20ac.","robots":{"index":"index","follow":"follow","max-snippet":"max-snippet:-1","max-image-preview":"max-image-preview:large","max-video-preview":"max-video-preview:-1"},"canonical":"https:\/\/www.rock-n-data.io\/fr\/edf-invest-et-generali-real-estate-annoncent-un-programme-de-co-investissement-dans-la-logistique\/","og_locale":"fr_FR","og_type":"article","og_title":"EDF Invest et Generali Real Estate : Co-investissement logistique","og_description":"EDF Invest et Generali Real Estate annoncent un programme de co-investissement dans la logistique avec un portefeuille d\u2019actifs de 400 M\u20ac.","og_url":"https:\/\/www.rock-n-data.io\/fr\/edf-invest-et-generali-real-estate-annoncent-un-programme-de-co-investissement-dans-la-logistique\/","og_site_name":"Rock &amp; DATA","article_published_time":"2024-10-03T15:04:57+00:00","article_modified_time":"2024-10-03T15:04:58+00:00","og_image":[{"width":800,"height":600,"url":"https:\/\/www.rock-n-data.io\/wp-content\/uploads\/2024\/10\/EDF-Invest-header.jpg","type":"image\/jpeg"}],"author":"Rock &amp; DATA","twitter_card":"summary_large_image","twitter_misc":{"\u00c9crit par":"Rock &amp; DATA","Dur\u00e9e de lecture estim\u00e9e":"3 minutes"},"schema":{"@context":"https:\/\/schema.org","@graph":[{"@type":"Article","@id":"https:\/\/www.rock-n-data.io\/fr\/edf-invest-et-generali-real-estate-annoncent-un-programme-de-co-investissement-dans-la-logistique\/#article","isPartOf":{"@id":"https:\/\/www.rock-n-data.io\/fr\/edf-invest-et-generali-real-estate-annoncent-un-programme-de-co-investissement-dans-la-logistique\/"},"author":{"name":"Rock &amp; DATA","@id":"https:\/\/www.rock-n-data.io\/fr\/#\/schema\/person\/9bc10987a0538f4580eb261ee8bb3257"},"headline":"EDF Invest et Generali Real Estate annoncent un programme de co-investissement dans la logistique","datePublished":"2024-10-03T15:04:57+00:00","dateModified":"2024-10-03T15:04:58+00:00","mainEntityOfPage":{"@id":"https:\/\/www.rock-n-data.io\/fr\/edf-invest-et-generali-real-estate-annoncent-un-programme-de-co-investissement-dans-la-logistique\/"},"wordCount":612,"image":{"@id":"https:\/\/www.rock-n-data.io\/fr\/edf-invest-et-generali-real-estate-annoncent-un-programme-de-co-investissement-dans-la-logistique\/#primaryimage"},"thumbnailUrl":"https:\/\/www.rock-n-data.io\/wp-content\/uploads\/2024\/10\/EDF-Invest-header.jpg","keywords":["Actifs logistiques","Co-investissement","EDF Invest","Fonds GRELF","Generali Real Estate","Immobilier logistique","Investissement logistique","Logistique","Parcolog Invest","Plateformes XXL"],"articleSection":["Investissement"],"inLanguage":"fr-FR"},{"@type":"WebPage","@id":"https:\/\/www.rock-n-data.io\/fr\/edf-invest-et-generali-real-estate-annoncent-un-programme-de-co-investissement-dans-la-logistique\/","url":"https:\/\/www.rock-n-data.io\/fr\/edf-invest-et-generali-real-estate-annoncent-un-programme-de-co-investissement-dans-la-logistique\/","name":"EDF Invest et Generali Real Estate : Co-investissement logistique","isPartOf":{"@id":"https:\/\/www.rock-n-data.io\/fr\/#website"},"primaryImageOfPage":{"@id":"https:\/\/www.rock-n-data.io\/fr\/edf-invest-et-generali-real-estate-annoncent-un-programme-de-co-investissement-dans-la-logistique\/#primaryimage"},"image":{"@id":"https:\/\/www.rock-n-data.io\/fr\/edf-invest-et-generali-real-estate-annoncent-un-programme-de-co-investissement-dans-la-logistique\/#primaryimage"},"thumbnailUrl":"https:\/\/www.rock-n-data.io\/wp-content\/uploads\/2024\/10\/EDF-Invest-header.jpg","datePublished":"2024-10-03T15:04:57+00:00","dateModified":"2024-10-03T15:04:58+00:00","author":{"@id":"https:\/\/www.rock-n-data.io\/fr\/#\/schema\/person\/9bc10987a0538f4580eb261ee8bb3257"},"description":"EDF Invest et Generali Real Estate annoncent un programme de co-investissement dans la logistique avec un portefeuille d\u2019actifs de 400 M\u20ac.","breadcrumb":{"@id":"https:\/\/www.rock-n-data.io\/fr\/edf-invest-et-generali-real-estate-annoncent-un-programme-de-co-investissement-dans-la-logistique\/#breadcrumb"},"inLanguage":"fr-FR","potentialAction":[{"@type":"ReadAction","target":["https:\/\/www.rock-n-data.io\/fr\/edf-invest-et-generali-real-estate-annoncent-un-programme-de-co-investissement-dans-la-logistique\/"]}]},{"@type":"ImageObject","inLanguage":"fr-FR","@id":"https:\/\/www.rock-n-data.io\/fr\/edf-invest-et-generali-real-estate-annoncent-un-programme-de-co-investissement-dans-la-logistique\/#primaryimage","url":"https:\/\/www.rock-n-data.io\/wp-content\/uploads\/2024\/10\/EDF-Invest-header.jpg","contentUrl":"https:\/\/www.rock-n-data.io\/wp-content\/uploads\/2024\/10\/EDF-Invest-header.jpg","width":800,"height":600,"caption":"edf-invest-et-generali-real-estate-annoncent-un-programme-de-co-investissement-dans-la-logistique"},{"@type":"BreadcrumbList","@id":"https:\/\/www.rock-n-data.io\/fr\/edf-invest-et-generali-real-estate-annoncent-un-programme-de-co-investissement-dans-la-logistique\/#breadcrumb","itemListElement":[{"@type":"ListItem","position":1,"name":"Home","item":"https:\/\/www.rock-n-data.io\/fr\/"},{"@type":"ListItem","position":2,"name":"EDF Invest et Generali Real Estate annoncent un programme de co-investissement dans la logistique"}]},{"@type":"WebSite","@id":"https:\/\/www.rock-n-data.io\/fr\/#website","url":"https:\/\/www.rock-n-data.io\/fr\/","name":"Rock &amp; DATA","description":"When data meets commercial real estate investment","potentialAction":[{"@type":"SearchAction","target":{"@type":"EntryPoint","urlTemplate":"https:\/\/www.rock-n-data.io\/fr\/?s={search_term_string}"},"query-input":{"@type":"PropertyValueSpecification","valueRequired":true,"valueName":"search_term_string"}}],"inLanguage":"fr-FR"},{"@type":"Person","@id":"https:\/\/www.rock-n-data.io\/fr\/#\/schema\/person\/9bc10987a0538f4580eb261ee8bb3257","name":"Rock &amp; DATA","image":{"@type":"ImageObject","inLanguage":"fr-FR","@id":"https:\/\/secure.gravatar.com\/avatar\/b94d4fc7b613a57715e272f17d430c39f49617a953e6b09d5da69b3774d096c0?s=96&d=mm&r=g","url":"https:\/\/secure.gravatar.com\/avatar\/b94d4fc7b613a57715e272f17d430c39f49617a953e6b09d5da69b3774d096c0?s=96&d=mm&r=g","contentUrl":"https:\/\/secure.gravatar.com\/avatar\/b94d4fc7b613a57715e272f17d430c39f49617a953e6b09d5da69b3774d096c0?s=96&d=mm&r=g","caption":"Rock &amp; DATA"},"url":"https:\/\/www.rock-n-data.io\/fr\/author\/contact\/"}]}},"_links":{"self":[{"href":"https:\/\/www.rock-n-data.io\/fr\/wp-json\/wp\/v2\/posts\/5250","targetHints":{"allow":["GET"]}}],"collection":[{"href":"https:\/\/www.rock-n-data.io\/fr\/wp-json\/wp\/v2\/posts"}],"about":[{"href":"https:\/\/www.rock-n-data.io\/fr\/wp-json\/wp\/v2\/types\/post"}],"author":[{"embeddable":true,"href":"https:\/\/www.rock-n-data.io\/fr\/wp-json\/wp\/v2\/users\/6"}],"replies":[{"embeddable":true,"href":"https:\/\/www.rock-n-data.io\/fr\/wp-json\/wp\/v2\/comments?post=5250"}],"version-history":[{"count":0,"href":"https:\/\/www.rock-n-data.io\/fr\/wp-json\/wp\/v2\/posts\/5250\/revisions"}],"wp:featuredmedia":[{"embeddable":true,"href":"https:\/\/www.rock-n-data.io\/fr\/wp-json\/wp\/v2\/media\/5253"}],"wp:attachment":[{"href":"https:\/\/www.rock-n-data.io\/fr\/wp-json\/wp\/v2\/media?parent=5250"}],"wp:term":[{"taxonomy":"category","embeddable":true,"href":"https:\/\/www.rock-n-data.io\/fr\/wp-json\/wp\/v2\/categories?post=5250"},{"taxonomy":"post_tag","embeddable":true,"href":"https:\/\/www.rock-n-data.io\/fr\/wp-json\/wp\/v2\/tags?post=5250"}],"curies":[{"name":"wp","href":"https:\/\/api.w.org\/{rel}","templated":true}]}}