{"id":5409,"date":"2024-12-10T14:00:15","date_gmt":"2024-12-10T14:00:15","guid":{"rendered":"https:\/\/www.rock-n-data.io\/?p=5409"},"modified":"2024-12-10T14:00:19","modified_gmt":"2024-12-10T14:00:19","slug":"le-groupe-123-im-en-pleine-expansion-pierres-responsables-reim-et-une-acquisition-strategique","status":"publish","type":"post","link":"https:\/\/www.rock-n-data.io\/fr\/le-groupe-123-im-en-pleine-expansion-pierres-responsables-reim-et-une-acquisition-strategique\/","title":{"rendered":"Le groupe 123 IM en pleine expansion : Pierres Responsables REIM et une acquisition strat\u00e9gique"},"content":{"rendered":"\n<h3 class=\"wp-block-heading\"><strong>Un nouveau souffle avec Pierres Responsables REIM<\/strong><\/h3>\n\n\n\n<p>Le groupe 123 IM poursuit son ascension avec le lancement de <strong>Pierres Responsables REIM<\/strong>, une nouvelle soci\u00e9t\u00e9 de gestion d\u00e9di\u00e9e \u00e0 l\u2019investissement immobilier responsable. Ce projet s\u2019inscrit dans une strat\u00e9gie visant \u00e0 renforcer l\u2019engagement du groupe en faveur de la <strong>transition \u00e9cologique<\/strong> tout en r\u00e9pondant aux attentes croissantes des investisseurs pour des solutions durables.<\/p>\n\n\n\n<p>Cette nouvelle structure a pour mission de permettre :<\/p>\n\n\n\n<ul class=\"wp-block-list\">\n<li>Des investissements dans des actifs immobiliers <strong>verts<\/strong> ou en cours de r\u00e9habilitation environnementale.<\/li>\n\n\n\n<li>Une valorisation des performances financi\u00e8res tout en int\u00e9grant des crit\u00e8res <strong>ESG (Environnement, Social, Gouvernance)<\/strong>.<\/li>\n\n\n\n<li>Une diversification des opportunit\u00e9s sur des march\u00e9s porteurs.<\/li>\n<\/ul>\n\n\n\n<h3 class=\"wp-block-heading\"><strong>Acquisition d\u2019INFI : une \u00e9tape strat\u00e9gique<\/strong><\/h3>\n\n\n\n<p>Dans la continuit\u00e9 de sa dynamique, 123 IM a \u00e9galement officialis\u00e9 l'acquisition de INFI, une soci\u00e9t\u00e9 reconnue pour son expertise dans la gestion d\u2019actifs immobiliers tertiaires. Cette int\u00e9gration offre plusieurs avantages strat\u00e9giques :<\/p>\n\n\n\n<ol class=\"wp-block-list\">\n<li><strong>Consolidation des expertises<\/strong> : L\u2019int\u00e9gration des \u00e9quipes INFI renforce les capacit\u00e9s op\u00e9rationnelles et la gestion active des actifs immobiliers.<\/li>\n\n\n\n<li><strong>Acc\u00e8s \u00e0 un portefeuille \u00e9largi<\/strong> : Le groupe \u00e9largit sa pr\u00e9sence sur des segments immobiliers porteurs, notamment le secteur des bureaux et des commerces.<\/li>\n\n\n\n<li><strong>Cr\u00e9ation de synergies<\/strong> : Une mutualisation des ressources pour optimiser les co\u00fbts et la gestion.<\/li>\n<\/ol>\n\n\n\n<h3 class=\"wp-block-heading\"><strong>Les impacts pour le march\u00e9 de l\u2019investissement<\/strong><\/h3>\n\n\n\n<p>Ces deux annonces confirment la volont\u00e9 de 123 IM de s\u2019imposer comme un acteur cl\u00e9 de l\u2019investissement immobilier en France.<\/p>\n\n\n\n<ul class=\"wp-block-list\">\n<li>Le lancement de Pierres Responsables REIM marque un tournant vers une <strong>finance durable<\/strong>.<\/li>\n\n\n\n<li>L\u2019acquisition d\u2019INFI ouvre des perspectives de croissance rapide sur le march\u00e9 des SCPI et des OPCI.<\/li>\n<\/ul>\n\n\n\n<h3 class=\"wp-block-heading\"><strong>Tableaux r\u00e9capitulatifs :<\/strong><\/h3>\n\n\n\n<h4 class=\"wp-block-heading\"><strong>Comparaison des objectifs<\/strong><\/h4>\n\n\n\n<figure class=\"wp-block-table\"><table class=\"has-fixed-layout\"><tbody><tr><td class=\"has-text-align-center\" data-align=\"center\">Objectif<\/td><td class=\"has-text-align-center\" data-align=\"center\">Pierres Responsables REIM<\/td><td class=\"has-text-align-center\" data-align=\"center\">Acquisition d'INFI<\/td><\/tr><tr><td class=\"has-text-align-center\" data-align=\"center\">Transition \u00e9cologique<\/td><td class=\"has-text-align-center\" data-align=\"center\">Mise en avant<\/td><td class=\"has-text-align-center\" data-align=\"center\">Impact indirect<\/td><\/tr><tr><td class=\"has-text-align-center\" data-align=\"center\">Diversification des actifs<\/td><td class=\"has-text-align-center\" data-align=\"center\">Focalis\u00e9e sur l\u2019immobilier vert<\/td><td class=\"has-text-align-center\" data-align=\"center\">Tertiaire et mixte<\/td><\/tr><tr><td class=\"has-text-align-center\" data-align=\"center\">Renforcement des expertises<\/td><td class=\"has-text-align-center\" data-align=\"center\">D\u00e9veloppement interne<\/td><td class=\"has-text-align-center\" data-align=\"center\">Int\u00e9gration d\u2019une \u00e9quipe exp\u00e9riment\u00e9e<\/td><\/tr><\/tbody><\/table><\/figure>\n\n\n\n<p><strong>Focus sur les chiffres cl\u00e9s d\u2019INFI<\/strong><\/p>\n\n\n\n<figure class=\"wp-block-table\"><table class=\"has-fixed-layout\"><tbody><tr><td class=\"has-text-align-center\" data-align=\"center\">Chiffres<\/td><td class=\"has-text-align-center\" data-align=\"center\">Valeur<\/td><\/tr><tr><td class=\"has-text-align-center\" data-align=\"center\">Actifs sous gestion<\/td><td class=\"has-text-align-center\" data-align=\"center\">1,2 milliard d\u2019euros<\/td><\/tr><tr><td class=\"has-text-align-center\" data-align=\"center\">Nombre de collaborateurs<\/td><td class=\"has-text-align-center\" data-align=\"center\">30<\/td><\/tr><\/tbody><\/table><\/figure>\n\n\n\n<h3 class=\"wp-block-heading\"><strong>Perspectives \u00e0 moyen terme<\/strong><\/h3>\n\n\n\n<p>En renfor\u00e7ant son positionnement sur des solutions d\u2019investissement innovantes et responsables, le groupe 123 IM anticipe une acc\u00e9l\u00e9ration de son d\u00e9veloppement \u00e0 travers :<\/p>\n\n\n\n<ul class=\"wp-block-list\">\n<li>Une augmentation de ses encours sous gestion.<\/li>\n\n\n\n<li>Une reconnaissance accrue dans le domaine de la finance durable.<\/li>\n<\/ul>\n\n\n\n<h3 class=\"wp-block-heading\"><strong>Conclusion<\/strong><\/h3>\n\n\n\n<p>Le groupe <strong>123 IM<\/strong> se positionne r\u00e9solument comme un acteur incontournable de l\u2019investissement immobilier en France. Avec le lancement de <strong>Pierres Responsables REIM<\/strong>, il d\u00e9montre sa capacit\u00e9 \u00e0 anticiper les attentes des investisseurs en qu\u00eate de solutions responsables et align\u00e9es sur les d\u00e9fis \u00e9cologiques actuels. Parall\u00e8lement, l\u2019acquisition d\u2019<strong>INFI<\/strong> illustre une strat\u00e9gie d\u2019expansion r\u00e9fl\u00e9chie, visant \u00e0 renforcer les expertises et \u00e0 diversifier les opportunit\u00e9s.<\/p>\n\n\n\n<p>Ces initiatives t\u00e9moignent d\u2019une vision ambitieuse et tourn\u00e9e vers l\u2019avenir, o\u00f9 performance financi\u00e8re et responsabilit\u00e9 environnementale s\u2019entrelacent pour r\u00e9pondre aux enjeux du march\u00e9. Cette dynamique laisse entrevoir un potentiel de croissance prometteur pour le groupe et ses partenaires.<\/p>\n\n\n\n<p>\u00c0 lire \u00e9galement :&nbsp;<\/p>\n\n\n\n<p><a href=\"https:\/\/www.rock-n-data.io\/fr\/la-scpi-cristal-life-renforce-son-portefeuille-avec-un-hotel-en-andalousie\/\">La SCPI CRISTAL Life renforce son portefeuille avec un h\u00f4tel en Andalousie<\/a><\/p>\n","protected":false},"excerpt":{"rendered":"<p>Un nouveau souffle avec Pierres Responsables REIM Le groupe 123 IM poursuit son ascension avec le lancement de Pierres Responsables REIM, une nouvelle soci\u00e9t\u00e9 de gestion d\u00e9di\u00e9e \u00e0 l\u2019investissement immobilier responsable. Ce projet s\u2019inscrit dans une strat\u00e9gie visant \u00e0 renforcer l\u2019engagement du groupe en faveur de la transition \u00e9cologique tout en r\u00e9pondant aux attentes croissantes [&hellip;]<\/p>\n","protected":false},"author":6,"featured_media":5416,"comment_status":"closed","ping_status":"closed","sticky":false,"template":"","format":"standard","meta":{"_acf_changed":false,"inline_featured_image":false,"footnotes":""},"categories":[2],"tags":[323,326,182,325,324,22],"class_list":["post-5409","post","type-post","status-publish","format-standard","has-post-thumbnail","hentry","category-non-classifiee","tag-123-im","tag-expansion","tag-immobilier-responsable","tag-infi","tag-pierres-responsables-reim","tag-scpi-fr","post-wrapper"],"acf":[],"yoast_head":"<!-- This site is optimized with the Yoast SEO plugin v27.5 - https:\/\/yoast.com\/product\/yoast-seo-wordpress\/ -->\n<title>123 IM se renforce avec INFI et Pierres Responsables REIM \ud83c\udf31<\/title>\n<meta name=\"description\" content=\"Le groupe 123 IM annonce son expansion avec l&#039;acquisition d\u2019INFI et le lancement de Pierres Responsables REIM.\" \/>\n<meta name=\"robots\" content=\"index, follow, max-snippet:-1, max-image-preview:large, max-video-preview:-1\" \/>\n<link rel=\"canonical\" href=\"https:\/\/www.rock-n-data.io\/fr\/le-groupe-123-im-en-pleine-expansion-pierres-responsables-reim-et-une-acquisition-strategique\/\" \/>\n<meta property=\"og:locale\" content=\"fr_FR\" \/>\n<meta property=\"og:type\" content=\"article\" \/>\n<meta property=\"og:title\" content=\"123 IM se renforce avec INFI et Pierres Responsables REIM \ud83c\udf31\" \/>\n<meta property=\"og:description\" content=\"Le groupe 123 IM annonce son expansion avec l&#039;acquisition d\u2019INFI et le lancement de Pierres Responsables REIM.\" \/>\n<meta property=\"og:url\" content=\"https:\/\/www.rock-n-data.io\/fr\/le-groupe-123-im-en-pleine-expansion-pierres-responsables-reim-et-une-acquisition-strategique\/\" \/>\n<meta property=\"og:site_name\" content=\"Rock &amp; DATA\" \/>\n<meta property=\"article:published_time\" content=\"2024-12-10T14:00:15+00:00\" \/>\n<meta property=\"article:modified_time\" content=\"2024-12-10T14:00:19+00:00\" \/>\n<meta property=\"og:image\" content=\"https:\/\/www.rock-n-data.io\/wp-content\/uploads\/2024\/12\/123im-header.jpg\" \/>\n\t<meta property=\"og:image:width\" content=\"800\" \/>\n\t<meta property=\"og:image:height\" content=\"450\" \/>\n\t<meta property=\"og:image:type\" content=\"image\/jpeg\" \/>\n<meta name=\"author\" content=\"Rock &amp; DATA\" \/>\n<meta name=\"twitter:card\" content=\"summary_large_image\" \/>\n<meta name=\"twitter:label1\" content=\"\u00c9crit par\" \/>\n\t<meta name=\"twitter:data1\" content=\"Rock &amp; DATA\" \/>\n\t<meta name=\"twitter:label2\" content=\"Dur\u00e9e de lecture estim\u00e9e\" \/>\n\t<meta name=\"twitter:data2\" content=\"3 minutes\" \/>\n<script type=\"application\/ld+json\" class=\"yoast-schema-graph\">{\"@context\":\"https:\\\/\\\/schema.org\",\"@graph\":[{\"@type\":\"Article\",\"@id\":\"https:\\\/\\\/www.rock-n-data.io\\\/fr\\\/le-groupe-123-im-en-pleine-expansion-pierres-responsables-reim-et-une-acquisition-strategique\\\/#article\",\"isPartOf\":{\"@id\":\"https:\\\/\\\/www.rock-n-data.io\\\/fr\\\/le-groupe-123-im-en-pleine-expansion-pierres-responsables-reim-et-une-acquisition-strategique\\\/\"},\"author\":{\"name\":\"Rock &amp; DATA\",\"@id\":\"https:\\\/\\\/www.rock-n-data.io\\\/fr\\\/#\\\/schema\\\/person\\\/9bc10987a0538f4580eb261ee8bb3257\"},\"headline\":\"Le groupe 123 IM en pleine expansion : Pierres Responsables REIM et une acquisition strat\u00e9gique\",\"datePublished\":\"2024-12-10T14:00:15+00:00\",\"dateModified\":\"2024-12-10T14:00:19+00:00\",\"mainEntityOfPage\":{\"@id\":\"https:\\\/\\\/www.rock-n-data.io\\\/fr\\\/le-groupe-123-im-en-pleine-expansion-pierres-responsables-reim-et-une-acquisition-strategique\\\/\"},\"wordCount\":540,\"image\":{\"@id\":\"https:\\\/\\\/www.rock-n-data.io\\\/fr\\\/le-groupe-123-im-en-pleine-expansion-pierres-responsables-reim-et-une-acquisition-strategique\\\/#primaryimage\"},\"thumbnailUrl\":\"https:\\\/\\\/www.rock-n-data.io\\\/wp-content\\\/uploads\\\/2024\\\/12\\\/123im-header.jpg\",\"keywords\":[\"123 IM\",\"Expansion\",\"Immobilier responsable\",\"INFI\",\"Pierres Responsables REIM\",\"SCPI\"],\"articleSection\":[\"Non classifi\u00e9(e)\"],\"inLanguage\":\"fr-FR\"},{\"@type\":\"WebPage\",\"@id\":\"https:\\\/\\\/www.rock-n-data.io\\\/fr\\\/le-groupe-123-im-en-pleine-expansion-pierres-responsables-reim-et-une-acquisition-strategique\\\/\",\"url\":\"https:\\\/\\\/www.rock-n-data.io\\\/fr\\\/le-groupe-123-im-en-pleine-expansion-pierres-responsables-reim-et-une-acquisition-strategique\\\/\",\"name\":\"123 IM se renforce avec INFI et Pierres Responsables REIM \ud83c\udf31\",\"isPartOf\":{\"@id\":\"https:\\\/\\\/www.rock-n-data.io\\\/fr\\\/#website\"},\"primaryImageOfPage\":{\"@id\":\"https:\\\/\\\/www.rock-n-data.io\\\/fr\\\/le-groupe-123-im-en-pleine-expansion-pierres-responsables-reim-et-une-acquisition-strategique\\\/#primaryimage\"},\"image\":{\"@id\":\"https:\\\/\\\/www.rock-n-data.io\\\/fr\\\/le-groupe-123-im-en-pleine-expansion-pierres-responsables-reim-et-une-acquisition-strategique\\\/#primaryimage\"},\"thumbnailUrl\":\"https:\\\/\\\/www.rock-n-data.io\\\/wp-content\\\/uploads\\\/2024\\\/12\\\/123im-header.jpg\",\"datePublished\":\"2024-12-10T14:00:15+00:00\",\"dateModified\":\"2024-12-10T14:00:19+00:00\",\"author\":{\"@id\":\"https:\\\/\\\/www.rock-n-data.io\\\/fr\\\/#\\\/schema\\\/person\\\/9bc10987a0538f4580eb261ee8bb3257\"},\"description\":\"Le groupe 123 IM annonce son expansion avec l'acquisition d\u2019INFI et le lancement de Pierres Responsables REIM.\",\"breadcrumb\":{\"@id\":\"https:\\\/\\\/www.rock-n-data.io\\\/fr\\\/le-groupe-123-im-en-pleine-expansion-pierres-responsables-reim-et-une-acquisition-strategique\\\/#breadcrumb\"},\"inLanguage\":\"fr-FR\",\"potentialAction\":[{\"@type\":\"ReadAction\",\"target\":[\"https:\\\/\\\/www.rock-n-data.io\\\/fr\\\/le-groupe-123-im-en-pleine-expansion-pierres-responsables-reim-et-une-acquisition-strategique\\\/\"]}]},{\"@type\":\"ImageObject\",\"inLanguage\":\"fr-FR\",\"@id\":\"https:\\\/\\\/www.rock-n-data.io\\\/fr\\\/le-groupe-123-im-en-pleine-expansion-pierres-responsables-reim-et-une-acquisition-strategique\\\/#primaryimage\",\"url\":\"https:\\\/\\\/www.rock-n-data.io\\\/wp-content\\\/uploads\\\/2024\\\/12\\\/123im-header.jpg\",\"contentUrl\":\"https:\\\/\\\/www.rock-n-data.io\\\/wp-content\\\/uploads\\\/2024\\\/12\\\/123im-header.jpg\",\"width\":800,\"height\":450,\"caption\":\"le-groupe-123-im-en-pleine-expansion-pierres-responsables-reim-et-acquisition-d-infi\"},{\"@type\":\"BreadcrumbList\",\"@id\":\"https:\\\/\\\/www.rock-n-data.io\\\/fr\\\/le-groupe-123-im-en-pleine-expansion-pierres-responsables-reim-et-une-acquisition-strategique\\\/#breadcrumb\",\"itemListElement\":[{\"@type\":\"ListItem\",\"position\":1,\"name\":\"Home\",\"item\":\"https:\\\/\\\/www.rock-n-data.io\\\/fr\\\/\"},{\"@type\":\"ListItem\",\"position\":2,\"name\":\"Le groupe 123 IM en pleine expansion : Pierres Responsables REIM et une acquisition strat\u00e9gique\"}]},{\"@type\":\"WebSite\",\"@id\":\"https:\\\/\\\/www.rock-n-data.io\\\/fr\\\/#website\",\"url\":\"https:\\\/\\\/www.rock-n-data.io\\\/fr\\\/\",\"name\":\"Rock &amp; DATA\",\"description\":\"When data meets commercial real estate investment\",\"potentialAction\":[{\"@type\":\"SearchAction\",\"target\":{\"@type\":\"EntryPoint\",\"urlTemplate\":\"https:\\\/\\\/www.rock-n-data.io\\\/fr\\\/?s={search_term_string}\"},\"query-input\":{\"@type\":\"PropertyValueSpecification\",\"valueRequired\":true,\"valueName\":\"search_term_string\"}}],\"inLanguage\":\"fr-FR\"},{\"@type\":\"Person\",\"@id\":\"https:\\\/\\\/www.rock-n-data.io\\\/fr\\\/#\\\/schema\\\/person\\\/9bc10987a0538f4580eb261ee8bb3257\",\"name\":\"Rock &amp; DATA\",\"image\":{\"@type\":\"ImageObject\",\"inLanguage\":\"fr-FR\",\"@id\":\"https:\\\/\\\/secure.gravatar.com\\\/avatar\\\/b94d4fc7b613a57715e272f17d430c39f49617a953e6b09d5da69b3774d096c0?s=96&d=mm&r=g\",\"url\":\"https:\\\/\\\/secure.gravatar.com\\\/avatar\\\/b94d4fc7b613a57715e272f17d430c39f49617a953e6b09d5da69b3774d096c0?s=96&d=mm&r=g\",\"contentUrl\":\"https:\\\/\\\/secure.gravatar.com\\\/avatar\\\/b94d4fc7b613a57715e272f17d430c39f49617a953e6b09d5da69b3774d096c0?s=96&d=mm&r=g\",\"caption\":\"Rock &amp; DATA\"},\"url\":\"https:\\\/\\\/www.rock-n-data.io\\\/fr\\\/author\\\/contact\\\/\"}]}<\/script>\n<!-- \/ Yoast SEO plugin. -->","yoast_head_json":{"title":"123 IM se renforce avec INFI et Pierres Responsables REIM \ud83c\udf31","description":"Le groupe 123 IM annonce son expansion avec l'acquisition d\u2019INFI et le lancement de Pierres Responsables REIM.","robots":{"index":"index","follow":"follow","max-snippet":"max-snippet:-1","max-image-preview":"max-image-preview:large","max-video-preview":"max-video-preview:-1"},"canonical":"https:\/\/www.rock-n-data.io\/fr\/le-groupe-123-im-en-pleine-expansion-pierres-responsables-reim-et-une-acquisition-strategique\/","og_locale":"fr_FR","og_type":"article","og_title":"123 IM se renforce avec INFI et Pierres Responsables REIM \ud83c\udf31","og_description":"Le groupe 123 IM annonce son expansion avec l'acquisition d\u2019INFI et le lancement de Pierres Responsables REIM.","og_url":"https:\/\/www.rock-n-data.io\/fr\/le-groupe-123-im-en-pleine-expansion-pierres-responsables-reim-et-une-acquisition-strategique\/","og_site_name":"Rock &amp; DATA","article_published_time":"2024-12-10T14:00:15+00:00","article_modified_time":"2024-12-10T14:00:19+00:00","og_image":[{"width":800,"height":450,"url":"https:\/\/www.rock-n-data.io\/wp-content\/uploads\/2024\/12\/123im-header.jpg","type":"image\/jpeg"}],"author":"Rock &amp; DATA","twitter_card":"summary_large_image","twitter_misc":{"\u00c9crit par":"Rock &amp; DATA","Dur\u00e9e de lecture estim\u00e9e":"3 minutes"},"schema":{"@context":"https:\/\/schema.org","@graph":[{"@type":"Article","@id":"https:\/\/www.rock-n-data.io\/fr\/le-groupe-123-im-en-pleine-expansion-pierres-responsables-reim-et-une-acquisition-strategique\/#article","isPartOf":{"@id":"https:\/\/www.rock-n-data.io\/fr\/le-groupe-123-im-en-pleine-expansion-pierres-responsables-reim-et-une-acquisition-strategique\/"},"author":{"name":"Rock &amp; DATA","@id":"https:\/\/www.rock-n-data.io\/fr\/#\/schema\/person\/9bc10987a0538f4580eb261ee8bb3257"},"headline":"Le groupe 123 IM en pleine expansion : Pierres Responsables REIM et une acquisition strat\u00e9gique","datePublished":"2024-12-10T14:00:15+00:00","dateModified":"2024-12-10T14:00:19+00:00","mainEntityOfPage":{"@id":"https:\/\/www.rock-n-data.io\/fr\/le-groupe-123-im-en-pleine-expansion-pierres-responsables-reim-et-une-acquisition-strategique\/"},"wordCount":540,"image":{"@id":"https:\/\/www.rock-n-data.io\/fr\/le-groupe-123-im-en-pleine-expansion-pierres-responsables-reim-et-une-acquisition-strategique\/#primaryimage"},"thumbnailUrl":"https:\/\/www.rock-n-data.io\/wp-content\/uploads\/2024\/12\/123im-header.jpg","keywords":["123 IM","Expansion","Immobilier responsable","INFI","Pierres Responsables REIM","SCPI"],"articleSection":["Non classifi\u00e9(e)"],"inLanguage":"fr-FR"},{"@type":"WebPage","@id":"https:\/\/www.rock-n-data.io\/fr\/le-groupe-123-im-en-pleine-expansion-pierres-responsables-reim-et-une-acquisition-strategique\/","url":"https:\/\/www.rock-n-data.io\/fr\/le-groupe-123-im-en-pleine-expansion-pierres-responsables-reim-et-une-acquisition-strategique\/","name":"123 IM se renforce avec INFI et Pierres Responsables REIM \ud83c\udf31","isPartOf":{"@id":"https:\/\/www.rock-n-data.io\/fr\/#website"},"primaryImageOfPage":{"@id":"https:\/\/www.rock-n-data.io\/fr\/le-groupe-123-im-en-pleine-expansion-pierres-responsables-reim-et-une-acquisition-strategique\/#primaryimage"},"image":{"@id":"https:\/\/www.rock-n-data.io\/fr\/le-groupe-123-im-en-pleine-expansion-pierres-responsables-reim-et-une-acquisition-strategique\/#primaryimage"},"thumbnailUrl":"https:\/\/www.rock-n-data.io\/wp-content\/uploads\/2024\/12\/123im-header.jpg","datePublished":"2024-12-10T14:00:15+00:00","dateModified":"2024-12-10T14:00:19+00:00","author":{"@id":"https:\/\/www.rock-n-data.io\/fr\/#\/schema\/person\/9bc10987a0538f4580eb261ee8bb3257"},"description":"Le groupe 123 IM annonce son expansion avec l'acquisition d\u2019INFI et le lancement de Pierres Responsables REIM.","breadcrumb":{"@id":"https:\/\/www.rock-n-data.io\/fr\/le-groupe-123-im-en-pleine-expansion-pierres-responsables-reim-et-une-acquisition-strategique\/#breadcrumb"},"inLanguage":"fr-FR","potentialAction":[{"@type":"ReadAction","target":["https:\/\/www.rock-n-data.io\/fr\/le-groupe-123-im-en-pleine-expansion-pierres-responsables-reim-et-une-acquisition-strategique\/"]}]},{"@type":"ImageObject","inLanguage":"fr-FR","@id":"https:\/\/www.rock-n-data.io\/fr\/le-groupe-123-im-en-pleine-expansion-pierres-responsables-reim-et-une-acquisition-strategique\/#primaryimage","url":"https:\/\/www.rock-n-data.io\/wp-content\/uploads\/2024\/12\/123im-header.jpg","contentUrl":"https:\/\/www.rock-n-data.io\/wp-content\/uploads\/2024\/12\/123im-header.jpg","width":800,"height":450,"caption":"le-groupe-123-im-en-pleine-expansion-pierres-responsables-reim-et-acquisition-d-infi"},{"@type":"BreadcrumbList","@id":"https:\/\/www.rock-n-data.io\/fr\/le-groupe-123-im-en-pleine-expansion-pierres-responsables-reim-et-une-acquisition-strategique\/#breadcrumb","itemListElement":[{"@type":"ListItem","position":1,"name":"Home","item":"https:\/\/www.rock-n-data.io\/fr\/"},{"@type":"ListItem","position":2,"name":"Le groupe 123 IM en pleine expansion : Pierres Responsables REIM et une acquisition strat\u00e9gique"}]},{"@type":"WebSite","@id":"https:\/\/www.rock-n-data.io\/fr\/#website","url":"https:\/\/www.rock-n-data.io\/fr\/","name":"Rock &amp; DATA","description":"When data meets commercial real estate investment","potentialAction":[{"@type":"SearchAction","target":{"@type":"EntryPoint","urlTemplate":"https:\/\/www.rock-n-data.io\/fr\/?s={search_term_string}"},"query-input":{"@type":"PropertyValueSpecification","valueRequired":true,"valueName":"search_term_string"}}],"inLanguage":"fr-FR"},{"@type":"Person","@id":"https:\/\/www.rock-n-data.io\/fr\/#\/schema\/person\/9bc10987a0538f4580eb261ee8bb3257","name":"Rock &amp; DATA","image":{"@type":"ImageObject","inLanguage":"fr-FR","@id":"https:\/\/secure.gravatar.com\/avatar\/b94d4fc7b613a57715e272f17d430c39f49617a953e6b09d5da69b3774d096c0?s=96&d=mm&r=g","url":"https:\/\/secure.gravatar.com\/avatar\/b94d4fc7b613a57715e272f17d430c39f49617a953e6b09d5da69b3774d096c0?s=96&d=mm&r=g","contentUrl":"https:\/\/secure.gravatar.com\/avatar\/b94d4fc7b613a57715e272f17d430c39f49617a953e6b09d5da69b3774d096c0?s=96&d=mm&r=g","caption":"Rock &amp; DATA"},"url":"https:\/\/www.rock-n-data.io\/fr\/author\/contact\/"}]}},"_links":{"self":[{"href":"https:\/\/www.rock-n-data.io\/fr\/wp-json\/wp\/v2\/posts\/5409","targetHints":{"allow":["GET"]}}],"collection":[{"href":"https:\/\/www.rock-n-data.io\/fr\/wp-json\/wp\/v2\/posts"}],"about":[{"href":"https:\/\/www.rock-n-data.io\/fr\/wp-json\/wp\/v2\/types\/post"}],"author":[{"embeddable":true,"href":"https:\/\/www.rock-n-data.io\/fr\/wp-json\/wp\/v2\/users\/6"}],"replies":[{"embeddable":true,"href":"https:\/\/www.rock-n-data.io\/fr\/wp-json\/wp\/v2\/comments?post=5409"}],"version-history":[{"count":0,"href":"https:\/\/www.rock-n-data.io\/fr\/wp-json\/wp\/v2\/posts\/5409\/revisions"}],"wp:featuredmedia":[{"embeddable":true,"href":"https:\/\/www.rock-n-data.io\/fr\/wp-json\/wp\/v2\/media\/5416"}],"wp:attachment":[{"href":"https:\/\/www.rock-n-data.io\/fr\/wp-json\/wp\/v2\/media?parent=5409"}],"wp:term":[{"taxonomy":"category","embeddable":true,"href":"https:\/\/www.rock-n-data.io\/fr\/wp-json\/wp\/v2\/categories?post=5409"},{"taxonomy":"post_tag","embeddable":true,"href":"https:\/\/www.rock-n-data.io\/fr\/wp-json\/wp\/v2\/tags?post=5409"}],"curies":[{"name":"wp","href":"https:\/\/api.w.org\/{rel}","templated":true}]}}