{"id":5510,"date":"2025-01-16T13:06:02","date_gmt":"2025-01-16T13:06:02","guid":{"rendered":"https:\/\/www.rock-n-data.io\/?p=5510"},"modified":"2025-01-16T13:06:06","modified_gmt":"2025-01-16T13:06:06","slug":"martin-jacquesson-rejoint-atland-voisin-et-atland-im-en-tant-que-directeur-general-delegue","status":"publish","type":"post","link":"https:\/\/www.rock-n-data.io\/fr\/martin-jacquesson-rejoint-atland-voisin-et-atland-im-en-tant-que-directeur-general-delegue\/","title":{"rendered":"MARTIN JACQUESSON rejoint ATLAND VOISIN et ATLAND IM en tant que Directeur G\u00e9n\u00e9ral D\u00e9l\u00e9gu\u00e9"},"content":{"rendered":"\n<h4 class=\"wp-block-heading\"><strong>Une nomination strat\u00e9gique pour renforcer l\u2019expertise immobili\u00e8re d\u2019ATLAND<\/strong><\/h4>\n\n\n\n<p>Conform\u00e9ment \u00e0 son plan strat\u00e9gique, ATLAND, acteur global de l\u2019immobilier, annonce la nomination de <strong>Martin Jacquesson<\/strong> au poste de <strong>Directeur G\u00e9n\u00e9ral D\u00e9l\u00e9gu\u00e9<\/strong> d\u2019<strong>ATLAND Voisin<\/strong> et d\u2019<strong>ATLAND IM<\/strong>. Ce recrutement marque une \u00e9tape importante dans la volont\u00e9 d\u2019ATLAND de consolider son activit\u00e9 de gestion d\u2019actifs immobiliers en France et en Europe.<\/p>\n\n\n\n<h3 class=\"wp-block-heading\"><strong>Qui est Martin Jacquesson ?<\/strong><\/h3>\n\n\n\n<p>\u00c2g\u00e9 de 45 ans, Martin Jacquesson est dipl\u00f4m\u00e9 de l\u2019<strong>ESSCA<\/strong>, avec une sp\u00e9cialisation en finance. Son parcours professionnel refl\u00e8te une solide expertise dans les domaines de l\u2019<strong>investissement immobilier<\/strong> et de la <strong>gestion d\u2019\u00e9pargne grand public<\/strong>. Parmi ses exp\u00e9riences les plus marquantes :<\/p>\n\n\n\n<ul class=\"wp-block-list\">\n<li><strong>Bossard-Gemini Consulting (2000 - 2007)<\/strong> : au sein du d\u00e9partement strat\u00e9gie et transformation.<\/li>\n\n\n\n<li><strong>KPMG (2007 - 2010)<\/strong> : sp\u00e9cialisation en transaction services.<\/li>\n\n\n\n<li><strong>ATREAM<\/strong> : il a occup\u00e9 le poste de <strong>Directeur G\u00e9n\u00e9ral Adjoint<\/strong>, o\u00f9 il a d\u00e9velopp\u00e9 des produits d\u2019investissement d\u00e9di\u00e9s aux institutionnels et aux particuliers.<\/li>\n<\/ul>\n\n\n\n<p>Cette trajectoire fait de lui un acteur cl\u00e9 pour piloter les strat\u00e9gies de d\u00e9veloppement d\u2019ATLAND.<\/p>\n\n\n\n<h3 class=\"wp-block-heading\"><strong>Les objectifs d\u2019ATLAND avec cette nomination<\/strong><\/h3>\n\n\n\n<h4 class=\"wp-block-heading\"><strong>Renforcer la gestion d\u2019actifs pour les investisseurs<\/strong><\/h4>\n\n\n\n<p>Avec cette nomination, ATLAND ambitionne de :<\/p>\n\n\n\n<ul class=\"wp-block-list\">\n<li><strong>Consolider ses activit\u00e9s en France et en Europe<\/strong>, gr\u00e2ce \u00e0 une expertise locale et sectorielle.<\/li>\n\n\n\n<li><strong>\u00c9tendre son champ d\u2019action<\/strong> dans le domaine des investissements immobiliers.<\/li>\n\n\n\n<li>Offrir des solutions adapt\u00e9es \u00e0 des investisseurs particuliers et institutionnels.<\/li>\n<\/ul>\n\n\n\n<p><strong>Jean-Christophe Antoine<\/strong>, Pr\u00e9sident du Directoire d\u2019ATLAND Voisin, souligne :<\/p>\n\n\n\n<p>\u00ab Nous sommes ravis d\u2019accueillir Martin Jacquesson qui poss\u00e8de une grande exp\u00e9rience dans l\u2019investissement et la gestion de fonds immobiliers, et partage notre attachement \u00e0 la transparence et \u00e0 l\u2019engagement \u00e0 long terme. L\u2019exp\u00e9rience et l\u2019expertise de Martin contribueront au d\u00e9veloppement de notre soci\u00e9t\u00e9 de gestion ATLAND Voisin, en venant renforcer l\u2019\u00e9quipe de direction tout en \u00e9tendant notre champ d\u2019action \u00bb<\/p>\n\n\n\n<h3 class=\"wp-block-heading\"><strong>ATLAND en chiffres<\/strong><\/h3>\n\n\n\n<figure class=\"wp-block-table\"><table class=\"has-fixed-layout\"><tbody><tr><td class=\"has-text-align-center\" data-align=\"center\"><strong>Indicateurs<\/strong><\/td><td class=\"has-text-align-center\" data-align=\"center\"><strong>Valeurs (au 30 juin 2024)<\/strong><\/td><\/tr><tr><td class=\"has-text-align-center\" data-align=\"center\">Actifs sous gestion<\/td><td class=\"has-text-align-center\" data-align=\"center\"><strong>4,6 milliards d\u2019euros<\/strong><\/td><\/tr><tr><td class=\"has-text-align-center\" data-align=\"center\">Domaines d\u2019intervention<\/td><td class=\"has-text-align-center\" data-align=\"center\">Gestion d\u2019actifs, d\u00e9veloppement immobilier<\/td><\/tr><\/tbody><\/table><\/figure>\n\n\n\n<h3 class=\"wp-block-heading\"><strong>L\u2019impact pour les investisseurs<\/strong><\/h3>\n\n\n\n<p>La nomination de Martin Jacquesson illustre la volont\u00e9 d\u2019ATLAND de continuer \u00e0 :<\/p>\n\n\n\n<ul class=\"wp-block-list\">\n<li>S\u2019appuyer sur des profils exp\u00e9riment\u00e9s pour naviguer dans un march\u00e9 immobilier en pleine transformation.<\/li>\n\n\n\n<li>D\u00e9velopper des produits innovants r\u00e9pondant aux besoins des investisseurs.<\/li>\n<\/ul>\n\n\n\n<p>Cette strat\u00e9gie proactive permettra de maintenir la comp\u00e9titivit\u00e9 du groupe face \u00e0 une concurrence accrue.<\/p>\n\n\n\n<h3 class=\"wp-block-heading\"><strong>Conclusion<\/strong><\/h3>\n\n\n\n<p>Avec Martin Jacquesson, ATLAND mise sur une expertise reconnue pour soutenir son expansion et r\u00e9pondre aux exigences d\u2019un march\u00e9 en constante \u00e9volution. Cette nomination s\u2019inscrit dans une dynamique de croissance et de consolidation des activit\u00e9s, pour le b\u00e9n\u00e9fice des investisseurs en qu\u00eate d\u2019opportunit\u00e9s performantes et transparentes.<\/p>\n\n\n\n<p>\u00c0 lire \u00e9galement :&nbsp;<\/p>\n\n\n\n<p><a href=\"https:\/\/www.rock-n-data.io\/fr\/atland-lance-atland-im-sa-nouvelle-filiale-pour-investisseurs-institutionnels\/\">ATLAND lance ATLAND IM, sa nouvelle filiale pour investisseurs institutionnels<\/a><\/p>\n","protected":false},"excerpt":{"rendered":"<p>Une nomination strat\u00e9gique pour renforcer l\u2019expertise immobili\u00e8re d\u2019ATLAND Conform\u00e9ment \u00e0 son plan strat\u00e9gique, ATLAND, acteur global de l\u2019immobilier, annonce la nomination de Martin Jacquesson au poste de Directeur G\u00e9n\u00e9ral D\u00e9l\u00e9gu\u00e9 d\u2019ATLAND Voisin et d\u2019ATLAND IM. Ce recrutement marque une \u00e9tape importante dans la volont\u00e9 d\u2019ATLAND de consolider son activit\u00e9 de gestion d\u2019actifs immobiliers en France [&hellip;]<\/p>\n","protected":false},"author":6,"featured_media":5512,"comment_status":"closed","ping_status":"closed","sticky":false,"template":"","format":"standard","meta":{"_acf_changed":false,"inline_featured_image":false,"footnotes":""},"categories":[74],"tags":[409,317,406,405,404,98,408,80,402,157],"class_list":["post-5510","post","type-post","status-publish","format-standard","has-post-thumbnail","hentry","category-investissement","tag-actifs-sous-gestion","tag-atland-im","tag-atream","tag-epargne-grand-public","tag-gestion-dactifs-2","tag-investissement-immobilier","tag-jean-christophe-antoine","tag-marche-immobilier","tag-martin-jacquesson","tag-nomination","post-wrapper"],"acf":[],"yoast_head":"<!-- This site is optimized with the Yoast SEO plugin v27.5 - https:\/\/yoast.com\/product\/yoast-seo-wordpress\/ -->\n<title>Martin Jacquesson renforce la direction d\u2019ATLAND<\/title>\n<meta name=\"description\" content=\"Martin Jacquesson rejoint ATLAND Voisin et ATLAND IM pour renforcer leur expertise en gestion d\u2019actifs et immobilier.\" \/>\n<meta name=\"robots\" content=\"index, follow, max-snippet:-1, max-image-preview:large, max-video-preview:-1\" \/>\n<link rel=\"canonical\" href=\"https:\/\/www.rock-n-data.io\/fr\/martin-jacquesson-rejoint-atland-voisin-et-atland-im-en-tant-que-directeur-general-delegue\/\" \/>\n<meta property=\"og:locale\" content=\"fr_FR\" \/>\n<meta property=\"og:type\" content=\"article\" \/>\n<meta property=\"og:title\" content=\"Martin Jacquesson renforce la direction d\u2019ATLAND\" \/>\n<meta property=\"og:description\" content=\"Martin Jacquesson rejoint ATLAND Voisin et ATLAND IM pour renforcer leur expertise en gestion d\u2019actifs et immobilier.\" \/>\n<meta property=\"og:url\" content=\"https:\/\/www.rock-n-data.io\/fr\/martin-jacquesson-rejoint-atland-voisin-et-atland-im-en-tant-que-directeur-general-delegue\/\" \/>\n<meta property=\"og:site_name\" content=\"Rock &amp; DATA\" \/>\n<meta property=\"article:published_time\" content=\"2025-01-16T13:06:02+00:00\" \/>\n<meta property=\"article:modified_time\" content=\"2025-01-16T13:06:06+00:00\" \/>\n<meta property=\"og:image\" content=\"https:\/\/www.rock-n-data.io\/wp-content\/uploads\/2025\/01\/ATLAND-header.jpg\" \/>\n\t<meta property=\"og:image:width\" content=\"800\" \/>\n\t<meta property=\"og:image:height\" content=\"800\" \/>\n\t<meta property=\"og:image:type\" content=\"image\/jpeg\" \/>\n<meta name=\"author\" content=\"Rock &amp; DATA\" \/>\n<meta name=\"twitter:card\" content=\"summary_large_image\" \/>\n<meta name=\"twitter:label1\" content=\"\u00c9crit par\" \/>\n\t<meta name=\"twitter:data1\" content=\"Rock &amp; DATA\" \/>\n\t<meta name=\"twitter:label2\" content=\"Dur\u00e9e de lecture estim\u00e9e\" \/>\n\t<meta name=\"twitter:data2\" content=\"3 minutes\" \/>\n<script type=\"application\/ld+json\" class=\"yoast-schema-graph\">{\"@context\":\"https:\\\/\\\/schema.org\",\"@graph\":[{\"@type\":\"Article\",\"@id\":\"https:\\\/\\\/www.rock-n-data.io\\\/fr\\\/martin-jacquesson-rejoint-atland-voisin-et-atland-im-en-tant-que-directeur-general-delegue\\\/#article\",\"isPartOf\":{\"@id\":\"https:\\\/\\\/www.rock-n-data.io\\\/fr\\\/martin-jacquesson-rejoint-atland-voisin-et-atland-im-en-tant-que-directeur-general-delegue\\\/\"},\"author\":{\"name\":\"Rock &amp; DATA\",\"@id\":\"https:\\\/\\\/www.rock-n-data.io\\\/fr\\\/#\\\/schema\\\/person\\\/9bc10987a0538f4580eb261ee8bb3257\"},\"headline\":\"MARTIN JACQUESSON rejoint ATLAND VOISIN et ATLAND IM en tant que Directeur G\u00e9n\u00e9ral D\u00e9l\u00e9gu\u00e9\",\"datePublished\":\"2025-01-16T13:06:02+00:00\",\"dateModified\":\"2025-01-16T13:06:06+00:00\",\"mainEntityOfPage\":{\"@id\":\"https:\\\/\\\/www.rock-n-data.io\\\/fr\\\/martin-jacquesson-rejoint-atland-voisin-et-atland-im-en-tant-que-directeur-general-delegue\\\/\"},\"wordCount\":495,\"image\":{\"@id\":\"https:\\\/\\\/www.rock-n-data.io\\\/fr\\\/martin-jacquesson-rejoint-atland-voisin-et-atland-im-en-tant-que-directeur-general-delegue\\\/#primaryimage\"},\"thumbnailUrl\":\"https:\\\/\\\/www.rock-n-data.io\\\/wp-content\\\/uploads\\\/2025\\\/01\\\/ATLAND-header.jpg\",\"keywords\":[\"Actifs sous gestion\",\"ATLAND IM\",\"ATREAM\",\"Epargne grand public\",\"Gestion d\u2019actifs\",\"Investissement immobilier\",\"Jean-Christophe Antoine\",\"March\u00e9 immobilier\",\"Martin Jacquesson\",\"Nomination\"],\"articleSection\":[\"Investissement\"],\"inLanguage\":\"fr-FR\"},{\"@type\":\"WebPage\",\"@id\":\"https:\\\/\\\/www.rock-n-data.io\\\/fr\\\/martin-jacquesson-rejoint-atland-voisin-et-atland-im-en-tant-que-directeur-general-delegue\\\/\",\"url\":\"https:\\\/\\\/www.rock-n-data.io\\\/fr\\\/martin-jacquesson-rejoint-atland-voisin-et-atland-im-en-tant-que-directeur-general-delegue\\\/\",\"name\":\"Martin Jacquesson renforce la direction d\u2019ATLAND\",\"isPartOf\":{\"@id\":\"https:\\\/\\\/www.rock-n-data.io\\\/fr\\\/#website\"},\"primaryImageOfPage\":{\"@id\":\"https:\\\/\\\/www.rock-n-data.io\\\/fr\\\/martin-jacquesson-rejoint-atland-voisin-et-atland-im-en-tant-que-directeur-general-delegue\\\/#primaryimage\"},\"image\":{\"@id\":\"https:\\\/\\\/www.rock-n-data.io\\\/fr\\\/martin-jacquesson-rejoint-atland-voisin-et-atland-im-en-tant-que-directeur-general-delegue\\\/#primaryimage\"},\"thumbnailUrl\":\"https:\\\/\\\/www.rock-n-data.io\\\/wp-content\\\/uploads\\\/2025\\\/01\\\/ATLAND-header.jpg\",\"datePublished\":\"2025-01-16T13:06:02+00:00\",\"dateModified\":\"2025-01-16T13:06:06+00:00\",\"author\":{\"@id\":\"https:\\\/\\\/www.rock-n-data.io\\\/fr\\\/#\\\/schema\\\/person\\\/9bc10987a0538f4580eb261ee8bb3257\"},\"description\":\"Martin Jacquesson rejoint ATLAND Voisin et ATLAND IM pour renforcer leur expertise en gestion d\u2019actifs et immobilier.\",\"breadcrumb\":{\"@id\":\"https:\\\/\\\/www.rock-n-data.io\\\/fr\\\/martin-jacquesson-rejoint-atland-voisin-et-atland-im-en-tant-que-directeur-general-delegue\\\/#breadcrumb\"},\"inLanguage\":\"fr-FR\",\"potentialAction\":[{\"@type\":\"ReadAction\",\"target\":[\"https:\\\/\\\/www.rock-n-data.io\\\/fr\\\/martin-jacquesson-rejoint-atland-voisin-et-atland-im-en-tant-que-directeur-general-delegue\\\/\"]}]},{\"@type\":\"ImageObject\",\"inLanguage\":\"fr-FR\",\"@id\":\"https:\\\/\\\/www.rock-n-data.io\\\/fr\\\/martin-jacquesson-rejoint-atland-voisin-et-atland-im-en-tant-que-directeur-general-delegue\\\/#primaryimage\",\"url\":\"https:\\\/\\\/www.rock-n-data.io\\\/wp-content\\\/uploads\\\/2025\\\/01\\\/ATLAND-header.jpg\",\"contentUrl\":\"https:\\\/\\\/www.rock-n-data.io\\\/wp-content\\\/uploads\\\/2025\\\/01\\\/ATLAND-header.jpg\",\"width\":800,\"height\":800,\"caption\":\"martin-jacquesson-atland\"},{\"@type\":\"BreadcrumbList\",\"@id\":\"https:\\\/\\\/www.rock-n-data.io\\\/fr\\\/martin-jacquesson-rejoint-atland-voisin-et-atland-im-en-tant-que-directeur-general-delegue\\\/#breadcrumb\",\"itemListElement\":[{\"@type\":\"ListItem\",\"position\":1,\"name\":\"Home\",\"item\":\"https:\\\/\\\/www.rock-n-data.io\\\/fr\\\/\"},{\"@type\":\"ListItem\",\"position\":2,\"name\":\"MARTIN JACQUESSON rejoint ATLAND VOISIN et ATLAND IM en tant que Directeur G\u00e9n\u00e9ral D\u00e9l\u00e9gu\u00e9\"}]},{\"@type\":\"WebSite\",\"@id\":\"https:\\\/\\\/www.rock-n-data.io\\\/fr\\\/#website\",\"url\":\"https:\\\/\\\/www.rock-n-data.io\\\/fr\\\/\",\"name\":\"Rock &amp; DATA\",\"description\":\"When data meets commercial real estate investment\",\"potentialAction\":[{\"@type\":\"SearchAction\",\"target\":{\"@type\":\"EntryPoint\",\"urlTemplate\":\"https:\\\/\\\/www.rock-n-data.io\\\/fr\\\/?s={search_term_string}\"},\"query-input\":{\"@type\":\"PropertyValueSpecification\",\"valueRequired\":true,\"valueName\":\"search_term_string\"}}],\"inLanguage\":\"fr-FR\"},{\"@type\":\"Person\",\"@id\":\"https:\\\/\\\/www.rock-n-data.io\\\/fr\\\/#\\\/schema\\\/person\\\/9bc10987a0538f4580eb261ee8bb3257\",\"name\":\"Rock &amp; DATA\",\"image\":{\"@type\":\"ImageObject\",\"inLanguage\":\"fr-FR\",\"@id\":\"https:\\\/\\\/secure.gravatar.com\\\/avatar\\\/b94d4fc7b613a57715e272f17d430c39f49617a953e6b09d5da69b3774d096c0?s=96&d=mm&r=g\",\"url\":\"https:\\\/\\\/secure.gravatar.com\\\/avatar\\\/b94d4fc7b613a57715e272f17d430c39f49617a953e6b09d5da69b3774d096c0?s=96&d=mm&r=g\",\"contentUrl\":\"https:\\\/\\\/secure.gravatar.com\\\/avatar\\\/b94d4fc7b613a57715e272f17d430c39f49617a953e6b09d5da69b3774d096c0?s=96&d=mm&r=g\",\"caption\":\"Rock &amp; DATA\"},\"url\":\"https:\\\/\\\/www.rock-n-data.io\\\/fr\\\/author\\\/contact\\\/\"}]}<\/script>\n<!-- \/ Yoast SEO plugin. -->","yoast_head_json":{"title":"Martin Jacquesson renforce la direction d\u2019ATLAND","description":"Martin Jacquesson rejoint ATLAND Voisin et ATLAND IM pour renforcer leur expertise en gestion d\u2019actifs et immobilier.","robots":{"index":"index","follow":"follow","max-snippet":"max-snippet:-1","max-image-preview":"max-image-preview:large","max-video-preview":"max-video-preview:-1"},"canonical":"https:\/\/www.rock-n-data.io\/fr\/martin-jacquesson-rejoint-atland-voisin-et-atland-im-en-tant-que-directeur-general-delegue\/","og_locale":"fr_FR","og_type":"article","og_title":"Martin Jacquesson renforce la direction d\u2019ATLAND","og_description":"Martin Jacquesson rejoint ATLAND Voisin et ATLAND IM pour renforcer leur expertise en gestion d\u2019actifs et immobilier.","og_url":"https:\/\/www.rock-n-data.io\/fr\/martin-jacquesson-rejoint-atland-voisin-et-atland-im-en-tant-que-directeur-general-delegue\/","og_site_name":"Rock &amp; DATA","article_published_time":"2025-01-16T13:06:02+00:00","article_modified_time":"2025-01-16T13:06:06+00:00","og_image":[{"width":800,"height":800,"url":"https:\/\/www.rock-n-data.io\/wp-content\/uploads\/2025\/01\/ATLAND-header.jpg","type":"image\/jpeg"}],"author":"Rock &amp; DATA","twitter_card":"summary_large_image","twitter_misc":{"\u00c9crit par":"Rock &amp; DATA","Dur\u00e9e de lecture estim\u00e9e":"3 minutes"},"schema":{"@context":"https:\/\/schema.org","@graph":[{"@type":"Article","@id":"https:\/\/www.rock-n-data.io\/fr\/martin-jacquesson-rejoint-atland-voisin-et-atland-im-en-tant-que-directeur-general-delegue\/#article","isPartOf":{"@id":"https:\/\/www.rock-n-data.io\/fr\/martin-jacquesson-rejoint-atland-voisin-et-atland-im-en-tant-que-directeur-general-delegue\/"},"author":{"name":"Rock &amp; DATA","@id":"https:\/\/www.rock-n-data.io\/fr\/#\/schema\/person\/9bc10987a0538f4580eb261ee8bb3257"},"headline":"MARTIN JACQUESSON rejoint ATLAND VOISIN et ATLAND IM en tant que Directeur G\u00e9n\u00e9ral D\u00e9l\u00e9gu\u00e9","datePublished":"2025-01-16T13:06:02+00:00","dateModified":"2025-01-16T13:06:06+00:00","mainEntityOfPage":{"@id":"https:\/\/www.rock-n-data.io\/fr\/martin-jacquesson-rejoint-atland-voisin-et-atland-im-en-tant-que-directeur-general-delegue\/"},"wordCount":495,"image":{"@id":"https:\/\/www.rock-n-data.io\/fr\/martin-jacquesson-rejoint-atland-voisin-et-atland-im-en-tant-que-directeur-general-delegue\/#primaryimage"},"thumbnailUrl":"https:\/\/www.rock-n-data.io\/wp-content\/uploads\/2025\/01\/ATLAND-header.jpg","keywords":["Actifs sous gestion","ATLAND IM","ATREAM","Epargne grand public","Gestion d\u2019actifs","Investissement immobilier","Jean-Christophe Antoine","March\u00e9 immobilier","Martin Jacquesson","Nomination"],"articleSection":["Investissement"],"inLanguage":"fr-FR"},{"@type":"WebPage","@id":"https:\/\/www.rock-n-data.io\/fr\/martin-jacquesson-rejoint-atland-voisin-et-atland-im-en-tant-que-directeur-general-delegue\/","url":"https:\/\/www.rock-n-data.io\/fr\/martin-jacquesson-rejoint-atland-voisin-et-atland-im-en-tant-que-directeur-general-delegue\/","name":"Martin Jacquesson renforce la direction d\u2019ATLAND","isPartOf":{"@id":"https:\/\/www.rock-n-data.io\/fr\/#website"},"primaryImageOfPage":{"@id":"https:\/\/www.rock-n-data.io\/fr\/martin-jacquesson-rejoint-atland-voisin-et-atland-im-en-tant-que-directeur-general-delegue\/#primaryimage"},"image":{"@id":"https:\/\/www.rock-n-data.io\/fr\/martin-jacquesson-rejoint-atland-voisin-et-atland-im-en-tant-que-directeur-general-delegue\/#primaryimage"},"thumbnailUrl":"https:\/\/www.rock-n-data.io\/wp-content\/uploads\/2025\/01\/ATLAND-header.jpg","datePublished":"2025-01-16T13:06:02+00:00","dateModified":"2025-01-16T13:06:06+00:00","author":{"@id":"https:\/\/www.rock-n-data.io\/fr\/#\/schema\/person\/9bc10987a0538f4580eb261ee8bb3257"},"description":"Martin Jacquesson rejoint ATLAND Voisin et ATLAND IM pour renforcer leur expertise en gestion d\u2019actifs et immobilier.","breadcrumb":{"@id":"https:\/\/www.rock-n-data.io\/fr\/martin-jacquesson-rejoint-atland-voisin-et-atland-im-en-tant-que-directeur-general-delegue\/#breadcrumb"},"inLanguage":"fr-FR","potentialAction":[{"@type":"ReadAction","target":["https:\/\/www.rock-n-data.io\/fr\/martin-jacquesson-rejoint-atland-voisin-et-atland-im-en-tant-que-directeur-general-delegue\/"]}]},{"@type":"ImageObject","inLanguage":"fr-FR","@id":"https:\/\/www.rock-n-data.io\/fr\/martin-jacquesson-rejoint-atland-voisin-et-atland-im-en-tant-que-directeur-general-delegue\/#primaryimage","url":"https:\/\/www.rock-n-data.io\/wp-content\/uploads\/2025\/01\/ATLAND-header.jpg","contentUrl":"https:\/\/www.rock-n-data.io\/wp-content\/uploads\/2025\/01\/ATLAND-header.jpg","width":800,"height":800,"caption":"martin-jacquesson-atland"},{"@type":"BreadcrumbList","@id":"https:\/\/www.rock-n-data.io\/fr\/martin-jacquesson-rejoint-atland-voisin-et-atland-im-en-tant-que-directeur-general-delegue\/#breadcrumb","itemListElement":[{"@type":"ListItem","position":1,"name":"Home","item":"https:\/\/www.rock-n-data.io\/fr\/"},{"@type":"ListItem","position":2,"name":"MARTIN JACQUESSON rejoint ATLAND VOISIN et ATLAND IM en tant que Directeur G\u00e9n\u00e9ral D\u00e9l\u00e9gu\u00e9"}]},{"@type":"WebSite","@id":"https:\/\/www.rock-n-data.io\/fr\/#website","url":"https:\/\/www.rock-n-data.io\/fr\/","name":"Rock &amp; DATA","description":"When data meets commercial real estate investment","potentialAction":[{"@type":"SearchAction","target":{"@type":"EntryPoint","urlTemplate":"https:\/\/www.rock-n-data.io\/fr\/?s={search_term_string}"},"query-input":{"@type":"PropertyValueSpecification","valueRequired":true,"valueName":"search_term_string"}}],"inLanguage":"fr-FR"},{"@type":"Person","@id":"https:\/\/www.rock-n-data.io\/fr\/#\/schema\/person\/9bc10987a0538f4580eb261ee8bb3257","name":"Rock &amp; DATA","image":{"@type":"ImageObject","inLanguage":"fr-FR","@id":"https:\/\/secure.gravatar.com\/avatar\/b94d4fc7b613a57715e272f17d430c39f49617a953e6b09d5da69b3774d096c0?s=96&d=mm&r=g","url":"https:\/\/secure.gravatar.com\/avatar\/b94d4fc7b613a57715e272f17d430c39f49617a953e6b09d5da69b3774d096c0?s=96&d=mm&r=g","contentUrl":"https:\/\/secure.gravatar.com\/avatar\/b94d4fc7b613a57715e272f17d430c39f49617a953e6b09d5da69b3774d096c0?s=96&d=mm&r=g","caption":"Rock &amp; DATA"},"url":"https:\/\/www.rock-n-data.io\/fr\/author\/contact\/"}]}},"_links":{"self":[{"href":"https:\/\/www.rock-n-data.io\/fr\/wp-json\/wp\/v2\/posts\/5510","targetHints":{"allow":["GET"]}}],"collection":[{"href":"https:\/\/www.rock-n-data.io\/fr\/wp-json\/wp\/v2\/posts"}],"about":[{"href":"https:\/\/www.rock-n-data.io\/fr\/wp-json\/wp\/v2\/types\/post"}],"author":[{"embeddable":true,"href":"https:\/\/www.rock-n-data.io\/fr\/wp-json\/wp\/v2\/users\/6"}],"replies":[{"embeddable":true,"href":"https:\/\/www.rock-n-data.io\/fr\/wp-json\/wp\/v2\/comments?post=5510"}],"version-history":[{"count":0,"href":"https:\/\/www.rock-n-data.io\/fr\/wp-json\/wp\/v2\/posts\/5510\/revisions"}],"wp:featuredmedia":[{"embeddable":true,"href":"https:\/\/www.rock-n-data.io\/fr\/wp-json\/wp\/v2\/media\/5512"}],"wp:attachment":[{"href":"https:\/\/www.rock-n-data.io\/fr\/wp-json\/wp\/v2\/media?parent=5510"}],"wp:term":[{"taxonomy":"category","embeddable":true,"href":"https:\/\/www.rock-n-data.io\/fr\/wp-json\/wp\/v2\/categories?post=5510"},{"taxonomy":"post_tag","embeddable":true,"href":"https:\/\/www.rock-n-data.io\/fr\/wp-json\/wp\/v2\/tags?post=5510"}],"curies":[{"name":"wp","href":"https:\/\/api.w.org\/{rel}","templated":true}]}}