{"id":5849,"date":"2025-04-15T15:35:38","date_gmt":"2025-04-15T15:35:38","guid":{"rendered":"https:\/\/www.rock-n-data.io\/?p=5849"},"modified":"2025-04-15T15:35:44","modified_gmt":"2025-04-15T15:35:44","slug":"magellim-reim-investit-dans-un-hotel-5-etoiles-a-saint-michel-paris","status":"publish","type":"post","link":"https:\/\/www.rock-n-data.io\/fr\/magellim-reim-investit-dans-un-hotel-5-etoiles-a-saint-michel-paris\/","title":{"rendered":"Magellim REIM renforce sa pr\u00e9sence dans l\u2019h\u00f4tellerie haut de gamme"},"content":{"rendered":"\n<p><strong>Magellim REIM<\/strong>, filiale du Groupe Magellim, confirme sa volont\u00e9 de se positionner durablement dans le secteur h\u00f4telier en annon\u00e7ant l\u2019acquisition d\u2019un actif embl\u00e9matique situ\u00e9 Place Saint-Michel, au c\u0153ur du 5\u1d49 arrondissement de Paris. Cette op\u00e9ration marque une nouvelle \u00e9tape strat\u00e9gique pour la soci\u00e9t\u00e9 de gestion, avec un projet de transformation ambitieux en #boutique h\u00f4tel 5 \u00e9toiles.<\/p>\n\n\n\n<h2 class=\"wp-block-heading\"><strong>Un immeuble haussmannien \u00e0 forte valeur patrimoniale<\/strong><\/h2>\n\n\n\n<h3 class=\"wp-block-heading\"><strong>Une adresse prestigieuse et un panorama exceptionnel<\/strong><\/h3>\n\n\n\n<p>Situ\u00e9 <strong>\u00e0 l\u2019angle de la Place Saint-Michel<\/strong>, \u00e0 proximit\u00e9 imm\u00e9diate de Notre-Dame, l\u2019immeuble de style haussmannien b\u00e9n\u00e9ficie d\u2019un emplacement d\u2019exception dans l\u2019un des quartiers les plus pris\u00e9s de la capitale. D\u00e9ploy\u00e9 sur une surface de <strong>2 060 m\u00b2<\/strong>, il offre une vue panoramique sur des monuments embl\u00e9matiques de la capitale tels que la Seine, le Louvre, la Sainte-Chapelle, le Panth\u00e9on et l\u2019\u00cele de la Cit\u00e9.<\/p>\n\n\n\n<h3 class=\"wp-block-heading\"><strong>Une transformation h\u00f4teli\u00e8re ambitieuse<\/strong><\/h3>\n\n\n\n<p>L\u2019actif, mixte \u00e0 l\u2019origine (r\u00e9sidentiel et bureaux), fera l\u2019objet d\u2019une r\u00e9habilitation compl\u00e8te, avec une reconversion en une <strong>boutique h\u00f4tel 5 \u00e9toiles<\/strong> de 39 chambres. Le design sera sign\u00e9 par l\u2019agence parisienne <strong>A.S.L Paris<\/strong>, avec une attention port\u00e9e au caract\u00e8re architectural et \u00e0 l\u2019exp\u00e9rience client.<\/p>\n\n\n\n<h2 class=\"wp-block-heading\"><strong>Une op\u00e9ration structur\u00e9e avec des partenaires de r\u00e9f\u00e9rence<\/strong><\/h2>\n\n\n\n<h3 class=\"wp-block-heading\"><strong>Expertise h\u00f4teli\u00e8re et montage financier solide<\/strong><\/h3>\n\n\n\n<p>La transaction a \u00e9t\u00e9 r\u00e9alis\u00e9e avec l\u2019appui d\u2019Armen Asset Management, soci\u00e9t\u00e9 experte dans la gestion h\u00f4teli\u00e8re et participation strat\u00e9gique du Groupe Magellim depuis 2024. Ce partenariat permet d\u2019apporter une solide expertise op\u00e9rationnelle \u00e0 un projet complexe \u00e0 forte valeur ajout\u00e9e.<\/p>\n\n\n\n<p>L\u2019acquisition a \u00e9t\u00e9 r\u00e9alis\u00e9e pour le compte d\u2019un fonds Value-Add actuellement en cours de commercialisation, illustrant la strat\u00e9gie de cr\u00e9ation de valeur pr\u00f4n\u00e9e par Magellim REIM.<\/p>\n\n\n\n<h3 class=\"wp-block-heading\"><strong>Acteurs impliqu\u00e9s<\/strong><\/h3>\n\n\n\n<ul class=\"wp-block-list\">\n<li>Conseils : C&amp;L Notaires, ORFEO, GALM Avocats<\/li>\n\n\n\n<li>Financements : Bpifrance, Cr\u00e9dit Agricole \u00cele-de-France<\/li>\n<\/ul>\n\n\n\n<h2 class=\"wp-block-heading\"><strong>Une strat\u00e9gie orient\u00e9e vers la revalorisation urbaine<\/strong><\/h2>\n\n\n\n<p>Selon Steven Perron, Pr\u00e9sident de Magellim REIM, cette acquisition s\u2019inscrit pleinement dans l\u2019ADN de la soci\u00e9t\u00e9 : revaloriser des #actifs urbains porteurs de sens et \u00e0 forts fondamentaux. L\u2019objectif est de permettre aux investisseurs d\u2019acc\u00e9der \u00e0 des op\u00e9rations combinant <strong>rentabilit\u00e9 financi\u00e8re et impact extra-financier<\/strong>.<\/p>\n\n\n\n<h2 class=\"wp-block-heading\"><strong>Magellim REIM : acteur engag\u00e9 du real estate fran\u00e7ais<\/strong><\/h2>\n\n\n\n<p>Depuis sa cr\u00e9ation en 2010, Magellim REIM s\u2019est impos\u00e9e comme un acteur global de l\u2019investissement immobilier, en particulier dans les r\u00e9gions fran\u00e7aises. La soci\u00e9t\u00e9 d\u00e9veloppe des projets dans des secteurs strat\u00e9giques : sant\u00e9, \u00e9ducation, industrie, tertiaire, et d\u00e9sormais l\u2019h\u00f4tellerie.<\/p>\n\n\n\n<h2 class=\"wp-block-heading\"><strong>Tableau r\u00e9capitulatif de l\u2019op\u00e9ration<\/strong><\/h2>\n\n\n\n<figure class=\"wp-block-table\"><table class=\"has-fixed-layout\"><tbody><tr><td class=\"has-text-align-center\" data-align=\"center\"><strong>\u00c9l\u00e9ments<\/strong><\/td><td class=\"has-text-align-center\" data-align=\"center\"><strong>D\u00e9tails<\/strong><\/td><\/tr><tr><td class=\"has-text-align-center\" data-align=\"center\">Localisation<\/td><td class=\"has-text-align-center\" data-align=\"center\">Place Saint-Michel, Paris 5\u1d49<\/td><\/tr><tr><td class=\"has-text-align-center\" data-align=\"center\">Type d\u2019actif<\/td><td class=\"has-text-align-center\" data-align=\"center\">Immeuble mixte (r\u00e9sidentiel \/ bureaux)<\/td><\/tr><tr><td class=\"has-text-align-center\" data-align=\"center\">Superficie<\/td><td class=\"has-text-align-center\" data-align=\"center\">2 060 m\u00b2 en R+6<\/td><\/tr><tr><td class=\"has-text-align-center\" data-align=\"center\">Projet<\/td><td class=\"has-text-align-center\" data-align=\"center\">Transformation en boutique h\u00f4tel 5 \u00e9toiles<\/td><\/tr><tr><td class=\"has-text-align-center\" data-align=\"center\">Nombre de chambres<\/td><td class=\"has-text-align-center\" data-align=\"center\">39 chambres<\/td><\/tr><tr><td class=\"has-text-align-center\" data-align=\"center\">Design<\/td><td class=\"has-text-align-center\" data-align=\"center\">A.S.L Paris<\/td><\/tr><tr><td class=\"has-text-align-center\" data-align=\"center\">Acquisition<\/td><td class=\"has-text-align-center\" data-align=\"center\">Fonds Value-Add (en cours de commercialisation)<\/td><\/tr><tr><td class=\"has-text-align-center\" data-align=\"center\">Partenaire op\u00e9rationnel<\/td><td class=\"has-text-align-center\" data-align=\"center\">Armen Asset Management<\/td><\/tr><tr><td class=\"has-text-align-center\" data-align=\"center\">Conseillers<\/td><td class=\"has-text-align-center\" data-align=\"center\">C&amp;L Notaires, ORFEO, GALM Avocats<\/td><\/tr><tr><td class=\"has-text-align-center\" data-align=\"center\">Financement<\/td><td class=\"has-text-align-center\" data-align=\"center\">Bpifrance, Cr\u00e9dit Agricole \u00cele-de-France<\/td><\/tr><\/tbody><\/table><\/figure>\n\n\n\n<p>A lire \u00e9galement : <a href=\"https:\/\/www.rock-n-data.io\/fr\/scpi-sofidynamic-premiere-acquisition-aux-pays-bas\/\">Une premi\u00e8re incursion \u00e0 l\u2019international pour la SCPI Sofidynamic<\/a><\/p>\n","protected":false},"excerpt":{"rendered":"<p>Magellim REIM, filiale du Groupe Magellim, confirme sa volont\u00e9 de se positionner durablement dans le secteur h\u00f4telier en annon\u00e7ant l\u2019acquisition d\u2019un actif embl\u00e9matique situ\u00e9 Place Saint-Michel, au c\u0153ur du 5\u1d49 arrondissement de Paris. Cette op\u00e9ration marque une nouvelle \u00e9tape strat\u00e9gique pour la soci\u00e9t\u00e9 de gestion, avec un projet de transformation ambitieux en #boutique h\u00f4tel 5 [&hellip;]<\/p>\n","protected":false},"author":6,"featured_media":5850,"comment_status":"closed","ping_status":"closed","sticky":false,"template":"","format":"standard","meta":{"_acf_changed":false,"inline_featured_image":false,"footnotes":""},"categories":[74],"tags":[767,769,765,695,763],"class_list":["post-5849","post","type-post","status-publish","format-standard","has-post-thumbnail","hentry","category-investissement","tag-acquisitionimmobiliere","tag-armenassetmanagement","tag-boutiquehotelparis","tag-magellimreim","tag-placesaint-michel","post-wrapper"],"acf":[],"yoast_head":"<!-- This site is optimized with the Yoast SEO plugin v27.5 - https:\/\/yoast.com\/product\/yoast-seo-wordpress\/ -->\n<title>Magellim REIM investit dans un h\u00f4tel 5\u2b50 \u00e0 Saint-Michel (Paris)<\/title>\n<meta name=\"description\" content=\"Magellim REIM acquiert un immeuble Place Saint-Michel pour cr\u00e9er un h\u00f4tel 5 \u00e9toiles, renfor\u00e7ant sa strat\u00e9gie dans l\u2019h\u00f4tellerie.\" \/>\n<meta name=\"robots\" content=\"index, follow, max-snippet:-1, max-image-preview:large, max-video-preview:-1\" \/>\n<link rel=\"canonical\" href=\"https:\/\/www.rock-n-data.io\/fr\/magellim-reim-investit-dans-un-hotel-5-etoiles-a-saint-michel-paris\/\" \/>\n<meta property=\"og:locale\" content=\"fr_FR\" \/>\n<meta property=\"og:type\" content=\"article\" \/>\n<meta property=\"og:title\" content=\"Magellim REIM investit dans un h\u00f4tel 5\u2b50 \u00e0 Saint-Michel (Paris)\" \/>\n<meta property=\"og:description\" content=\"Magellim REIM acquiert un immeuble Place Saint-Michel pour cr\u00e9er un h\u00f4tel 5 \u00e9toiles, renfor\u00e7ant sa strat\u00e9gie dans l\u2019h\u00f4tellerie.\" \/>\n<meta property=\"og:url\" content=\"https:\/\/www.rock-n-data.io\/fr\/magellim-reim-investit-dans-un-hotel-5-etoiles-a-saint-michel-paris\/\" \/>\n<meta property=\"og:site_name\" content=\"Rock &amp; DATA\" \/>\n<meta property=\"article:published_time\" content=\"2025-04-15T15:35:38+00:00\" \/>\n<meta property=\"article:modified_time\" content=\"2025-04-15T15:35:44+00:00\" \/>\n<meta property=\"og:image\" content=\"https:\/\/www.rock-n-data.io\/wp-content\/uploads\/2025\/04\/magellim.png\" \/>\n\t<meta property=\"og:image:width\" content=\"422\" \/>\n\t<meta property=\"og:image:height\" content=\"537\" \/>\n\t<meta property=\"og:image:type\" content=\"image\/png\" \/>\n<meta name=\"author\" content=\"Rock &amp; DATA\" \/>\n<meta name=\"twitter:card\" content=\"summary_large_image\" \/>\n<meta name=\"twitter:label1\" content=\"\u00c9crit par\" \/>\n\t<meta name=\"twitter:data1\" content=\"Rock &amp; DATA\" \/>\n\t<meta name=\"twitter:label2\" content=\"Dur\u00e9e de lecture estim\u00e9e\" \/>\n\t<meta name=\"twitter:data2\" content=\"3 minutes\" \/>\n<script type=\"application\/ld+json\" class=\"yoast-schema-graph\">{\"@context\":\"https:\\\/\\\/schema.org\",\"@graph\":[{\"@type\":\"Article\",\"@id\":\"https:\\\/\\\/www.rock-n-data.io\\\/fr\\\/magellim-reim-investit-dans-un-hotel-5-etoiles-a-saint-michel-paris\\\/#article\",\"isPartOf\":{\"@id\":\"https:\\\/\\\/www.rock-n-data.io\\\/fr\\\/magellim-reim-investit-dans-un-hotel-5-etoiles-a-saint-michel-paris\\\/\"},\"author\":{\"name\":\"Rock &amp; DATA\",\"@id\":\"https:\\\/\\\/www.rock-n-data.io\\\/fr\\\/#\\\/schema\\\/person\\\/9bc10987a0538f4580eb261ee8bb3257\"},\"headline\":\"Magellim REIM renforce sa pr\u00e9sence dans l\u2019h\u00f4tellerie haut de gamme\",\"datePublished\":\"2025-04-15T15:35:38+00:00\",\"dateModified\":\"2025-04-15T15:35:44+00:00\",\"mainEntityOfPage\":{\"@id\":\"https:\\\/\\\/www.rock-n-data.io\\\/fr\\\/magellim-reim-investit-dans-un-hotel-5-etoiles-a-saint-michel-paris\\\/\"},\"wordCount\":544,\"image\":{\"@id\":\"https:\\\/\\\/www.rock-n-data.io\\\/fr\\\/magellim-reim-investit-dans-un-hotel-5-etoiles-a-saint-michel-paris\\\/#primaryimage\"},\"thumbnailUrl\":\"https:\\\/\\\/www.rock-n-data.io\\\/wp-content\\\/uploads\\\/2025\\\/04\\\/magellim.png\",\"keywords\":[\"#AcquisitionImmobili\u00e8re\",\"#ArmenAssetManagement\",\"#boutiqueH\u00f4telParis\",\"#MagellimREIM\",\"#PlaceSaint-Michel\"],\"articleSection\":[\"Investissement\"],\"inLanguage\":\"fr-FR\"},{\"@type\":\"WebPage\",\"@id\":\"https:\\\/\\\/www.rock-n-data.io\\\/fr\\\/magellim-reim-investit-dans-un-hotel-5-etoiles-a-saint-michel-paris\\\/\",\"url\":\"https:\\\/\\\/www.rock-n-data.io\\\/fr\\\/magellim-reim-investit-dans-un-hotel-5-etoiles-a-saint-michel-paris\\\/\",\"name\":\"Magellim REIM investit dans un h\u00f4tel 5\u2b50 \u00e0 Saint-Michel (Paris)\",\"isPartOf\":{\"@id\":\"https:\\\/\\\/www.rock-n-data.io\\\/fr\\\/#website\"},\"primaryImageOfPage\":{\"@id\":\"https:\\\/\\\/www.rock-n-data.io\\\/fr\\\/magellim-reim-investit-dans-un-hotel-5-etoiles-a-saint-michel-paris\\\/#primaryimage\"},\"image\":{\"@id\":\"https:\\\/\\\/www.rock-n-data.io\\\/fr\\\/magellim-reim-investit-dans-un-hotel-5-etoiles-a-saint-michel-paris\\\/#primaryimage\"},\"thumbnailUrl\":\"https:\\\/\\\/www.rock-n-data.io\\\/wp-content\\\/uploads\\\/2025\\\/04\\\/magellim.png\",\"datePublished\":\"2025-04-15T15:35:38+00:00\",\"dateModified\":\"2025-04-15T15:35:44+00:00\",\"author\":{\"@id\":\"https:\\\/\\\/www.rock-n-data.io\\\/fr\\\/#\\\/schema\\\/person\\\/9bc10987a0538f4580eb261ee8bb3257\"},\"description\":\"Magellim REIM acquiert un immeuble Place Saint-Michel pour cr\u00e9er un h\u00f4tel 5 \u00e9toiles, renfor\u00e7ant sa strat\u00e9gie dans l\u2019h\u00f4tellerie.\",\"breadcrumb\":{\"@id\":\"https:\\\/\\\/www.rock-n-data.io\\\/fr\\\/magellim-reim-investit-dans-un-hotel-5-etoiles-a-saint-michel-paris\\\/#breadcrumb\"},\"inLanguage\":\"fr-FR\",\"potentialAction\":[{\"@type\":\"ReadAction\",\"target\":[\"https:\\\/\\\/www.rock-n-data.io\\\/fr\\\/magellim-reim-investit-dans-un-hotel-5-etoiles-a-saint-michel-paris\\\/\"]}]},{\"@type\":\"ImageObject\",\"inLanguage\":\"fr-FR\",\"@id\":\"https:\\\/\\\/www.rock-n-data.io\\\/fr\\\/magellim-reim-investit-dans-un-hotel-5-etoiles-a-saint-michel-paris\\\/#primaryimage\",\"url\":\"https:\\\/\\\/www.rock-n-data.io\\\/wp-content\\\/uploads\\\/2025\\\/04\\\/magellim.png\",\"contentUrl\":\"https:\\\/\\\/www.rock-n-data.io\\\/wp-content\\\/uploads\\\/2025\\\/04\\\/magellim.png\",\"width\":422,\"height\":537},{\"@type\":\"BreadcrumbList\",\"@id\":\"https:\\\/\\\/www.rock-n-data.io\\\/fr\\\/magellim-reim-investit-dans-un-hotel-5-etoiles-a-saint-michel-paris\\\/#breadcrumb\",\"itemListElement\":[{\"@type\":\"ListItem\",\"position\":1,\"name\":\"Home\",\"item\":\"https:\\\/\\\/www.rock-n-data.io\\\/fr\\\/\"},{\"@type\":\"ListItem\",\"position\":2,\"name\":\"Magellim REIM renforce sa pr\u00e9sence dans l\u2019h\u00f4tellerie haut de gamme\"}]},{\"@type\":\"WebSite\",\"@id\":\"https:\\\/\\\/www.rock-n-data.io\\\/fr\\\/#website\",\"url\":\"https:\\\/\\\/www.rock-n-data.io\\\/fr\\\/\",\"name\":\"Rock &amp; DATA\",\"description\":\"When data meets commercial real estate investment\",\"potentialAction\":[{\"@type\":\"SearchAction\",\"target\":{\"@type\":\"EntryPoint\",\"urlTemplate\":\"https:\\\/\\\/www.rock-n-data.io\\\/fr\\\/?s={search_term_string}\"},\"query-input\":{\"@type\":\"PropertyValueSpecification\",\"valueRequired\":true,\"valueName\":\"search_term_string\"}}],\"inLanguage\":\"fr-FR\"},{\"@type\":\"Person\",\"@id\":\"https:\\\/\\\/www.rock-n-data.io\\\/fr\\\/#\\\/schema\\\/person\\\/9bc10987a0538f4580eb261ee8bb3257\",\"name\":\"Rock &amp; DATA\",\"image\":{\"@type\":\"ImageObject\",\"inLanguage\":\"fr-FR\",\"@id\":\"https:\\\/\\\/secure.gravatar.com\\\/avatar\\\/b94d4fc7b613a57715e272f17d430c39f49617a953e6b09d5da69b3774d096c0?s=96&d=mm&r=g\",\"url\":\"https:\\\/\\\/secure.gravatar.com\\\/avatar\\\/b94d4fc7b613a57715e272f17d430c39f49617a953e6b09d5da69b3774d096c0?s=96&d=mm&r=g\",\"contentUrl\":\"https:\\\/\\\/secure.gravatar.com\\\/avatar\\\/b94d4fc7b613a57715e272f17d430c39f49617a953e6b09d5da69b3774d096c0?s=96&d=mm&r=g\",\"caption\":\"Rock &amp; DATA\"},\"url\":\"https:\\\/\\\/www.rock-n-data.io\\\/fr\\\/author\\\/contact\\\/\"}]}<\/script>\n<!-- \/ Yoast SEO plugin. -->","yoast_head_json":{"title":"Magellim REIM investit dans un h\u00f4tel 5\u2b50 \u00e0 Saint-Michel (Paris)","description":"Magellim REIM acquiert un immeuble Place Saint-Michel pour cr\u00e9er un h\u00f4tel 5 \u00e9toiles, renfor\u00e7ant sa strat\u00e9gie dans l\u2019h\u00f4tellerie.","robots":{"index":"index","follow":"follow","max-snippet":"max-snippet:-1","max-image-preview":"max-image-preview:large","max-video-preview":"max-video-preview:-1"},"canonical":"https:\/\/www.rock-n-data.io\/fr\/magellim-reim-investit-dans-un-hotel-5-etoiles-a-saint-michel-paris\/","og_locale":"fr_FR","og_type":"article","og_title":"Magellim REIM investit dans un h\u00f4tel 5\u2b50 \u00e0 Saint-Michel (Paris)","og_description":"Magellim REIM acquiert un immeuble Place Saint-Michel pour cr\u00e9er un h\u00f4tel 5 \u00e9toiles, renfor\u00e7ant sa strat\u00e9gie dans l\u2019h\u00f4tellerie.","og_url":"https:\/\/www.rock-n-data.io\/fr\/magellim-reim-investit-dans-un-hotel-5-etoiles-a-saint-michel-paris\/","og_site_name":"Rock &amp; DATA","article_published_time":"2025-04-15T15:35:38+00:00","article_modified_time":"2025-04-15T15:35:44+00:00","og_image":[{"width":422,"height":537,"url":"https:\/\/www.rock-n-data.io\/wp-content\/uploads\/2025\/04\/magellim.png","type":"image\/png"}],"author":"Rock &amp; DATA","twitter_card":"summary_large_image","twitter_misc":{"\u00c9crit par":"Rock &amp; DATA","Dur\u00e9e de lecture estim\u00e9e":"3 minutes"},"schema":{"@context":"https:\/\/schema.org","@graph":[{"@type":"Article","@id":"https:\/\/www.rock-n-data.io\/fr\/magellim-reim-investit-dans-un-hotel-5-etoiles-a-saint-michel-paris\/#article","isPartOf":{"@id":"https:\/\/www.rock-n-data.io\/fr\/magellim-reim-investit-dans-un-hotel-5-etoiles-a-saint-michel-paris\/"},"author":{"name":"Rock &amp; DATA","@id":"https:\/\/www.rock-n-data.io\/fr\/#\/schema\/person\/9bc10987a0538f4580eb261ee8bb3257"},"headline":"Magellim REIM renforce sa pr\u00e9sence dans l\u2019h\u00f4tellerie haut de gamme","datePublished":"2025-04-15T15:35:38+00:00","dateModified":"2025-04-15T15:35:44+00:00","mainEntityOfPage":{"@id":"https:\/\/www.rock-n-data.io\/fr\/magellim-reim-investit-dans-un-hotel-5-etoiles-a-saint-michel-paris\/"},"wordCount":544,"image":{"@id":"https:\/\/www.rock-n-data.io\/fr\/magellim-reim-investit-dans-un-hotel-5-etoiles-a-saint-michel-paris\/#primaryimage"},"thumbnailUrl":"https:\/\/www.rock-n-data.io\/wp-content\/uploads\/2025\/04\/magellim.png","keywords":["#AcquisitionImmobili\u00e8re","#ArmenAssetManagement","#boutiqueH\u00f4telParis","#MagellimREIM","#PlaceSaint-Michel"],"articleSection":["Investissement"],"inLanguage":"fr-FR"},{"@type":"WebPage","@id":"https:\/\/www.rock-n-data.io\/fr\/magellim-reim-investit-dans-un-hotel-5-etoiles-a-saint-michel-paris\/","url":"https:\/\/www.rock-n-data.io\/fr\/magellim-reim-investit-dans-un-hotel-5-etoiles-a-saint-michel-paris\/","name":"Magellim REIM investit dans un h\u00f4tel 5\u2b50 \u00e0 Saint-Michel (Paris)","isPartOf":{"@id":"https:\/\/www.rock-n-data.io\/fr\/#website"},"primaryImageOfPage":{"@id":"https:\/\/www.rock-n-data.io\/fr\/magellim-reim-investit-dans-un-hotel-5-etoiles-a-saint-michel-paris\/#primaryimage"},"image":{"@id":"https:\/\/www.rock-n-data.io\/fr\/magellim-reim-investit-dans-un-hotel-5-etoiles-a-saint-michel-paris\/#primaryimage"},"thumbnailUrl":"https:\/\/www.rock-n-data.io\/wp-content\/uploads\/2025\/04\/magellim.png","datePublished":"2025-04-15T15:35:38+00:00","dateModified":"2025-04-15T15:35:44+00:00","author":{"@id":"https:\/\/www.rock-n-data.io\/fr\/#\/schema\/person\/9bc10987a0538f4580eb261ee8bb3257"},"description":"Magellim REIM acquiert un immeuble Place Saint-Michel pour cr\u00e9er un h\u00f4tel 5 \u00e9toiles, renfor\u00e7ant sa strat\u00e9gie dans l\u2019h\u00f4tellerie.","breadcrumb":{"@id":"https:\/\/www.rock-n-data.io\/fr\/magellim-reim-investit-dans-un-hotel-5-etoiles-a-saint-michel-paris\/#breadcrumb"},"inLanguage":"fr-FR","potentialAction":[{"@type":"ReadAction","target":["https:\/\/www.rock-n-data.io\/fr\/magellim-reim-investit-dans-un-hotel-5-etoiles-a-saint-michel-paris\/"]}]},{"@type":"ImageObject","inLanguage":"fr-FR","@id":"https:\/\/www.rock-n-data.io\/fr\/magellim-reim-investit-dans-un-hotel-5-etoiles-a-saint-michel-paris\/#primaryimage","url":"https:\/\/www.rock-n-data.io\/wp-content\/uploads\/2025\/04\/magellim.png","contentUrl":"https:\/\/www.rock-n-data.io\/wp-content\/uploads\/2025\/04\/magellim.png","width":422,"height":537},{"@type":"BreadcrumbList","@id":"https:\/\/www.rock-n-data.io\/fr\/magellim-reim-investit-dans-un-hotel-5-etoiles-a-saint-michel-paris\/#breadcrumb","itemListElement":[{"@type":"ListItem","position":1,"name":"Home","item":"https:\/\/www.rock-n-data.io\/fr\/"},{"@type":"ListItem","position":2,"name":"Magellim REIM renforce sa pr\u00e9sence dans l\u2019h\u00f4tellerie haut de gamme"}]},{"@type":"WebSite","@id":"https:\/\/www.rock-n-data.io\/fr\/#website","url":"https:\/\/www.rock-n-data.io\/fr\/","name":"Rock &amp; DATA","description":"When data meets commercial real estate investment","potentialAction":[{"@type":"SearchAction","target":{"@type":"EntryPoint","urlTemplate":"https:\/\/www.rock-n-data.io\/fr\/?s={search_term_string}"},"query-input":{"@type":"PropertyValueSpecification","valueRequired":true,"valueName":"search_term_string"}}],"inLanguage":"fr-FR"},{"@type":"Person","@id":"https:\/\/www.rock-n-data.io\/fr\/#\/schema\/person\/9bc10987a0538f4580eb261ee8bb3257","name":"Rock &amp; DATA","image":{"@type":"ImageObject","inLanguage":"fr-FR","@id":"https:\/\/secure.gravatar.com\/avatar\/b94d4fc7b613a57715e272f17d430c39f49617a953e6b09d5da69b3774d096c0?s=96&d=mm&r=g","url":"https:\/\/secure.gravatar.com\/avatar\/b94d4fc7b613a57715e272f17d430c39f49617a953e6b09d5da69b3774d096c0?s=96&d=mm&r=g","contentUrl":"https:\/\/secure.gravatar.com\/avatar\/b94d4fc7b613a57715e272f17d430c39f49617a953e6b09d5da69b3774d096c0?s=96&d=mm&r=g","caption":"Rock &amp; DATA"},"url":"https:\/\/www.rock-n-data.io\/fr\/author\/contact\/"}]}},"_links":{"self":[{"href":"https:\/\/www.rock-n-data.io\/fr\/wp-json\/wp\/v2\/posts\/5849","targetHints":{"allow":["GET"]}}],"collection":[{"href":"https:\/\/www.rock-n-data.io\/fr\/wp-json\/wp\/v2\/posts"}],"about":[{"href":"https:\/\/www.rock-n-data.io\/fr\/wp-json\/wp\/v2\/types\/post"}],"author":[{"embeddable":true,"href":"https:\/\/www.rock-n-data.io\/fr\/wp-json\/wp\/v2\/users\/6"}],"replies":[{"embeddable":true,"href":"https:\/\/www.rock-n-data.io\/fr\/wp-json\/wp\/v2\/comments?post=5849"}],"version-history":[{"count":0,"href":"https:\/\/www.rock-n-data.io\/fr\/wp-json\/wp\/v2\/posts\/5849\/revisions"}],"wp:featuredmedia":[{"embeddable":true,"href":"https:\/\/www.rock-n-data.io\/fr\/wp-json\/wp\/v2\/media\/5850"}],"wp:attachment":[{"href":"https:\/\/www.rock-n-data.io\/fr\/wp-json\/wp\/v2\/media?parent=5849"}],"wp:term":[{"taxonomy":"category","embeddable":true,"href":"https:\/\/www.rock-n-data.io\/fr\/wp-json\/wp\/v2\/categories?post=5849"},{"taxonomy":"post_tag","embeddable":true,"href":"https:\/\/www.rock-n-data.io\/fr\/wp-json\/wp\/v2\/tags?post=5849"}],"curies":[{"name":"wp","href":"https:\/\/api.w.org\/{rel}","templated":true}]}}