{"id":5862,"date":"2025-04-18T09:42:51","date_gmt":"2025-04-18T09:42:51","guid":{"rendered":"https:\/\/www.rock-n-data.io\/?p=5862"},"modified":"2025-04-18T09:42:55","modified_gmt":"2025-04-18T09:42:55","slug":"scpi-epsilon-360-nouvelle-acquisition-d-un-retail-park","status":"publish","type":"post","link":"https:\/\/www.rock-n-data.io\/fr\/scpi-epsilon-360-nouvelle-acquisition-d-un-retail-park\/","title":{"rendered":"SCPI Epsilon 360\u00b0 : acquisition d'un retail park \u00e0 Salamanque"},"content":{"rendered":"\n<h2 class=\"wp-block-heading\"><strong>Une strat\u00e9gie d\u2019expansion europ\u00e9enne renforc\u00e9e<\/strong><\/h2>\n\n\n\n<p>La <strong><a href=\"https:\/\/www.meilleurescpi.com\/scpi\/scpi-de-rendement\/f15727-scpi-epsilon\/\">SCPI Epsilon 360\u00b0<\/a><\/strong> franchit une nouvelle \u00e9tape dans sa strat\u00e9gie de d\u00e9veloppement europ\u00e9en avec l\u2019acquisition d\u2019un <strong>#retail park<\/strong> \u00e0 <strong>#Salamanque<\/strong>, en Espagne. Ce nouvel investissement porte \u00e0 pr\u00e8s de <strong>#30M\u20ac<\/strong> la valeur du patrimoine d\u00e9tenu par la SCPI dans le pays ib\u00e9rique, confirmant sa volont\u00e9 de diversification g\u00e9ographique.<\/p>\n\n\n\n<h2 class=\"wp-block-heading\"><strong>D\u00e9tail de l'acquisition : Parque Comercial Atalaya del Tormes<\/strong><\/h2>\n\n\n\n<p>Situ\u00e9 dans la ville historique de <strong>#Salamanque<\/strong> \u2014 capitale de la province \u00e9ponyme et c\u00e9l\u00e8bre pour son universit\u00e9 \u2014, le <strong>Parque Comercial Atalaya del Tormes<\/strong> b\u00e9n\u00e9ficie d\u2019une situation privil\u00e9gi\u00e9e. Accessible facilement via la nationale <strong>#N-501<\/strong> et l'autoroute <strong>#A50<\/strong>, cet actif est implant\u00e9 face \u00e0 un hypermarch\u00e9 <strong>Leclerc<\/strong> et \u00e0 proximit\u00e9 de grandes enseignes comme <strong>D\u00e9cathlon<\/strong> et <strong>Burger King<\/strong>.<\/p>\n\n\n\n<h3 class=\"wp-block-heading\"><strong>Caract\u00e9ristiques principales de l'actif<\/strong><\/h3>\n\n\n\n<ul class=\"wp-block-list\">\n<li>Livr\u00e9 en <strong>2022<\/strong>.<\/li>\n\n\n\n<li>5 cellules commerciales lou\u00e9es \u00e0 des enseignes reconnues : <strong>Kiabi<\/strong>, <strong>Tiendanimal<\/strong>, <strong>Jysk<\/strong>, <strong>MGI<\/strong>, <strong>Sprinter<\/strong>.<br><\/li>\n\n\n\n<li>Un terrain lou\u00e9 \u00e0 <strong>Popeye's<\/strong> pour une activit\u00e9 de restauration rapide.<\/li>\n\n\n\n<li><strong>183 places de stationnement<\/strong> dont <strong>10 bornes IRVE<\/strong> exploit\u00e9es par <strong>Iberdrola<\/strong>.<\/li>\n\n\n\n<li><strong>Panneaux photovolta\u00efques<\/strong> sur la toiture, \u00e9galement op\u00e9r\u00e9s par Iberdrola.<br><\/li>\n<\/ul>\n\n\n\n<h3 class=\"wp-block-heading\"><strong>Tableau r\u00e9capitulatif<\/strong><\/h3>\n\n\n\n<figure class=\"wp-block-table\"><table class=\"has-fixed-layout\"><tbody><tr><td class=\"has-text-align-center\" data-align=\"center\"><strong>Caract\u00e9ristiques<\/strong><\/td><td class=\"has-text-align-center\" data-align=\"center\"><strong>D\u00e9tails<\/strong><\/td><\/tr><tr><td class=\"has-text-align-center\" data-align=\"center\">Localisation<\/td><td class=\"has-text-align-center\" data-align=\"center\">Salamanque, Espagne<\/td><\/tr><tr><td class=\"has-text-align-center\" data-align=\"center\">Livraison<\/td><td class=\"has-text-align-center\" data-align=\"center\">2022<\/td><\/tr><tr><td class=\"has-text-align-center\" data-align=\"center\">Enseignes pr\u00e9sentes<\/td><td class=\"has-text-align-center\" data-align=\"center\">Kiabi, Tiendanimal, Jysk, MGI, Sprinter<\/td><\/tr><tr><td class=\"has-text-align-center\" data-align=\"center\">Installations \u00e9cologiques<\/td><td class=\"has-text-align-center\" data-align=\"center\">Panneaux solaires, bornes IRVE<\/td><\/tr><tr><td class=\"has-text-align-center\" data-align=\"center\">Acc\u00e8s<\/td><td class=\"has-text-align-center\" data-align=\"center\">N-501 et A50<\/td><\/tr><tr><td class=\"has-text-align-center\" data-align=\"center\">Parking<\/td><td class=\"has-text-align-center\" data-align=\"center\">183 places<\/td><\/tr><\/tbody><\/table><\/figure>\n\n\n\n<h2 class=\"wp-block-heading\"><strong>Un actif align\u00e9 avec la strat\u00e9gie de la SCPI<\/strong><\/h2>\n\n\n\n<p>Selon <strong>#Florian Le Qu\u00e9r\u00e9<\/strong>, Directeur des investissements Associ\u00e9, cet actif dispose d\u2019un <strong>mix locatif robuste<\/strong>, d\u2019une <strong>localisation strat\u00e9gique<\/strong> et de <strong>prestations de qualit\u00e9<\/strong>. L\u2019op\u00e9ration permet d\u2019\u00e9lever \u00e0 environ <strong>20%<\/strong> la part du patrimoine de la SCPI Epsilon 360\u00b0 en Espagne.<\/p>\n\n\n\n<p><strong>#Andr\u00e1s Boros<\/strong>, Pr\u00e9sident d\u2019Epsicap REIM, souligne l'importance de cette troisi\u00e8me acquisition espagnole pour conforter l'<strong>expansion paneurop\u00e9enne<\/strong> de la SCPI. De nouveaux investissements sont d\u2019ailleurs attendus prochainement au <strong>#Royaume-Uni<\/strong> et en <strong>#Irlande<\/strong>.<\/p>\n\n\n\n<h2 class=\"wp-block-heading\"><strong>Une op\u00e9ration men\u00e9e avec des partenaires reconnus<\/strong><\/h2>\n\n\n\n<p>Pour mener \u00e0 bien cette transaction, <strong>Epsicap REIM<\/strong> a collabor\u00e9 avec :<\/p>\n\n\n\n<ul class=\"wp-block-list\">\n<li>CMS (Alvaro Otero Moyano, Jorge Duran Robles) pour le volet juridique,<\/li>\n\n\n\n<li>Arcadis (Jesus Gallego) pour la partie technique,<\/li>\n\n\n\n<li>CBRE (Miguel Villalobos, Salvador Lacerda) pour l\u2019aspect immobilier.<br><\/li>\n<\/ul>\n\n\n\n<p>L\u2019actif a \u00e9t\u00e9 c\u00e9d\u00e9 par <strong>Atalaya Superficies Commerciales SL<\/strong>, g\u00e9r\u00e9 par <strong>Mazabi Gestion SL<\/strong>.<\/p>\n\n\n\n<h2 class=\"wp-block-heading\"><strong>Perspectives pour la SCPI Epsilon 360\u00b0<\/strong><\/h2>\n\n\n\n<p>La SCPI poursuit ainsi son objectif : se positionner comme un acteur de r\u00e9f\u00e9rence sur le segment de l\u2019immobilier \u00ab #Smallcaps \u00bb en Europe, en investissant dans des actifs tertiaires vari\u00e9s, d\u2019une valeur g\u00e9n\u00e9ralement comprise entre 1 et 10 millions d\u2019euros.<\/p>\n\n\n\n<h3 class=\"wp-block-heading\"><strong>Points cl\u00e9s \u00e0 retenir :<\/strong><\/h3>\n\n\n\n<ul class=\"wp-block-list\">\n<li>Troisi\u00e8me acquisition en Espagne pour Epsilon 360\u00b0.<\/li>\n\n\n\n<li>Pr\u00e8s de 20 % du patrimoine d\u00e9sormais localis\u00e9 en Espagne.<\/li>\n\n\n\n<li>Extension \u00e0 venir vers le Royaume-Uni et l'Irlande.<\/li>\n<\/ul>\n\n\n\n<p>A lire \u00e9galement : <a href=\"https:\/\/www.rock-n-data.io\/fr\/allemagne-2025-paref-gestion-analyse-les-perspectives\/\">PAREF Gestion : Quel horizon pour l\u2019Allemagne en 2025 ?<\/a><\/p>\n","protected":false},"excerpt":{"rendered":"<p>Une strat\u00e9gie d\u2019expansion europ\u00e9enne renforc\u00e9e La SCPI Epsilon 360\u00b0 franchit une nouvelle \u00e9tape dans sa strat\u00e9gie de d\u00e9veloppement europ\u00e9en avec l\u2019acquisition d\u2019un #retail park \u00e0 #Salamanque, en Espagne. Ce nouvel investissement porte \u00e0 pr\u00e8s de #30M\u20ac la valeur du patrimoine d\u00e9tenu par la SCPI dans le pays ib\u00e9rique, confirmant sa volont\u00e9 de diversification g\u00e9ographique. D\u00e9tail [&hellip;]<\/p>\n","protected":false},"author":6,"featured_media":5863,"comment_status":"closed","ping_status":"closed","sticky":false,"template":"","format":"standard","meta":{"_acf_changed":false,"inline_featured_image":false,"footnotes":""},"categories":[74],"tags":[718,783,785,787,613,760,784,619,782,786],"class_list":["post-5862","post","type-post","status-publish","format-standard","has-post-thumbnail","hentry","category-investissement","tag-epsicapreim","tag-immobiliercommercialespagne","tag-immobiliereuropeen","tag-immobilierlocatif","tag-investissementimmobilier","tag-retailpark","tag-salamanque","tag-scpi-2","tag-scpiepsilon360","tag-scpismallcaps","post-wrapper"],"acf":[],"yoast_head":"<!-- This site is optimized with the Yoast SEO plugin v27.5 - https:\/\/yoast.com\/product\/yoast-seo-wordpress\/ -->\n<title>SCPI Epsilon 360\u00b0 : nouvelle acquisition d&#039;un retail park \ud83c\uddea\ud83c\uddf8<\/title>\n<meta name=\"description\" content=\"La SCPI Epsilon 360\u00b0 acquiert un retail park \u00e0 Salamanque, renfor\u00e7ant sa pr\u00e9sence europ\u00e9enne avec un actif r\u00e9cent et bien situ\u00e9.\" \/>\n<meta name=\"robots\" content=\"index, follow, max-snippet:-1, max-image-preview:large, max-video-preview:-1\" \/>\n<link rel=\"canonical\" href=\"https:\/\/www.rock-n-data.io\/fr\/scpi-epsilon-360-nouvelle-acquisition-d-un-retail-park\/\" \/>\n<meta property=\"og:locale\" content=\"fr_FR\" \/>\n<meta property=\"og:type\" content=\"article\" \/>\n<meta property=\"og:title\" content=\"SCPI Epsilon 360\u00b0 : nouvelle acquisition d&#039;un retail park \ud83c\uddea\ud83c\uddf8\" \/>\n<meta property=\"og:description\" content=\"La SCPI Epsilon 360\u00b0 acquiert un retail park \u00e0 Salamanque, renfor\u00e7ant sa pr\u00e9sence europ\u00e9enne avec un actif r\u00e9cent et bien situ\u00e9.\" \/>\n<meta property=\"og:url\" content=\"https:\/\/www.rock-n-data.io\/fr\/scpi-epsilon-360-nouvelle-acquisition-d-un-retail-park\/\" \/>\n<meta property=\"og:site_name\" content=\"Rock &amp; DATA\" \/>\n<meta property=\"article:published_time\" content=\"2025-04-18T09:42:51+00:00\" \/>\n<meta property=\"article:modified_time\" content=\"2025-04-18T09:42:55+00:00\" \/>\n<meta property=\"og:image\" content=\"https:\/\/www.rock-n-data.io\/wp-content\/uploads\/2025\/04\/epsilon-1-1.jpg\" \/>\n\t<meta property=\"og:image:width\" content=\"800\" \/>\n\t<meta property=\"og:image:height\" content=\"464\" \/>\n\t<meta property=\"og:image:type\" content=\"image\/jpeg\" \/>\n<meta name=\"author\" content=\"Rock &amp; DATA\" \/>\n<meta name=\"twitter:card\" content=\"summary_large_image\" \/>\n<meta name=\"twitter:label1\" content=\"\u00c9crit par\" \/>\n\t<meta name=\"twitter:data1\" content=\"Rock &amp; DATA\" \/>\n\t<meta name=\"twitter:label2\" content=\"Dur\u00e9e de lecture estim\u00e9e\" \/>\n\t<meta name=\"twitter:data2\" content=\"3 minutes\" \/>\n<script type=\"application\/ld+json\" class=\"yoast-schema-graph\">{\"@context\":\"https:\\\/\\\/schema.org\",\"@graph\":[{\"@type\":\"Article\",\"@id\":\"https:\\\/\\\/www.rock-n-data.io\\\/fr\\\/scpi-epsilon-360-nouvelle-acquisition-d-un-retail-park\\\/#article\",\"isPartOf\":{\"@id\":\"https:\\\/\\\/www.rock-n-data.io\\\/fr\\\/scpi-epsilon-360-nouvelle-acquisition-d-un-retail-park\\\/\"},\"author\":{\"name\":\"Rock &amp; DATA\",\"@id\":\"https:\\\/\\\/www.rock-n-data.io\\\/fr\\\/#\\\/schema\\\/person\\\/9bc10987a0538f4580eb261ee8bb3257\"},\"headline\":\"SCPI Epsilon 360\u00b0 : acquisition d'un retail park \u00e0 Salamanque\",\"datePublished\":\"2025-04-18T09:42:51+00:00\",\"dateModified\":\"2025-04-18T09:42:55+00:00\",\"mainEntityOfPage\":{\"@id\":\"https:\\\/\\\/www.rock-n-data.io\\\/fr\\\/scpi-epsilon-360-nouvelle-acquisition-d-un-retail-park\\\/\"},\"wordCount\":475,\"image\":{\"@id\":\"https:\\\/\\\/www.rock-n-data.io\\\/fr\\\/scpi-epsilon-360-nouvelle-acquisition-d-un-retail-park\\\/#primaryimage\"},\"thumbnailUrl\":\"https:\\\/\\\/www.rock-n-data.io\\\/wp-content\\\/uploads\\\/2025\\\/04\\\/epsilon-1-1.jpg\",\"keywords\":[\"#EpsicapREIM\",\"#ImmobilierCommercialEspagne\",\"#ImmobilierEurop\u00e9en\",\"#ImmobilierLocatif\",\"#Investissementimmobilier\",\"#retailpark\",\"#Salamanque\",\"#SCPI\",\"#SCPIEpsilon360\",\"#SCPIsmallcaps\"],\"articleSection\":[\"Investissement\"],\"inLanguage\":\"fr-FR\"},{\"@type\":\"WebPage\",\"@id\":\"https:\\\/\\\/www.rock-n-data.io\\\/fr\\\/scpi-epsilon-360-nouvelle-acquisition-d-un-retail-park\\\/\",\"url\":\"https:\\\/\\\/www.rock-n-data.io\\\/fr\\\/scpi-epsilon-360-nouvelle-acquisition-d-un-retail-park\\\/\",\"name\":\"SCPI Epsilon 360\u00b0 : nouvelle acquisition d'un retail park \ud83c\uddea\ud83c\uddf8\",\"isPartOf\":{\"@id\":\"https:\\\/\\\/www.rock-n-data.io\\\/fr\\\/#website\"},\"primaryImageOfPage\":{\"@id\":\"https:\\\/\\\/www.rock-n-data.io\\\/fr\\\/scpi-epsilon-360-nouvelle-acquisition-d-un-retail-park\\\/#primaryimage\"},\"image\":{\"@id\":\"https:\\\/\\\/www.rock-n-data.io\\\/fr\\\/scpi-epsilon-360-nouvelle-acquisition-d-un-retail-park\\\/#primaryimage\"},\"thumbnailUrl\":\"https:\\\/\\\/www.rock-n-data.io\\\/wp-content\\\/uploads\\\/2025\\\/04\\\/epsilon-1-1.jpg\",\"datePublished\":\"2025-04-18T09:42:51+00:00\",\"dateModified\":\"2025-04-18T09:42:55+00:00\",\"author\":{\"@id\":\"https:\\\/\\\/www.rock-n-data.io\\\/fr\\\/#\\\/schema\\\/person\\\/9bc10987a0538f4580eb261ee8bb3257\"},\"description\":\"La SCPI Epsilon 360\u00b0 acquiert un retail park \u00e0 Salamanque, renfor\u00e7ant sa pr\u00e9sence europ\u00e9enne avec un actif r\u00e9cent et bien situ\u00e9.\",\"breadcrumb\":{\"@id\":\"https:\\\/\\\/www.rock-n-data.io\\\/fr\\\/scpi-epsilon-360-nouvelle-acquisition-d-un-retail-park\\\/#breadcrumb\"},\"inLanguage\":\"fr-FR\",\"potentialAction\":[{\"@type\":\"ReadAction\",\"target\":[\"https:\\\/\\\/www.rock-n-data.io\\\/fr\\\/scpi-epsilon-360-nouvelle-acquisition-d-un-retail-park\\\/\"]}]},{\"@type\":\"ImageObject\",\"inLanguage\":\"fr-FR\",\"@id\":\"https:\\\/\\\/www.rock-n-data.io\\\/fr\\\/scpi-epsilon-360-nouvelle-acquisition-d-un-retail-park\\\/#primaryimage\",\"url\":\"https:\\\/\\\/www.rock-n-data.io\\\/wp-content\\\/uploads\\\/2025\\\/04\\\/epsilon-1-1.jpg\",\"contentUrl\":\"https:\\\/\\\/www.rock-n-data.io\\\/wp-content\\\/uploads\\\/2025\\\/04\\\/epsilon-1-1.jpg\",\"width\":800,\"height\":464},{\"@type\":\"BreadcrumbList\",\"@id\":\"https:\\\/\\\/www.rock-n-data.io\\\/fr\\\/scpi-epsilon-360-nouvelle-acquisition-d-un-retail-park\\\/#breadcrumb\",\"itemListElement\":[{\"@type\":\"ListItem\",\"position\":1,\"name\":\"Home\",\"item\":\"https:\\\/\\\/www.rock-n-data.io\\\/fr\\\/\"},{\"@type\":\"ListItem\",\"position\":2,\"name\":\"SCPI Epsilon 360\u00b0 : acquisition d'un retail park \u00e0 Salamanque\"}]},{\"@type\":\"WebSite\",\"@id\":\"https:\\\/\\\/www.rock-n-data.io\\\/fr\\\/#website\",\"url\":\"https:\\\/\\\/www.rock-n-data.io\\\/fr\\\/\",\"name\":\"Rock &amp; DATA\",\"description\":\"When data meets commercial real estate investment\",\"potentialAction\":[{\"@type\":\"SearchAction\",\"target\":{\"@type\":\"EntryPoint\",\"urlTemplate\":\"https:\\\/\\\/www.rock-n-data.io\\\/fr\\\/?s={search_term_string}\"},\"query-input\":{\"@type\":\"PropertyValueSpecification\",\"valueRequired\":true,\"valueName\":\"search_term_string\"}}],\"inLanguage\":\"fr-FR\"},{\"@type\":\"Person\",\"@id\":\"https:\\\/\\\/www.rock-n-data.io\\\/fr\\\/#\\\/schema\\\/person\\\/9bc10987a0538f4580eb261ee8bb3257\",\"name\":\"Rock &amp; DATA\",\"image\":{\"@type\":\"ImageObject\",\"inLanguage\":\"fr-FR\",\"@id\":\"https:\\\/\\\/secure.gravatar.com\\\/avatar\\\/b94d4fc7b613a57715e272f17d430c39f49617a953e6b09d5da69b3774d096c0?s=96&d=mm&r=g\",\"url\":\"https:\\\/\\\/secure.gravatar.com\\\/avatar\\\/b94d4fc7b613a57715e272f17d430c39f49617a953e6b09d5da69b3774d096c0?s=96&d=mm&r=g\",\"contentUrl\":\"https:\\\/\\\/secure.gravatar.com\\\/avatar\\\/b94d4fc7b613a57715e272f17d430c39f49617a953e6b09d5da69b3774d096c0?s=96&d=mm&r=g\",\"caption\":\"Rock &amp; DATA\"},\"url\":\"https:\\\/\\\/www.rock-n-data.io\\\/fr\\\/author\\\/contact\\\/\"}]}<\/script>\n<!-- \/ Yoast SEO plugin. -->","yoast_head_json":{"title":"SCPI Epsilon 360\u00b0 : nouvelle acquisition d'un retail park \ud83c\uddea\ud83c\uddf8","description":"La SCPI Epsilon 360\u00b0 acquiert un retail park \u00e0 Salamanque, renfor\u00e7ant sa pr\u00e9sence europ\u00e9enne avec un actif r\u00e9cent et bien situ\u00e9.","robots":{"index":"index","follow":"follow","max-snippet":"max-snippet:-1","max-image-preview":"max-image-preview:large","max-video-preview":"max-video-preview:-1"},"canonical":"https:\/\/www.rock-n-data.io\/fr\/scpi-epsilon-360-nouvelle-acquisition-d-un-retail-park\/","og_locale":"fr_FR","og_type":"article","og_title":"SCPI Epsilon 360\u00b0 : nouvelle acquisition d'un retail park \ud83c\uddea\ud83c\uddf8","og_description":"La SCPI Epsilon 360\u00b0 acquiert un retail park \u00e0 Salamanque, renfor\u00e7ant sa pr\u00e9sence europ\u00e9enne avec un actif r\u00e9cent et bien situ\u00e9.","og_url":"https:\/\/www.rock-n-data.io\/fr\/scpi-epsilon-360-nouvelle-acquisition-d-un-retail-park\/","og_site_name":"Rock &amp; DATA","article_published_time":"2025-04-18T09:42:51+00:00","article_modified_time":"2025-04-18T09:42:55+00:00","og_image":[{"width":800,"height":464,"url":"https:\/\/www.rock-n-data.io\/wp-content\/uploads\/2025\/04\/epsilon-1-1.jpg","type":"image\/jpeg"}],"author":"Rock &amp; DATA","twitter_card":"summary_large_image","twitter_misc":{"\u00c9crit par":"Rock &amp; DATA","Dur\u00e9e de lecture estim\u00e9e":"3 minutes"},"schema":{"@context":"https:\/\/schema.org","@graph":[{"@type":"Article","@id":"https:\/\/www.rock-n-data.io\/fr\/scpi-epsilon-360-nouvelle-acquisition-d-un-retail-park\/#article","isPartOf":{"@id":"https:\/\/www.rock-n-data.io\/fr\/scpi-epsilon-360-nouvelle-acquisition-d-un-retail-park\/"},"author":{"name":"Rock &amp; DATA","@id":"https:\/\/www.rock-n-data.io\/fr\/#\/schema\/person\/9bc10987a0538f4580eb261ee8bb3257"},"headline":"SCPI Epsilon 360\u00b0 : acquisition d'un retail park \u00e0 Salamanque","datePublished":"2025-04-18T09:42:51+00:00","dateModified":"2025-04-18T09:42:55+00:00","mainEntityOfPage":{"@id":"https:\/\/www.rock-n-data.io\/fr\/scpi-epsilon-360-nouvelle-acquisition-d-un-retail-park\/"},"wordCount":475,"image":{"@id":"https:\/\/www.rock-n-data.io\/fr\/scpi-epsilon-360-nouvelle-acquisition-d-un-retail-park\/#primaryimage"},"thumbnailUrl":"https:\/\/www.rock-n-data.io\/wp-content\/uploads\/2025\/04\/epsilon-1-1.jpg","keywords":["#EpsicapREIM","#ImmobilierCommercialEspagne","#ImmobilierEurop\u00e9en","#ImmobilierLocatif","#Investissementimmobilier","#retailpark","#Salamanque","#SCPI","#SCPIEpsilon360","#SCPIsmallcaps"],"articleSection":["Investissement"],"inLanguage":"fr-FR"},{"@type":"WebPage","@id":"https:\/\/www.rock-n-data.io\/fr\/scpi-epsilon-360-nouvelle-acquisition-d-un-retail-park\/","url":"https:\/\/www.rock-n-data.io\/fr\/scpi-epsilon-360-nouvelle-acquisition-d-un-retail-park\/","name":"SCPI Epsilon 360\u00b0 : nouvelle acquisition d'un retail park \ud83c\uddea\ud83c\uddf8","isPartOf":{"@id":"https:\/\/www.rock-n-data.io\/fr\/#website"},"primaryImageOfPage":{"@id":"https:\/\/www.rock-n-data.io\/fr\/scpi-epsilon-360-nouvelle-acquisition-d-un-retail-park\/#primaryimage"},"image":{"@id":"https:\/\/www.rock-n-data.io\/fr\/scpi-epsilon-360-nouvelle-acquisition-d-un-retail-park\/#primaryimage"},"thumbnailUrl":"https:\/\/www.rock-n-data.io\/wp-content\/uploads\/2025\/04\/epsilon-1-1.jpg","datePublished":"2025-04-18T09:42:51+00:00","dateModified":"2025-04-18T09:42:55+00:00","author":{"@id":"https:\/\/www.rock-n-data.io\/fr\/#\/schema\/person\/9bc10987a0538f4580eb261ee8bb3257"},"description":"La SCPI Epsilon 360\u00b0 acquiert un retail park \u00e0 Salamanque, renfor\u00e7ant sa pr\u00e9sence europ\u00e9enne avec un actif r\u00e9cent et bien situ\u00e9.","breadcrumb":{"@id":"https:\/\/www.rock-n-data.io\/fr\/scpi-epsilon-360-nouvelle-acquisition-d-un-retail-park\/#breadcrumb"},"inLanguage":"fr-FR","potentialAction":[{"@type":"ReadAction","target":["https:\/\/www.rock-n-data.io\/fr\/scpi-epsilon-360-nouvelle-acquisition-d-un-retail-park\/"]}]},{"@type":"ImageObject","inLanguage":"fr-FR","@id":"https:\/\/www.rock-n-data.io\/fr\/scpi-epsilon-360-nouvelle-acquisition-d-un-retail-park\/#primaryimage","url":"https:\/\/www.rock-n-data.io\/wp-content\/uploads\/2025\/04\/epsilon-1-1.jpg","contentUrl":"https:\/\/www.rock-n-data.io\/wp-content\/uploads\/2025\/04\/epsilon-1-1.jpg","width":800,"height":464},{"@type":"BreadcrumbList","@id":"https:\/\/www.rock-n-data.io\/fr\/scpi-epsilon-360-nouvelle-acquisition-d-un-retail-park\/#breadcrumb","itemListElement":[{"@type":"ListItem","position":1,"name":"Home","item":"https:\/\/www.rock-n-data.io\/fr\/"},{"@type":"ListItem","position":2,"name":"SCPI Epsilon 360\u00b0 : acquisition d'un retail park \u00e0 Salamanque"}]},{"@type":"WebSite","@id":"https:\/\/www.rock-n-data.io\/fr\/#website","url":"https:\/\/www.rock-n-data.io\/fr\/","name":"Rock &amp; DATA","description":"When data meets commercial real estate investment","potentialAction":[{"@type":"SearchAction","target":{"@type":"EntryPoint","urlTemplate":"https:\/\/www.rock-n-data.io\/fr\/?s={search_term_string}"},"query-input":{"@type":"PropertyValueSpecification","valueRequired":true,"valueName":"search_term_string"}}],"inLanguage":"fr-FR"},{"@type":"Person","@id":"https:\/\/www.rock-n-data.io\/fr\/#\/schema\/person\/9bc10987a0538f4580eb261ee8bb3257","name":"Rock &amp; DATA","image":{"@type":"ImageObject","inLanguage":"fr-FR","@id":"https:\/\/secure.gravatar.com\/avatar\/b94d4fc7b613a57715e272f17d430c39f49617a953e6b09d5da69b3774d096c0?s=96&d=mm&r=g","url":"https:\/\/secure.gravatar.com\/avatar\/b94d4fc7b613a57715e272f17d430c39f49617a953e6b09d5da69b3774d096c0?s=96&d=mm&r=g","contentUrl":"https:\/\/secure.gravatar.com\/avatar\/b94d4fc7b613a57715e272f17d430c39f49617a953e6b09d5da69b3774d096c0?s=96&d=mm&r=g","caption":"Rock &amp; DATA"},"url":"https:\/\/www.rock-n-data.io\/fr\/author\/contact\/"}]}},"_links":{"self":[{"href":"https:\/\/www.rock-n-data.io\/fr\/wp-json\/wp\/v2\/posts\/5862","targetHints":{"allow":["GET"]}}],"collection":[{"href":"https:\/\/www.rock-n-data.io\/fr\/wp-json\/wp\/v2\/posts"}],"about":[{"href":"https:\/\/www.rock-n-data.io\/fr\/wp-json\/wp\/v2\/types\/post"}],"author":[{"embeddable":true,"href":"https:\/\/www.rock-n-data.io\/fr\/wp-json\/wp\/v2\/users\/6"}],"replies":[{"embeddable":true,"href":"https:\/\/www.rock-n-data.io\/fr\/wp-json\/wp\/v2\/comments?post=5862"}],"version-history":[{"count":0,"href":"https:\/\/www.rock-n-data.io\/fr\/wp-json\/wp\/v2\/posts\/5862\/revisions"}],"wp:featuredmedia":[{"embeddable":true,"href":"https:\/\/www.rock-n-data.io\/fr\/wp-json\/wp\/v2\/media\/5863"}],"wp:attachment":[{"href":"https:\/\/www.rock-n-data.io\/fr\/wp-json\/wp\/v2\/media?parent=5862"}],"wp:term":[{"taxonomy":"category","embeddable":true,"href":"https:\/\/www.rock-n-data.io\/fr\/wp-json\/wp\/v2\/categories?post=5862"},{"taxonomy":"post_tag","embeddable":true,"href":"https:\/\/www.rock-n-data.io\/fr\/wp-json\/wp\/v2\/tags?post=5862"}],"curies":[{"name":"wp","href":"https:\/\/api.w.org\/{rel}","templated":true}]}}