{"id":5947,"date":"2025-05-21T10:55:44","date_gmt":"2025-05-21T10:55:44","guid":{"rendered":"https:\/\/www.rock-n-data.io\/?p=5947"},"modified":"2025-05-21T10:57:34","modified_gmt":"2025-05-21T10:57:34","slug":"scpi-pfo2-et-pfgp-nouvelle-valorisation-locativea-serris","status":"publish","type":"post","link":"https:\/\/www.rock-n-data.io\/fr\/scpi-pfo2-et-pfgp-nouvelle-valorisation-locativea-serris\/","title":{"rendered":"SCPI PFO2 et PFGP : Un actif valoris\u00e9 \u00e0 Serris (77)"},"content":{"rendered":"\n<h2 class=\"wp-block-heading\"><strong>Une op\u00e9ration de gestion active pour les SCPI PFO2 et PFGP<\/strong><\/h2>\n\n\n\n<p>PERIAL Asset Management franchit une <strong>nouvelle \u00e9tape strat\u00e9gique<\/strong> dans la gestion de ses SCPI <strong>PFO2<\/strong> et <strong>PFGP<\/strong>, avec une <strong>valorisation locative majeure<\/strong> \u00e0 <strong>Serris (77)<\/strong>. L'actif concern\u00e9, <strong>\u00ab Le Greenwich \u00bb<\/strong>, b\u00e9n\u00e9ficie aujourd\u2019hui d\u2019un <strong>taux d\u2019occupation port\u00e9 \u00e0 100 %<\/strong>, d'une <strong>WALB renforc\u00e9e<\/strong> de <strong>7,8 ann\u00e9es<\/strong> et d\u2019un <strong>rendement brut facial<\/strong> de plus de <strong>6,6 %<\/strong>.<\/p>\n\n\n\n<p>Cette op\u00e9ration s'inscrit dans une logique d'<strong>optimisation du patrimoine immobilier<\/strong> des SCPI, avec comme objectifs principaux :<\/p>\n\n\n\n<ul class=\"wp-block-list\">\n<li>La <strong>cr\u00e9ation de valeur durable<\/strong>,<\/li>\n\n\n\n<li>La <strong>s\u00e9curisation des revenus locatifs<\/strong>,<\/li>\n\n\n\n<li>Et l\u2019<strong>attractivit\u00e9 renforc\u00e9e<\/strong> des actifs sous gestion.<\/li>\n<\/ul>\n\n\n\n<h2 class=\"wp-block-heading\"><strong>Serris (77) : un secteur \u00e0 fort potentiel pour l'immobilier tertiaire<\/strong><\/h2>\n\n\n\n<h3 class=\"wp-block-heading\"><strong>Une commune dynamique en \u00cele-de-France<\/strong><\/h3>\n\n\n\n<p>Situ\u00e9e dans le d\u00e9partement de la Seine-et-Marne, <strong>Serris<\/strong> fait partie de l\u2019intercommunalit\u00e9 de <strong>Val d\u2019Europe<\/strong>, un territoire en pleine <strong>expansion \u00e9conomique<\/strong>. Cette zone attire de plus en plus de <strong>grands comptes<\/strong> et de <strong>PME en croissance<\/strong>.<\/p>\n\n\n\n<p>Selon l\u2019INSEE, la population de Serris a progress\u00e9 de <strong>plus de 20 % en 10 ans<\/strong>, renfor\u00e7ant la demande locative, y compris dans le secteur tertiaire.<\/p>\n\n\n\n<h2 class=\"wp-block-heading\"><strong>D\u00e9tail de l\u2019op\u00e9ration de valorisation sur \u00ab Le Greenwich \u00bb<\/strong><\/h2>\n\n\n\n<h3 class=\"wp-block-heading\"><strong>Un actif repositionn\u00e9 avec succ\u00e8s<\/strong><\/h3>\n\n\n\n<p>L\u2019actif <strong>\u00ab Le Greenwich \u00bb<\/strong>, d\u00e9tenu par les SCPI <strong>PFO2<\/strong> et <strong>PFGP<\/strong>, repr\u00e9sente un <strong>ensemble immobilier tertiaire<\/strong> strat\u00e9gique dans la zone. Apr\u00e8s plusieurs mois de <strong>n\u00e9gociation locative<\/strong>, PERIAL AM a conclu :<\/p>\n\n\n\n<ul class=\"wp-block-list\">\n<li><strong>Une relocation<\/strong> \u00e0 un nouveau locataire institutionnel,<\/li>\n\n\n\n<li><strong>Un renouvellement de bail majeur<\/strong> avec un occupant existant,<\/li>\n\n\n\n<li>Des <strong>ajustements contractuels<\/strong> qui renforcent la stabilit\u00e9 locative.<\/li>\n<\/ul>\n\n\n\n<h3 class=\"wp-block-heading\"><strong>R\u00e9sultats obtenus<\/strong><\/h3>\n\n\n\n<figure class=\"wp-block-table\"><table class=\"has-fixed-layout\"><tbody><tr><td class=\"has-text-align-center\" data-align=\"center\"><strong>Indicateurs<\/strong><\/td><td class=\"has-text-align-center\" data-align=\"center\"><strong>Avant l\u2019op\u00e9ration<\/strong><\/td><td class=\"has-text-align-center\" data-align=\"center\"><strong>Apr\u00e8s valorisation<\/strong><\/td><\/tr><tr><td class=\"has-text-align-center\" data-align=\"center\">Taux d\u2019occupation<\/td><td class=\"has-text-align-center\" data-align=\"center\">89 %<\/td><td class=\"has-text-align-center\" data-align=\"center\"><strong>100 %<\/strong><\/td><\/tr><tr><td class=\"has-text-align-center\" data-align=\"center\">WALB (dur\u00e9e moyenne des baux)<\/td><td class=\"has-text-align-center\" data-align=\"center\">4,3 ann\u00e9es<\/td><td class=\"has-text-align-center\" data-align=\"center\"><strong>7,8 ann\u00e9es<\/strong><\/td><\/tr><tr><td class=\"has-text-align-center\" data-align=\"center\">Rendement brut facial<\/td><td class=\"has-text-align-center\" data-align=\"center\">5,4 %<\/td><td class=\"has-text-align-center\" data-align=\"center\"><strong>&gt; 6,6 %<\/strong><\/td><\/tr><\/tbody><\/table><\/figure>\n\n\n\n<p>Ces chiffres illustrent la capacit\u00e9 de PERIAL AM \u00e0 <strong>piloter activement les actifs sous gestion<\/strong>, m\u00eame dans un environnement locatif complexe.<\/p>\n\n\n\n<h2 class=\"wp-block-heading\"><strong>Une strat\u00e9gie align\u00e9e avec les objectifs des SCPI PFO2 et PFGP<\/strong><\/h2>\n\n\n\n<h3 class=\"wp-block-heading\"><strong>PFO2 : performance et engagement environnemental<\/strong><\/h3>\n\n\n\n<p>Lanc\u00e9e en 2009, la <strong>SCPI PFO2<\/strong> est une des premi\u00e8res \u00e0 int\u00e9grer une <strong>d\u00e9marche environnementale<\/strong> dans sa strat\u00e9gie. Avec une capitalisation sup\u00e9rieure \u00e0 <strong>2 milliards d\u2019euros<\/strong>, elle est positionn\u00e9e sur des actifs <strong>bureaux, logistiques et commerciaux<\/strong> en France et en Europe.<\/p>\n\n\n\n<h3 class=\"wp-block-heading\"><strong>PFGP : diversification et r\u00e9gularit\u00e9 des flux<\/strong><\/h3>\n\n\n\n<p><strong>PFGP<\/strong> (PF Grand Paris) investit prioritairement en <strong>\u00cele-de-France<\/strong>, sur des immeubles \u00e0 fort potentiel de <strong>valorisation<\/strong>. Sa strat\u00e9gie est orient\u00e9e vers :<\/p>\n\n\n\n<ul class=\"wp-block-list\">\n<li>Des actifs <strong>urbains, bien desservis<\/strong>,<\/li>\n\n\n\n<li>Une <strong>mutualisation des risques locatifs<\/strong>,<\/li>\n\n\n\n<li>Une <strong>dur\u00e9e d\u2019engagement locatif solide<\/strong>.<\/li>\n<\/ul>\n\n\n\n<h3 class=\"wp-block-heading\"><strong>Contribution de l\u2019actif de Serris<\/strong><\/h3>\n\n\n\n<p>L\u2019ensemble \u00ab Le Greenwich \u00bb permet de <strong>renforcer la performance globale<\/strong> des deux SCPI, tout en consolidant la <strong>structure des loyers<\/strong> dans la dur\u00e9e. La signature d\u2019un nouveau locataire et le renouvellement de bail permettent de <strong>p\u00e9renniser les flux<\/strong> tout en augmentant la <strong>valeur v\u00e9nale<\/strong> de l\u2019actif.<\/p>\n\n\n\n<h2 class=\"wp-block-heading\"><strong>Pourquoi cette op\u00e9ration est significative pour les associ\u00e9s<\/strong><\/h2>\n\n\n\n<h3 class=\"wp-block-heading\"><strong>Impact sur les performances futures<\/strong><\/h3>\n\n\n\n<p>M\u00eame si les rendements pass\u00e9s ne pr\u00e9jugent pas des rendements futurs, cette op\u00e9ration :<\/p>\n\n\n\n<ul class=\"wp-block-list\">\n<li><strong>Permet une meilleure visibilit\u00e9 locative<\/strong> \u00e0 long terme,<\/li>\n\n\n\n<li><strong>R\u00e9duit les risques de vacance<\/strong>,<\/li>\n\n\n\n<li><strong>Consolide les revenus distribuables<\/strong> \u00e0 moyen terme.<\/li>\n<\/ul>\n\n\n\n<p>Cette hausse <strong>ne se traduit pas m\u00e9caniquement<\/strong> en dividende distribu\u00e9, mais elle <strong>am\u00e9liore les perspectives globales<\/strong> de distribution \u00e0 terme.<\/p>\n\n\n\n<h2 class=\"wp-block-heading\"><strong>Analyse strat\u00e9gique : un signal fort en p\u00e9riode d\u2019incertitude<\/strong><\/h2>\n\n\n\n<h3 class=\"wp-block-heading\"><strong>Dans un contexte de march\u00e9 sous pression<\/strong><\/h3>\n\n\n\n<p>Alors que <strong>le march\u00e9 immobilier tertiaire<\/strong> fait face \u00e0 des <strong>ajustements de valorisation<\/strong>, cette op\u00e9ration r\u00e9ussie \u00e0 Serris envoie un <strong>signal positif<\/strong> sur :<\/p>\n\n\n\n<ul class=\"wp-block-list\">\n<li>La <strong>r\u00e9silience des actifs bien situ\u00e9s<\/strong>,<\/li>\n\n\n\n<li>L\u2019int\u00e9r\u00eat toujours fort des utilisateurs pour les <strong>immeubles fonctionnels en p\u00e9riph\u00e9rie parisienne<\/strong>,<\/li>\n\n\n\n<li>La <strong>capacit\u00e9 des gestionnaires<\/strong> \u00e0 piloter activement leur portefeuille pour <strong>prot\u00e9ger les int\u00e9r\u00eats des associ\u00e9s<\/strong>.<\/li>\n<\/ul>\n\n\n\n<h3 class=\"wp-block-heading\"><strong>Renforcement des fondamentaux<\/strong><\/h3>\n\n\n\n<p>Les fondamentaux immobiliers du secteur, combin\u00e9s \u00e0 une <strong>gestion locative dynamique<\/strong>, permettent de mieux <strong>traverser les cycles \u00e9conomiques<\/strong> tout en pr\u00e9servant les <strong>potentiels de valorisation<\/strong>.<\/p>\n\n\n\n<h2 class=\"wp-block-heading\"><strong>Points cl\u00e9s \u00e0 retenir<\/strong><\/h2>\n\n\n\n<ul class=\"wp-block-list\">\n<li><strong>Localisation strat\u00e9gique<\/strong> \u00e0 Serris (77), zone dynamique du Val d\u2019Europe.<\/li>\n\n\n\n<li><strong>Relocation et renouvellement de baux<\/strong> ayant permis d\u2019atteindre un <strong>taux d\u2019occupation de 100 %<\/strong>.<\/li>\n\n\n\n<li><strong>WALB port\u00e9e \u00e0 7,8 ann\u00e9es<\/strong>, renfor\u00e7ant la visibilit\u00e9 sur les revenus futurs.<\/li>\n\n\n\n<li><strong>Rendement brut facial > 6,6 %<\/strong>, en hausse par rapport \u00e0 la situation pr\u00e9c\u00e9dente.<\/li>\n\n\n\n<li>Contribution significative aux performances des SCPI <strong>PFO2<\/strong> et <strong>PFGP<\/strong>.<\/li>\n<\/ul>\n\n\n\n<p>A lire \u00e9galement : <a href=\"https:\/\/www.rock-n-data.io\/fr\/nao-logistics-referencee-par-swiss-life-france-signe-telamon\/\">La SC NAO Logistics d\u00e9sormais disponible dans les contrats de Swiss Life France<\/a><\/p>\n","protected":false},"excerpt":{"rendered":"<p>Une op\u00e9ration de gestion active pour les SCPI PFO2 et PFGP PERIAL Asset Management franchit une nouvelle \u00e9tape strat\u00e9gique dans la gestion de ses SCPI PFO2 et PFGP, avec une valorisation locative majeure \u00e0 Serris (77). L'actif concern\u00e9, \u00ab Le Greenwich \u00bb, b\u00e9n\u00e9ficie aujourd\u2019hui d\u2019un taux d\u2019occupation port\u00e9 \u00e0 100 %, d'une WALB renforc\u00e9e de [&hellip;]<\/p>\n","protected":false},"author":6,"featured_media":5948,"comment_status":"closed","ping_status":"closed","sticky":false,"template":"","format":"standard","meta":{"_acf_changed":false,"inline_featured_image":false,"footnotes":""},"categories":[74],"tags":[838,642,889,883,890,619,885,887],"class_list":["post-5947","post","type-post","status-publish","format-standard","has-post-thumbnail","hentry","category-investissement","tag-immobilierentreprise","tag-immobiliertertiaire","tag-legreenwich","tag-pfo2","tag-revalorisationscpi","tag-scpi-2","tag-valorisationlocative","tag-walb","post-wrapper"],"acf":[],"yoast_head":"<!-- This site is optimized with the Yoast SEO plugin v27.5 - https:\/\/yoast.com\/product\/yoast-seo-wordpress\/ -->\n<title>SCPI PFO2 et PFGP : nouvelle valorisation locative \u00e0 Serris<\/title>\n<meta name=\"description\" content=\"Valorisation r\u00e9ussie pour les SCPI PFO2 et PFGP \u00e0 Serris : 100 % d\u2019occupation, WALB renforc\u00e9e et rendement locatif en hausse.\" \/>\n<meta name=\"robots\" content=\"index, follow, max-snippet:-1, max-image-preview:large, max-video-preview:-1\" \/>\n<link rel=\"canonical\" href=\"https:\/\/www.rock-n-data.io\/fr\/scpi-pfo2-et-pfgp-nouvelle-valorisation-locativea-serris\/\" \/>\n<meta property=\"og:locale\" content=\"fr_FR\" \/>\n<meta property=\"og:type\" content=\"article\" \/>\n<meta property=\"og:title\" content=\"SCPI PFO2 et PFGP : nouvelle valorisation locative \u00e0 Serris\" \/>\n<meta property=\"og:description\" content=\"Valorisation r\u00e9ussie pour les SCPI PFO2 et PFGP \u00e0 Serris : 100 % d\u2019occupation, WALB renforc\u00e9e et rendement locatif en hausse.\" \/>\n<meta property=\"og:url\" content=\"https:\/\/www.rock-n-data.io\/fr\/scpi-pfo2-et-pfgp-nouvelle-valorisation-locativea-serris\/\" \/>\n<meta property=\"og:site_name\" content=\"Rock &amp; DATA\" \/>\n<meta property=\"article:published_time\" content=\"2025-05-21T10:55:44+00:00\" \/>\n<meta property=\"article:modified_time\" content=\"2025-05-21T10:57:34+00:00\" \/>\n<meta property=\"og:image\" content=\"https:\/\/www.rock-n-data.io\/wp-content\/uploads\/2025\/05\/pfo2-1.jpg\" \/>\n\t<meta property=\"og:image:width\" content=\"800\" \/>\n\t<meta property=\"og:image:height\" content=\"810\" \/>\n\t<meta property=\"og:image:type\" content=\"image\/jpeg\" \/>\n<meta name=\"author\" content=\"Rock &amp; DATA\" \/>\n<meta name=\"twitter:card\" content=\"summary_large_image\" \/>\n<meta name=\"twitter:label1\" content=\"\u00c9crit par\" \/>\n\t<meta name=\"twitter:data1\" content=\"Rock &amp; DATA\" \/>\n\t<meta name=\"twitter:label2\" content=\"Dur\u00e9e de lecture estim\u00e9e\" \/>\n\t<meta name=\"twitter:data2\" content=\"4 minutes\" \/>\n<script type=\"application\/ld+json\" class=\"yoast-schema-graph\">{\"@context\":\"https:\\\/\\\/schema.org\",\"@graph\":[{\"@type\":\"Article\",\"@id\":\"https:\\\/\\\/www.rock-n-data.io\\\/fr\\\/scpi-pfo2-et-pfgp-nouvelle-valorisation-locativea-serris\\\/#article\",\"isPartOf\":{\"@id\":\"https:\\\/\\\/www.rock-n-data.io\\\/fr\\\/scpi-pfo2-et-pfgp-nouvelle-valorisation-locativea-serris\\\/\"},\"author\":{\"name\":\"Rock &amp; DATA\",\"@id\":\"https:\\\/\\\/www.rock-n-data.io\\\/fr\\\/#\\\/schema\\\/person\\\/9bc10987a0538f4580eb261ee8bb3257\"},\"headline\":\"SCPI PFO2 et PFGP : Un actif valoris\u00e9 \u00e0 Serris (77)\",\"datePublished\":\"2025-05-21T10:55:44+00:00\",\"dateModified\":\"2025-05-21T10:57:34+00:00\",\"mainEntityOfPage\":{\"@id\":\"https:\\\/\\\/www.rock-n-data.io\\\/fr\\\/scpi-pfo2-et-pfgp-nouvelle-valorisation-locativea-serris\\\/\"},\"wordCount\":750,\"image\":{\"@id\":\"https:\\\/\\\/www.rock-n-data.io\\\/fr\\\/scpi-pfo2-et-pfgp-nouvelle-valorisation-locativea-serris\\\/#primaryimage\"},\"thumbnailUrl\":\"https:\\\/\\\/www.rock-n-data.io\\\/wp-content\\\/uploads\\\/2025\\\/05\\\/pfo2-1.jpg\",\"keywords\":[\"#ImmobilierEntreprise\",\"#ImmobilierTertiaire\",\"#LeGreenwich\",\"#PFO2\",\"#RevalorisationSCPI\",\"#SCPI\",\"#ValorisationLocative\",\"#WALB\"],\"articleSection\":[\"Investissement\"],\"inLanguage\":\"fr-FR\"},{\"@type\":\"WebPage\",\"@id\":\"https:\\\/\\\/www.rock-n-data.io\\\/fr\\\/scpi-pfo2-et-pfgp-nouvelle-valorisation-locativea-serris\\\/\",\"url\":\"https:\\\/\\\/www.rock-n-data.io\\\/fr\\\/scpi-pfo2-et-pfgp-nouvelle-valorisation-locativea-serris\\\/\",\"name\":\"SCPI PFO2 et PFGP : nouvelle valorisation locative \u00e0 Serris\",\"isPartOf\":{\"@id\":\"https:\\\/\\\/www.rock-n-data.io\\\/fr\\\/#website\"},\"primaryImageOfPage\":{\"@id\":\"https:\\\/\\\/www.rock-n-data.io\\\/fr\\\/scpi-pfo2-et-pfgp-nouvelle-valorisation-locativea-serris\\\/#primaryimage\"},\"image\":{\"@id\":\"https:\\\/\\\/www.rock-n-data.io\\\/fr\\\/scpi-pfo2-et-pfgp-nouvelle-valorisation-locativea-serris\\\/#primaryimage\"},\"thumbnailUrl\":\"https:\\\/\\\/www.rock-n-data.io\\\/wp-content\\\/uploads\\\/2025\\\/05\\\/pfo2-1.jpg\",\"datePublished\":\"2025-05-21T10:55:44+00:00\",\"dateModified\":\"2025-05-21T10:57:34+00:00\",\"author\":{\"@id\":\"https:\\\/\\\/www.rock-n-data.io\\\/fr\\\/#\\\/schema\\\/person\\\/9bc10987a0538f4580eb261ee8bb3257\"},\"description\":\"Valorisation r\u00e9ussie pour les SCPI PFO2 et PFGP \u00e0 Serris : 100 % d\u2019occupation, WALB renforc\u00e9e et rendement locatif en hausse.\",\"breadcrumb\":{\"@id\":\"https:\\\/\\\/www.rock-n-data.io\\\/fr\\\/scpi-pfo2-et-pfgp-nouvelle-valorisation-locativea-serris\\\/#breadcrumb\"},\"inLanguage\":\"fr-FR\",\"potentialAction\":[{\"@type\":\"ReadAction\",\"target\":[\"https:\\\/\\\/www.rock-n-data.io\\\/fr\\\/scpi-pfo2-et-pfgp-nouvelle-valorisation-locativea-serris\\\/\"]}]},{\"@type\":\"ImageObject\",\"inLanguage\":\"fr-FR\",\"@id\":\"https:\\\/\\\/www.rock-n-data.io\\\/fr\\\/scpi-pfo2-et-pfgp-nouvelle-valorisation-locativea-serris\\\/#primaryimage\",\"url\":\"https:\\\/\\\/www.rock-n-data.io\\\/wp-content\\\/uploads\\\/2025\\\/05\\\/pfo2-1.jpg\",\"contentUrl\":\"https:\\\/\\\/www.rock-n-data.io\\\/wp-content\\\/uploads\\\/2025\\\/05\\\/pfo2-1.jpg\",\"width\":800,\"height\":810},{\"@type\":\"BreadcrumbList\",\"@id\":\"https:\\\/\\\/www.rock-n-data.io\\\/fr\\\/scpi-pfo2-et-pfgp-nouvelle-valorisation-locativea-serris\\\/#breadcrumb\",\"itemListElement\":[{\"@type\":\"ListItem\",\"position\":1,\"name\":\"Home\",\"item\":\"https:\\\/\\\/www.rock-n-data.io\\\/fr\\\/\"},{\"@type\":\"ListItem\",\"position\":2,\"name\":\"SCPI PFO2 et PFGP : Un actif valoris\u00e9 \u00e0 Serris (77)\"}]},{\"@type\":\"WebSite\",\"@id\":\"https:\\\/\\\/www.rock-n-data.io\\\/fr\\\/#website\",\"url\":\"https:\\\/\\\/www.rock-n-data.io\\\/fr\\\/\",\"name\":\"Rock &amp; DATA\",\"description\":\"When data meets commercial real estate investment\",\"potentialAction\":[{\"@type\":\"SearchAction\",\"target\":{\"@type\":\"EntryPoint\",\"urlTemplate\":\"https:\\\/\\\/www.rock-n-data.io\\\/fr\\\/?s={search_term_string}\"},\"query-input\":{\"@type\":\"PropertyValueSpecification\",\"valueRequired\":true,\"valueName\":\"search_term_string\"}}],\"inLanguage\":\"fr-FR\"},{\"@type\":\"Person\",\"@id\":\"https:\\\/\\\/www.rock-n-data.io\\\/fr\\\/#\\\/schema\\\/person\\\/9bc10987a0538f4580eb261ee8bb3257\",\"name\":\"Rock &amp; DATA\",\"image\":{\"@type\":\"ImageObject\",\"inLanguage\":\"fr-FR\",\"@id\":\"https:\\\/\\\/secure.gravatar.com\\\/avatar\\\/b94d4fc7b613a57715e272f17d430c39f49617a953e6b09d5da69b3774d096c0?s=96&d=mm&r=g\",\"url\":\"https:\\\/\\\/secure.gravatar.com\\\/avatar\\\/b94d4fc7b613a57715e272f17d430c39f49617a953e6b09d5da69b3774d096c0?s=96&d=mm&r=g\",\"contentUrl\":\"https:\\\/\\\/secure.gravatar.com\\\/avatar\\\/b94d4fc7b613a57715e272f17d430c39f49617a953e6b09d5da69b3774d096c0?s=96&d=mm&r=g\",\"caption\":\"Rock &amp; DATA\"},\"url\":\"https:\\\/\\\/www.rock-n-data.io\\\/fr\\\/author\\\/contact\\\/\"}]}<\/script>\n<!-- \/ Yoast SEO plugin. -->","yoast_head_json":{"title":"SCPI PFO2 et PFGP : nouvelle valorisation locative \u00e0 Serris","description":"Valorisation r\u00e9ussie pour les SCPI PFO2 et PFGP \u00e0 Serris : 100 % d\u2019occupation, WALB renforc\u00e9e et rendement locatif en hausse.","robots":{"index":"index","follow":"follow","max-snippet":"max-snippet:-1","max-image-preview":"max-image-preview:large","max-video-preview":"max-video-preview:-1"},"canonical":"https:\/\/www.rock-n-data.io\/fr\/scpi-pfo2-et-pfgp-nouvelle-valorisation-locativea-serris\/","og_locale":"fr_FR","og_type":"article","og_title":"SCPI PFO2 et PFGP : nouvelle valorisation locative \u00e0 Serris","og_description":"Valorisation r\u00e9ussie pour les SCPI PFO2 et PFGP \u00e0 Serris : 100 % d\u2019occupation, WALB renforc\u00e9e et rendement locatif en hausse.","og_url":"https:\/\/www.rock-n-data.io\/fr\/scpi-pfo2-et-pfgp-nouvelle-valorisation-locativea-serris\/","og_site_name":"Rock &amp; DATA","article_published_time":"2025-05-21T10:55:44+00:00","article_modified_time":"2025-05-21T10:57:34+00:00","og_image":[{"width":800,"height":810,"url":"https:\/\/www.rock-n-data.io\/wp-content\/uploads\/2025\/05\/pfo2-1.jpg","type":"image\/jpeg"}],"author":"Rock &amp; DATA","twitter_card":"summary_large_image","twitter_misc":{"\u00c9crit par":"Rock &amp; DATA","Dur\u00e9e de lecture estim\u00e9e":"4 minutes"},"schema":{"@context":"https:\/\/schema.org","@graph":[{"@type":"Article","@id":"https:\/\/www.rock-n-data.io\/fr\/scpi-pfo2-et-pfgp-nouvelle-valorisation-locativea-serris\/#article","isPartOf":{"@id":"https:\/\/www.rock-n-data.io\/fr\/scpi-pfo2-et-pfgp-nouvelle-valorisation-locativea-serris\/"},"author":{"name":"Rock &amp; DATA","@id":"https:\/\/www.rock-n-data.io\/fr\/#\/schema\/person\/9bc10987a0538f4580eb261ee8bb3257"},"headline":"SCPI PFO2 et PFGP : Un actif valoris\u00e9 \u00e0 Serris (77)","datePublished":"2025-05-21T10:55:44+00:00","dateModified":"2025-05-21T10:57:34+00:00","mainEntityOfPage":{"@id":"https:\/\/www.rock-n-data.io\/fr\/scpi-pfo2-et-pfgp-nouvelle-valorisation-locativea-serris\/"},"wordCount":750,"image":{"@id":"https:\/\/www.rock-n-data.io\/fr\/scpi-pfo2-et-pfgp-nouvelle-valorisation-locativea-serris\/#primaryimage"},"thumbnailUrl":"https:\/\/www.rock-n-data.io\/wp-content\/uploads\/2025\/05\/pfo2-1.jpg","keywords":["#ImmobilierEntreprise","#ImmobilierTertiaire","#LeGreenwich","#PFO2","#RevalorisationSCPI","#SCPI","#ValorisationLocative","#WALB"],"articleSection":["Investissement"],"inLanguage":"fr-FR"},{"@type":"WebPage","@id":"https:\/\/www.rock-n-data.io\/fr\/scpi-pfo2-et-pfgp-nouvelle-valorisation-locativea-serris\/","url":"https:\/\/www.rock-n-data.io\/fr\/scpi-pfo2-et-pfgp-nouvelle-valorisation-locativea-serris\/","name":"SCPI PFO2 et PFGP : nouvelle valorisation locative \u00e0 Serris","isPartOf":{"@id":"https:\/\/www.rock-n-data.io\/fr\/#website"},"primaryImageOfPage":{"@id":"https:\/\/www.rock-n-data.io\/fr\/scpi-pfo2-et-pfgp-nouvelle-valorisation-locativea-serris\/#primaryimage"},"image":{"@id":"https:\/\/www.rock-n-data.io\/fr\/scpi-pfo2-et-pfgp-nouvelle-valorisation-locativea-serris\/#primaryimage"},"thumbnailUrl":"https:\/\/www.rock-n-data.io\/wp-content\/uploads\/2025\/05\/pfo2-1.jpg","datePublished":"2025-05-21T10:55:44+00:00","dateModified":"2025-05-21T10:57:34+00:00","author":{"@id":"https:\/\/www.rock-n-data.io\/fr\/#\/schema\/person\/9bc10987a0538f4580eb261ee8bb3257"},"description":"Valorisation r\u00e9ussie pour les SCPI PFO2 et PFGP \u00e0 Serris : 100 % d\u2019occupation, WALB renforc\u00e9e et rendement locatif en hausse.","breadcrumb":{"@id":"https:\/\/www.rock-n-data.io\/fr\/scpi-pfo2-et-pfgp-nouvelle-valorisation-locativea-serris\/#breadcrumb"},"inLanguage":"fr-FR","potentialAction":[{"@type":"ReadAction","target":["https:\/\/www.rock-n-data.io\/fr\/scpi-pfo2-et-pfgp-nouvelle-valorisation-locativea-serris\/"]}]},{"@type":"ImageObject","inLanguage":"fr-FR","@id":"https:\/\/www.rock-n-data.io\/fr\/scpi-pfo2-et-pfgp-nouvelle-valorisation-locativea-serris\/#primaryimage","url":"https:\/\/www.rock-n-data.io\/wp-content\/uploads\/2025\/05\/pfo2-1.jpg","contentUrl":"https:\/\/www.rock-n-data.io\/wp-content\/uploads\/2025\/05\/pfo2-1.jpg","width":800,"height":810},{"@type":"BreadcrumbList","@id":"https:\/\/www.rock-n-data.io\/fr\/scpi-pfo2-et-pfgp-nouvelle-valorisation-locativea-serris\/#breadcrumb","itemListElement":[{"@type":"ListItem","position":1,"name":"Home","item":"https:\/\/www.rock-n-data.io\/fr\/"},{"@type":"ListItem","position":2,"name":"SCPI PFO2 et PFGP : Un actif valoris\u00e9 \u00e0 Serris (77)"}]},{"@type":"WebSite","@id":"https:\/\/www.rock-n-data.io\/fr\/#website","url":"https:\/\/www.rock-n-data.io\/fr\/","name":"Rock &amp; DATA","description":"When data meets commercial real estate investment","potentialAction":[{"@type":"SearchAction","target":{"@type":"EntryPoint","urlTemplate":"https:\/\/www.rock-n-data.io\/fr\/?s={search_term_string}"},"query-input":{"@type":"PropertyValueSpecification","valueRequired":true,"valueName":"search_term_string"}}],"inLanguage":"fr-FR"},{"@type":"Person","@id":"https:\/\/www.rock-n-data.io\/fr\/#\/schema\/person\/9bc10987a0538f4580eb261ee8bb3257","name":"Rock &amp; DATA","image":{"@type":"ImageObject","inLanguage":"fr-FR","@id":"https:\/\/secure.gravatar.com\/avatar\/b94d4fc7b613a57715e272f17d430c39f49617a953e6b09d5da69b3774d096c0?s=96&d=mm&r=g","url":"https:\/\/secure.gravatar.com\/avatar\/b94d4fc7b613a57715e272f17d430c39f49617a953e6b09d5da69b3774d096c0?s=96&d=mm&r=g","contentUrl":"https:\/\/secure.gravatar.com\/avatar\/b94d4fc7b613a57715e272f17d430c39f49617a953e6b09d5da69b3774d096c0?s=96&d=mm&r=g","caption":"Rock &amp; DATA"},"url":"https:\/\/www.rock-n-data.io\/fr\/author\/contact\/"}]}},"_links":{"self":[{"href":"https:\/\/www.rock-n-data.io\/fr\/wp-json\/wp\/v2\/posts\/5947","targetHints":{"allow":["GET"]}}],"collection":[{"href":"https:\/\/www.rock-n-data.io\/fr\/wp-json\/wp\/v2\/posts"}],"about":[{"href":"https:\/\/www.rock-n-data.io\/fr\/wp-json\/wp\/v2\/types\/post"}],"author":[{"embeddable":true,"href":"https:\/\/www.rock-n-data.io\/fr\/wp-json\/wp\/v2\/users\/6"}],"replies":[{"embeddable":true,"href":"https:\/\/www.rock-n-data.io\/fr\/wp-json\/wp\/v2\/comments?post=5947"}],"version-history":[{"count":0,"href":"https:\/\/www.rock-n-data.io\/fr\/wp-json\/wp\/v2\/posts\/5947\/revisions"}],"wp:featuredmedia":[{"embeddable":true,"href":"https:\/\/www.rock-n-data.io\/fr\/wp-json\/wp\/v2\/media\/5948"}],"wp:attachment":[{"href":"https:\/\/www.rock-n-data.io\/fr\/wp-json\/wp\/v2\/media?parent=5947"}],"wp:term":[{"taxonomy":"category","embeddable":true,"href":"https:\/\/www.rock-n-data.io\/fr\/wp-json\/wp\/v2\/categories?post=5947"},{"taxonomy":"post_tag","embeddable":true,"href":"https:\/\/www.rock-n-data.io\/fr\/wp-json\/wp\/v2\/tags?post=5947"}],"curies":[{"name":"wp","href":"https:\/\/api.w.org\/{rel}","templated":true}]}}