{"id":5967,"date":"2025-05-27T14:23:58","date_gmt":"2025-05-27T14:23:58","guid":{"rendered":"https:\/\/www.rock-n-data.io\/?p=5967"},"modified":"2025-05-27T14:24:07","modified_gmt":"2025-05-27T14:24:07","slug":"epargne-pierre-europe-investit-dans-un-actif-logistique-a-valence","status":"publish","type":"post","link":"https:\/\/www.rock-n-data.io\/fr\/epargne-pierre-europe-investit-dans-un-actif-logistique-a-valence\/","title":{"rendered":"\u00c9pargne Pierre Europe investit dans un actif logistique \u00e0 Valence"},"content":{"rendered":"\n<h2 class=\"wp-block-heading\"><strong>Une strat\u00e9gie europ\u00e9enne renforc\u00e9e avec un actif logistique d\u2019envergure en Espagne<\/strong><\/h2>\n\n\n\n<p>La <a href=\"https:\/\/www.meilleurescpi.com\/scpi\/scpi-de-rendement\/f11970-scpi-epargne-pierre-europe\/caracteristiques\/\">SCPI \u00c9pargne Pierre Europe<\/a>, g\u00e9r\u00e9e par <strong>ATLAND Voisin<\/strong>, poursuit son d\u00e9veloppement europ\u00e9en avec l\u2019acquisition de locaux d\u2019activit\u00e9s \u00e0 <strong>Paterna<\/strong>, dans la province de Valence, en Espagne. D\u2019un montant de <strong>11 200 000 \u20ac acte en mains<\/strong>, cette op\u00e9ration s\u2019inscrit dans la continuit\u00e9 d\u2019une strat\u00e9gie alliant diversification g\u00e9ographique, solidit\u00e9 locative et rendement cibl\u00e9.<\/p>\n\n\n\n<h2 class=\"wp-block-heading\"><strong>Un actif strat\u00e9gique au c\u0153ur du troisi\u00e8me hub logistique d\u2019Espagne<\/strong><\/h2>\n\n\n\n<h3 class=\"wp-block-heading\"><strong>Paterna, un emplacement logistique premium<\/strong><\/h3>\n\n\n\n<p>Situ\u00e9 <strong>Calle Cdad. de Barcelona 18, \u00e0 Paterna<\/strong>, le bien b\u00e9n\u00e9ficie d\u2019un <strong>emplacement strat\u00e9gique<\/strong> :<\/p>\n\n\n\n<ul class=\"wp-block-list\">\n<li>\u00c0 13 kilom\u00e8tres de Valence<\/li>\n\n\n\n<li>\u00c0 18 kilom\u00e8tres du port\u00a0<\/li>\n\n\n\n<li>\u00c0 proximit\u00e9 imm\u00e9diate de l\u2019autoroute A7, axe structurant reliant Alicante, Barcelone et la France<\/li>\n<\/ul>\n\n\n\n<p>Valence repr\u00e9sente le <strong>troisi\u00e8me march\u00e9 logistique<\/strong> du pays apr\u00e8s Madrid et Barcelone, avec une attractivit\u00e9 croissante pour les acteurs de l\u2019immobilier logistique.<\/p>\n\n\n\n<h2 class=\"wp-block-heading\"><strong>Un immeuble de grande capacit\u00e9<\/strong><\/h2>\n\n\n\n<p>Le b\u00e2timent livr\u00e9 dans le cadre de cette acquisition d\u00e9veloppe une <strong>surface totale de 17 709 m\u00b2<\/strong> sur un terrain de <strong>31 000 m\u00b2<\/strong>, ce qui en fait un actif logistique de <strong>grande envergure<\/strong>, adapt\u00e9 \u00e0 une exploitation industrielle et logistique intensive.<\/p>\n\n\n\n<h3 class=\"wp-block-heading\"><strong>Caract\u00e9ristiques de l\u2019immeuble<\/strong><\/h3>\n\n\n\n<figure class=\"wp-block-table\"><table class=\"has-fixed-layout\"><tbody><tr><td class=\"has-text-align-center\" data-align=\"center\"><strong>\u00c9l\u00e9ments cl\u00e9s<\/strong><\/td><td class=\"has-text-align-center\" data-align=\"center\"><strong>D\u00e9tails<\/strong><\/td><\/tr><tr><td class=\"has-text-align-center\" data-align=\"center\">Surface du terrain<\/td><td class=\"has-text-align-center\" data-align=\"center\">31 000 m\u00b2<\/td><\/tr><tr><td class=\"has-text-align-center\" data-align=\"center\">Surface b\u00e2tie<\/td><td class=\"has-text-align-center\" data-align=\"center\">17 709 m\u00b2<\/td><\/tr><tr><td class=\"has-text-align-center\" data-align=\"center\">Type d\u2019actif<\/td><td class=\"has-text-align-center\" data-align=\"center\">Activit\u00e9<\/td><\/tr><tr><td class=\"has-text-align-center\" data-align=\"center\">Localisation<\/td><td class=\"has-text-align-center\" data-align=\"center\">Paterna, Valence (Espagne)<\/td><\/tr><tr><td class=\"has-text-align-center\" data-align=\"center\">Mois d\u2019acquisition<\/td><td class=\"has-text-align-center\" data-align=\"center\">Avril 2025<\/td><\/tr><tr><td class=\"has-text-align-center\" data-align=\"center\">Cat\u00e9gorisation ISR<\/td><td class=\"has-text-align-center\" data-align=\"center\"><strong>Best-in-Progress<\/strong><\/td><\/tr><tr><td class=\"has-text-align-center\" data-align=\"center\">Dur\u00e9e du bail \u00e0 l\u2019acquisition<\/td><td class=\"has-text-align-center\" data-align=\"center\"><strong>15 ans ferme<\/strong><\/td><\/tr><tr><td class=\"has-text-align-center\" data-align=\"center\">Locataire<\/td><td class=\"has-text-align-center\" data-align=\"center\"><strong>HOFMANN S.L.<\/strong><\/td><\/tr><tr><td class=\"has-text-align-center\" data-align=\"center\">Rendement acte en mains (AEM)<\/td><td class=\"has-text-align-center\" data-align=\"center\"><strong>6,95 %<\/strong><\/td><\/tr><tr><td class=\"has-text-align-center\" data-align=\"center\">Mode d\u2019acquisition<\/td><td class=\"has-text-align-center\" data-align=\"center\"><strong>Sale &amp; Leaseback<\/strong><\/td><\/tr><\/tbody><\/table><\/figure>\n\n\n\n<h2 class=\"wp-block-heading\"><strong>Un locataire de r\u00e9f\u00e9rence pour s\u00e9curiser les flux locatifs<\/strong><\/h2>\n\n\n\n<h3 class=\"wp-block-heading\"><strong>HOFMANN S.L., une entreprise bien implant\u00e9e<\/strong><\/h3>\n\n\n\n<p>Le locataire de cet actif est <strong>HOFMANN S.L.<\/strong>, entreprise valencienne fond\u00e9e en <strong>1928<\/strong>, aujourd\u2019hui int\u00e9gr\u00e9e au groupe <strong>Storio<\/strong>. Ce dernier est \u00e9galement propri\u00e9taire de la marque <strong>Photobox<\/strong> et constitue l\u2019un des principaux leaders europ\u00e9ens de l\u2019<strong>impression photographique<\/strong>.<\/p>\n\n\n\n<p>L\u2019op\u00e9ration a \u00e9t\u00e9 r\u00e9alis\u00e9e dans le cadre d\u2019un <strong>sale &amp; leaseback<\/strong>, garantissant un <strong>bail ferme de 15 ans<\/strong>, ce qui offre une <strong>visibilit\u00e9 sur le long terme<\/strong> pour la distribution de revenus locatifs.<\/p>\n\n\n\n<h2 class=\"wp-block-heading\"><strong>Une acquisition align\u00e9e avec la strat\u00e9gie de la SCPI<\/strong><\/h2>\n\n\n\n<h3 class=\"wp-block-heading\"><strong>Une rentabilit\u00e9 coh\u00e9rente avec les objectifs d\u2019\u00c9pargne Pierre Europe<\/strong><\/h3>\n\n\n\n<p>Avec un <strong>rendement AEM de 6,95 %<\/strong>, l\u2019actif s\u2019inscrit dans la politique de la SCPI consistant \u00e0 <strong>combiner rentabilit\u00e9 imm\u00e9diate et p\u00e9rennit\u00e9<\/strong>. L\u2019op\u00e9ration \u00e0 Valence refl\u00e8te la volont\u00e9 de la SCPI d\u2019<strong>investir hors de France<\/strong>, tout en s\u00e9lectionnant des march\u00e9s dynamiques porteurs d\u2019opportunit\u00e9s de long terme.<\/p>\n\n\n\n<p>L\u2019investissement dans cet actif s\u2019inscrit \u00e9galement dans la trajectoire <strong>ISR<\/strong> (Investissement Socialement Responsable) de la SCPI, via une labellisation en cours sous la cat\u00e9gorie <strong>Best-in-Progress<\/strong>.<\/p>\n\n\n\n<h2 class=\"wp-block-heading\"><strong>\u00c9pargne Pierre Europe : une dynamique europ\u00e9enne affirm\u00e9e<\/strong><\/h2>\n\n\n\n<p>Depuis sa cr\u00e9ation, la <strong>SCPI \u00c9pargne Pierre Europe<\/strong> construit un portefeuille paneurop\u00e9en, visant des <strong>actifs tertiaires<\/strong> (bureaux, logistique, commerce) dans des <strong>march\u00e9s solides<\/strong>. Cette nouvelle op\u00e9ration permet de :<\/p>\n\n\n\n<ul class=\"wp-block-list\">\n<li>Renforcer la diversification g\u00e9ographique<\/li>\n\n\n\n<li>Accro\u00eetre la mutualisation du risque locatif<\/li>\n\n\n\n<li>Optimiser la performance immobili\u00e8re nette de frais<\/li>\n<\/ul>\n\n\n\n<h2 class=\"wp-block-heading\"><strong>Conclusion : Une strat\u00e9gie d\u2019expansion cibl\u00e9e<\/strong><\/h2>\n\n\n\n<p>Cette acquisition \u00e0 <strong>Valence<\/strong> confirme l\u2019ambition de la SCPI \u00c9pargne Pierre Europe : <strong>b\u00e2tir un portefeuille solide, europ\u00e9en et diversifi\u00e9<\/strong>, tout en restant fid\u00e8le \u00e0 ses objectifs de <strong>rentabilit\u00e9<\/strong> et de <strong>ma\u00eetrise du risque<\/strong>. En optant pour un actif logistique bien positionn\u00e9, lou\u00e9 \u00e0 un locataire de qualit\u00e9 avec un bail long terme, la SCPI <strong>s\u00e9curise ses revenus futurs<\/strong> et <strong>capitalise sur la croissance du secteur logistique espagnol<\/strong>.<\/p>\n\n\n\n<p><em>Les investissements pass\u00e9s ne pr\u00e9jugent pas des investissements futurs.<\/em><\/p>\n\n\n\n<p>\u00c0 lire \u00e9galement :&nbsp;<\/p>\n\n\n\n<p><a href=\"https:\/\/www.rock-n-data.io\/fr\/la-scpi-wemo-one-simplante-a-rome-avec-mcdonalds\/\">La SCPI WEMO ONE s\u2019implante \u00e0 Rome avec McDonald\u2019s<\/a><\/p>\n","protected":false},"excerpt":{"rendered":"<p>Une strat\u00e9gie europ\u00e9enne renforc\u00e9e avec un actif logistique d\u2019envergure en Espagne La SCPI \u00c9pargne Pierre Europe, g\u00e9r\u00e9e par ATLAND Voisin, poursuit son d\u00e9veloppement europ\u00e9en avec l\u2019acquisition de locaux d\u2019activit\u00e9s \u00e0 Paterna, dans la province de Valence, en Espagne. D\u2019un montant de 11 200 000 \u20ac acte en mains, cette op\u00e9ration s\u2019inscrit dans la continuit\u00e9 d\u2019une [&hellip;]<\/p>\n","protected":false},"author":6,"featured_media":5969,"comment_status":"closed","ping_status":"closed","sticky":false,"template":"","format":"standard","meta":{"_acf_changed":false,"inline_featured_image":false,"footnotes":""},"categories":[74],"tags":[403,130,912,146,239,315,915,22,913],"class_list":["post-5967","post","type-post","status-publish","format-standard","has-post-thumbnail","hentry","category-investissement","tag-atland-voisin","tag-diversification","tag-epargne-pierre-europe","tag-espagne","tag-immobilier-logistique","tag-isr","tag-locaux-dactivites","tag-scpi-fr","tag-valence","post-wrapper"],"acf":[],"yoast_head":"<!-- This site is optimized with the Yoast SEO plugin v27.5 - https:\/\/yoast.com\/product\/yoast-seo-wordpress\/ -->\n<title>\u00c9pargne Pierre Europe : Acquisition de locaux d&#039;activit\u00e9 \u00e0 Paterna<\/title>\n<meta name=\"description\" content=\"La SCPI \u00c9pargne Pierre Europe acquiert un actif \u00e0 Valence \ud83c\uddea\ud83c\uddf8 pour 11,2 M\u20ac, avec un bail ferme de 15 ans et un rendement AEM de 6,95 %.\" \/>\n<meta name=\"robots\" content=\"index, follow, max-snippet:-1, max-image-preview:large, max-video-preview:-1\" \/>\n<link rel=\"canonical\" href=\"https:\/\/www.rock-n-data.io\/fr\/epargne-pierre-europe-investit-dans-un-actif-logistique-a-valence\/\" \/>\n<meta property=\"og:locale\" content=\"fr_FR\" \/>\n<meta property=\"og:type\" content=\"article\" \/>\n<meta property=\"og:title\" content=\"\u00c9pargne Pierre Europe : Acquisition de locaux d&#039;activit\u00e9 \u00e0 Paterna\" \/>\n<meta property=\"og:description\" content=\"La SCPI \u00c9pargne Pierre Europe acquiert un actif \u00e0 Valence \ud83c\uddea\ud83c\uddf8 pour 11,2 M\u20ac, avec un bail ferme de 15 ans et un rendement AEM de 6,95 %.\" \/>\n<meta property=\"og:url\" content=\"https:\/\/www.rock-n-data.io\/fr\/epargne-pierre-europe-investit-dans-un-actif-logistique-a-valence\/\" \/>\n<meta property=\"og:site_name\" content=\"Rock &amp; DATA\" \/>\n<meta property=\"article:published_time\" content=\"2025-05-27T14:23:58+00:00\" \/>\n<meta property=\"article:modified_time\" content=\"2025-05-27T14:24:07+00:00\" \/>\n<meta property=\"og:image\" content=\"https:\/\/www.rock-n-data.io\/wp-content\/uploads\/2025\/05\/EPE-RND-rnd.jpg\" \/>\n\t<meta property=\"og:image:width\" content=\"800\" \/>\n\t<meta property=\"og:image:height\" content=\"522\" \/>\n\t<meta property=\"og:image:type\" content=\"image\/jpeg\" \/>\n<meta name=\"author\" content=\"Rock &amp; DATA\" \/>\n<meta name=\"twitter:card\" content=\"summary_large_image\" \/>\n<meta name=\"twitter:label1\" content=\"\u00c9crit par\" \/>\n\t<meta name=\"twitter:data1\" content=\"Rock &amp; DATA\" \/>\n\t<meta name=\"twitter:label2\" content=\"Dur\u00e9e de lecture estim\u00e9e\" \/>\n\t<meta name=\"twitter:data2\" content=\"3 minutes\" \/>\n<script type=\"application\/ld+json\" class=\"yoast-schema-graph\">{\"@context\":\"https:\\\/\\\/schema.org\",\"@graph\":[{\"@type\":\"Article\",\"@id\":\"https:\\\/\\\/www.rock-n-data.io\\\/fr\\\/epargne-pierre-europe-investit-dans-un-actif-logistique-a-valence\\\/#article\",\"isPartOf\":{\"@id\":\"https:\\\/\\\/www.rock-n-data.io\\\/fr\\\/epargne-pierre-europe-investit-dans-un-actif-logistique-a-valence\\\/\"},\"author\":{\"name\":\"Rock &amp; DATA\",\"@id\":\"https:\\\/\\\/www.rock-n-data.io\\\/fr\\\/#\\\/schema\\\/person\\\/9bc10987a0538f4580eb261ee8bb3257\"},\"headline\":\"\u00c9pargne Pierre Europe investit dans un actif logistique \u00e0 Valence\",\"datePublished\":\"2025-05-27T14:23:58+00:00\",\"dateModified\":\"2025-05-27T14:24:07+00:00\",\"mainEntityOfPage\":{\"@id\":\"https:\\\/\\\/www.rock-n-data.io\\\/fr\\\/epargne-pierre-europe-investit-dans-un-actif-logistique-a-valence\\\/\"},\"wordCount\":640,\"image\":{\"@id\":\"https:\\\/\\\/www.rock-n-data.io\\\/fr\\\/epargne-pierre-europe-investit-dans-un-actif-logistique-a-valence\\\/#primaryimage\"},\"thumbnailUrl\":\"https:\\\/\\\/www.rock-n-data.io\\\/wp-content\\\/uploads\\\/2025\\\/05\\\/EPE-RND-rnd.jpg\",\"keywords\":[\"ATLAND Voisin\",\"Diversification\",\"\u00c9pargne Pierre Europe\",\"Espagne\",\"Immobilier logistique\",\"ISR\",\"locaux d\u2019activit\u00e9s\",\"SCPI\",\"Valence\"],\"articleSection\":[\"Investissement\"],\"inLanguage\":\"fr-FR\"},{\"@type\":\"WebPage\",\"@id\":\"https:\\\/\\\/www.rock-n-data.io\\\/fr\\\/epargne-pierre-europe-investit-dans-un-actif-logistique-a-valence\\\/\",\"url\":\"https:\\\/\\\/www.rock-n-data.io\\\/fr\\\/epargne-pierre-europe-investit-dans-un-actif-logistique-a-valence\\\/\",\"name\":\"\u00c9pargne Pierre Europe : Acquisition de locaux d'activit\u00e9 \u00e0 Paterna\",\"isPartOf\":{\"@id\":\"https:\\\/\\\/www.rock-n-data.io\\\/fr\\\/#website\"},\"primaryImageOfPage\":{\"@id\":\"https:\\\/\\\/www.rock-n-data.io\\\/fr\\\/epargne-pierre-europe-investit-dans-un-actif-logistique-a-valence\\\/#primaryimage\"},\"image\":{\"@id\":\"https:\\\/\\\/www.rock-n-data.io\\\/fr\\\/epargne-pierre-europe-investit-dans-un-actif-logistique-a-valence\\\/#primaryimage\"},\"thumbnailUrl\":\"https:\\\/\\\/www.rock-n-data.io\\\/wp-content\\\/uploads\\\/2025\\\/05\\\/EPE-RND-rnd.jpg\",\"datePublished\":\"2025-05-27T14:23:58+00:00\",\"dateModified\":\"2025-05-27T14:24:07+00:00\",\"author\":{\"@id\":\"https:\\\/\\\/www.rock-n-data.io\\\/fr\\\/#\\\/schema\\\/person\\\/9bc10987a0538f4580eb261ee8bb3257\"},\"description\":\"La SCPI \u00c9pargne Pierre Europe acquiert un actif \u00e0 Valence \ud83c\uddea\ud83c\uddf8 pour 11,2 M\u20ac, avec un bail ferme de 15 ans et un rendement AEM de 6,95 %.\",\"breadcrumb\":{\"@id\":\"https:\\\/\\\/www.rock-n-data.io\\\/fr\\\/epargne-pierre-europe-investit-dans-un-actif-logistique-a-valence\\\/#breadcrumb\"},\"inLanguage\":\"fr-FR\",\"potentialAction\":[{\"@type\":\"ReadAction\",\"target\":[\"https:\\\/\\\/www.rock-n-data.io\\\/fr\\\/epargne-pierre-europe-investit-dans-un-actif-logistique-a-valence\\\/\"]}]},{\"@type\":\"ImageObject\",\"inLanguage\":\"fr-FR\",\"@id\":\"https:\\\/\\\/www.rock-n-data.io\\\/fr\\\/epargne-pierre-europe-investit-dans-un-actif-logistique-a-valence\\\/#primaryimage\",\"url\":\"https:\\\/\\\/www.rock-n-data.io\\\/wp-content\\\/uploads\\\/2025\\\/05\\\/EPE-RND-rnd.jpg\",\"contentUrl\":\"https:\\\/\\\/www.rock-n-data.io\\\/wp-content\\\/uploads\\\/2025\\\/05\\\/EPE-RND-rnd.jpg\",\"width\":800,\"height\":522,\"caption\":\"acquisition-epargne-pierre-europe-en-espagne\"},{\"@type\":\"BreadcrumbList\",\"@id\":\"https:\\\/\\\/www.rock-n-data.io\\\/fr\\\/epargne-pierre-europe-investit-dans-un-actif-logistique-a-valence\\\/#breadcrumb\",\"itemListElement\":[{\"@type\":\"ListItem\",\"position\":1,\"name\":\"Home\",\"item\":\"https:\\\/\\\/www.rock-n-data.io\\\/fr\\\/\"},{\"@type\":\"ListItem\",\"position\":2,\"name\":\"\u00c9pargne Pierre Europe investit dans un actif logistique \u00e0 Valence\"}]},{\"@type\":\"WebSite\",\"@id\":\"https:\\\/\\\/www.rock-n-data.io\\\/fr\\\/#website\",\"url\":\"https:\\\/\\\/www.rock-n-data.io\\\/fr\\\/\",\"name\":\"Rock &amp; DATA\",\"description\":\"When data meets commercial real estate investment\",\"potentialAction\":[{\"@type\":\"SearchAction\",\"target\":{\"@type\":\"EntryPoint\",\"urlTemplate\":\"https:\\\/\\\/www.rock-n-data.io\\\/fr\\\/?s={search_term_string}\"},\"query-input\":{\"@type\":\"PropertyValueSpecification\",\"valueRequired\":true,\"valueName\":\"search_term_string\"}}],\"inLanguage\":\"fr-FR\"},{\"@type\":\"Person\",\"@id\":\"https:\\\/\\\/www.rock-n-data.io\\\/fr\\\/#\\\/schema\\\/person\\\/9bc10987a0538f4580eb261ee8bb3257\",\"name\":\"Rock &amp; DATA\",\"image\":{\"@type\":\"ImageObject\",\"inLanguage\":\"fr-FR\",\"@id\":\"https:\\\/\\\/secure.gravatar.com\\\/avatar\\\/b94d4fc7b613a57715e272f17d430c39f49617a953e6b09d5da69b3774d096c0?s=96&d=mm&r=g\",\"url\":\"https:\\\/\\\/secure.gravatar.com\\\/avatar\\\/b94d4fc7b613a57715e272f17d430c39f49617a953e6b09d5da69b3774d096c0?s=96&d=mm&r=g\",\"contentUrl\":\"https:\\\/\\\/secure.gravatar.com\\\/avatar\\\/b94d4fc7b613a57715e272f17d430c39f49617a953e6b09d5da69b3774d096c0?s=96&d=mm&r=g\",\"caption\":\"Rock &amp; DATA\"},\"url\":\"https:\\\/\\\/www.rock-n-data.io\\\/fr\\\/author\\\/contact\\\/\"}]}<\/script>\n<!-- \/ Yoast SEO plugin. -->","yoast_head_json":{"title":"\u00c9pargne Pierre Europe : Acquisition de locaux d'activit\u00e9 \u00e0 Paterna","description":"La SCPI \u00c9pargne Pierre Europe acquiert un actif \u00e0 Valence \ud83c\uddea\ud83c\uddf8 pour 11,2 M\u20ac, avec un bail ferme de 15 ans et un rendement AEM de 6,95 %.","robots":{"index":"index","follow":"follow","max-snippet":"max-snippet:-1","max-image-preview":"max-image-preview:large","max-video-preview":"max-video-preview:-1"},"canonical":"https:\/\/www.rock-n-data.io\/fr\/epargne-pierre-europe-investit-dans-un-actif-logistique-a-valence\/","og_locale":"fr_FR","og_type":"article","og_title":"\u00c9pargne Pierre Europe : Acquisition de locaux d'activit\u00e9 \u00e0 Paterna","og_description":"La SCPI \u00c9pargne Pierre Europe acquiert un actif \u00e0 Valence \ud83c\uddea\ud83c\uddf8 pour 11,2 M\u20ac, avec un bail ferme de 15 ans et un rendement AEM de 6,95 %.","og_url":"https:\/\/www.rock-n-data.io\/fr\/epargne-pierre-europe-investit-dans-un-actif-logistique-a-valence\/","og_site_name":"Rock &amp; DATA","article_published_time":"2025-05-27T14:23:58+00:00","article_modified_time":"2025-05-27T14:24:07+00:00","og_image":[{"width":800,"height":522,"url":"https:\/\/www.rock-n-data.io\/wp-content\/uploads\/2025\/05\/EPE-RND-rnd.jpg","type":"image\/jpeg"}],"author":"Rock &amp; DATA","twitter_card":"summary_large_image","twitter_misc":{"\u00c9crit par":"Rock &amp; DATA","Dur\u00e9e de lecture estim\u00e9e":"3 minutes"},"schema":{"@context":"https:\/\/schema.org","@graph":[{"@type":"Article","@id":"https:\/\/www.rock-n-data.io\/fr\/epargne-pierre-europe-investit-dans-un-actif-logistique-a-valence\/#article","isPartOf":{"@id":"https:\/\/www.rock-n-data.io\/fr\/epargne-pierre-europe-investit-dans-un-actif-logistique-a-valence\/"},"author":{"name":"Rock &amp; DATA","@id":"https:\/\/www.rock-n-data.io\/fr\/#\/schema\/person\/9bc10987a0538f4580eb261ee8bb3257"},"headline":"\u00c9pargne Pierre Europe investit dans un actif logistique \u00e0 Valence","datePublished":"2025-05-27T14:23:58+00:00","dateModified":"2025-05-27T14:24:07+00:00","mainEntityOfPage":{"@id":"https:\/\/www.rock-n-data.io\/fr\/epargne-pierre-europe-investit-dans-un-actif-logistique-a-valence\/"},"wordCount":640,"image":{"@id":"https:\/\/www.rock-n-data.io\/fr\/epargne-pierre-europe-investit-dans-un-actif-logistique-a-valence\/#primaryimage"},"thumbnailUrl":"https:\/\/www.rock-n-data.io\/wp-content\/uploads\/2025\/05\/EPE-RND-rnd.jpg","keywords":["ATLAND Voisin","Diversification","\u00c9pargne Pierre Europe","Espagne","Immobilier logistique","ISR","locaux d\u2019activit\u00e9s","SCPI","Valence"],"articleSection":["Investissement"],"inLanguage":"fr-FR"},{"@type":"WebPage","@id":"https:\/\/www.rock-n-data.io\/fr\/epargne-pierre-europe-investit-dans-un-actif-logistique-a-valence\/","url":"https:\/\/www.rock-n-data.io\/fr\/epargne-pierre-europe-investit-dans-un-actif-logistique-a-valence\/","name":"\u00c9pargne Pierre Europe : Acquisition de locaux d'activit\u00e9 \u00e0 Paterna","isPartOf":{"@id":"https:\/\/www.rock-n-data.io\/fr\/#website"},"primaryImageOfPage":{"@id":"https:\/\/www.rock-n-data.io\/fr\/epargne-pierre-europe-investit-dans-un-actif-logistique-a-valence\/#primaryimage"},"image":{"@id":"https:\/\/www.rock-n-data.io\/fr\/epargne-pierre-europe-investit-dans-un-actif-logistique-a-valence\/#primaryimage"},"thumbnailUrl":"https:\/\/www.rock-n-data.io\/wp-content\/uploads\/2025\/05\/EPE-RND-rnd.jpg","datePublished":"2025-05-27T14:23:58+00:00","dateModified":"2025-05-27T14:24:07+00:00","author":{"@id":"https:\/\/www.rock-n-data.io\/fr\/#\/schema\/person\/9bc10987a0538f4580eb261ee8bb3257"},"description":"La SCPI \u00c9pargne Pierre Europe acquiert un actif \u00e0 Valence \ud83c\uddea\ud83c\uddf8 pour 11,2 M\u20ac, avec un bail ferme de 15 ans et un rendement AEM de 6,95 %.","breadcrumb":{"@id":"https:\/\/www.rock-n-data.io\/fr\/epargne-pierre-europe-investit-dans-un-actif-logistique-a-valence\/#breadcrumb"},"inLanguage":"fr-FR","potentialAction":[{"@type":"ReadAction","target":["https:\/\/www.rock-n-data.io\/fr\/epargne-pierre-europe-investit-dans-un-actif-logistique-a-valence\/"]}]},{"@type":"ImageObject","inLanguage":"fr-FR","@id":"https:\/\/www.rock-n-data.io\/fr\/epargne-pierre-europe-investit-dans-un-actif-logistique-a-valence\/#primaryimage","url":"https:\/\/www.rock-n-data.io\/wp-content\/uploads\/2025\/05\/EPE-RND-rnd.jpg","contentUrl":"https:\/\/www.rock-n-data.io\/wp-content\/uploads\/2025\/05\/EPE-RND-rnd.jpg","width":800,"height":522,"caption":"acquisition-epargne-pierre-europe-en-espagne"},{"@type":"BreadcrumbList","@id":"https:\/\/www.rock-n-data.io\/fr\/epargne-pierre-europe-investit-dans-un-actif-logistique-a-valence\/#breadcrumb","itemListElement":[{"@type":"ListItem","position":1,"name":"Home","item":"https:\/\/www.rock-n-data.io\/fr\/"},{"@type":"ListItem","position":2,"name":"\u00c9pargne Pierre Europe investit dans un actif logistique \u00e0 Valence"}]},{"@type":"WebSite","@id":"https:\/\/www.rock-n-data.io\/fr\/#website","url":"https:\/\/www.rock-n-data.io\/fr\/","name":"Rock &amp; DATA","description":"When data meets commercial real estate investment","potentialAction":[{"@type":"SearchAction","target":{"@type":"EntryPoint","urlTemplate":"https:\/\/www.rock-n-data.io\/fr\/?s={search_term_string}"},"query-input":{"@type":"PropertyValueSpecification","valueRequired":true,"valueName":"search_term_string"}}],"inLanguage":"fr-FR"},{"@type":"Person","@id":"https:\/\/www.rock-n-data.io\/fr\/#\/schema\/person\/9bc10987a0538f4580eb261ee8bb3257","name":"Rock &amp; DATA","image":{"@type":"ImageObject","inLanguage":"fr-FR","@id":"https:\/\/secure.gravatar.com\/avatar\/b94d4fc7b613a57715e272f17d430c39f49617a953e6b09d5da69b3774d096c0?s=96&d=mm&r=g","url":"https:\/\/secure.gravatar.com\/avatar\/b94d4fc7b613a57715e272f17d430c39f49617a953e6b09d5da69b3774d096c0?s=96&d=mm&r=g","contentUrl":"https:\/\/secure.gravatar.com\/avatar\/b94d4fc7b613a57715e272f17d430c39f49617a953e6b09d5da69b3774d096c0?s=96&d=mm&r=g","caption":"Rock &amp; DATA"},"url":"https:\/\/www.rock-n-data.io\/fr\/author\/contact\/"}]}},"_links":{"self":[{"href":"https:\/\/www.rock-n-data.io\/fr\/wp-json\/wp\/v2\/posts\/5967","targetHints":{"allow":["GET"]}}],"collection":[{"href":"https:\/\/www.rock-n-data.io\/fr\/wp-json\/wp\/v2\/posts"}],"about":[{"href":"https:\/\/www.rock-n-data.io\/fr\/wp-json\/wp\/v2\/types\/post"}],"author":[{"embeddable":true,"href":"https:\/\/www.rock-n-data.io\/fr\/wp-json\/wp\/v2\/users\/6"}],"replies":[{"embeddable":true,"href":"https:\/\/www.rock-n-data.io\/fr\/wp-json\/wp\/v2\/comments?post=5967"}],"version-history":[{"count":0,"href":"https:\/\/www.rock-n-data.io\/fr\/wp-json\/wp\/v2\/posts\/5967\/revisions"}],"wp:featuredmedia":[{"embeddable":true,"href":"https:\/\/www.rock-n-data.io\/fr\/wp-json\/wp\/v2\/media\/5969"}],"wp:attachment":[{"href":"https:\/\/www.rock-n-data.io\/fr\/wp-json\/wp\/v2\/media?parent=5967"}],"wp:term":[{"taxonomy":"category","embeddable":true,"href":"https:\/\/www.rock-n-data.io\/fr\/wp-json\/wp\/v2\/categories?post=5967"},{"taxonomy":"post_tag","embeddable":true,"href":"https:\/\/www.rock-n-data.io\/fr\/wp-json\/wp\/v2\/tags?post=5967"}],"curies":[{"name":"wp","href":"https:\/\/api.w.org\/{rel}","templated":true}]}}