{"id":6343,"date":"2025-09-15T13:12:52","date_gmt":"2025-09-15T13:12:52","guid":{"rendered":"https:\/\/www.rock-n-data.io\/?p=6343"},"modified":"2025-09-15T13:12:58","modified_gmt":"2025-09-15T13:12:58","slug":"scpi-imarea-pierre-deux-acquisitions-strategiques-en-france-et-en-belgique","status":"publish","type":"post","link":"https:\/\/www.rock-n-data.io\/fr\/scpi-imarea-pierre-deux-acquisitions-strategiques-en-france-et-en-belgique\/","title":{"rendered":"SCPI IMAREA Pierre : Deux acquisitions strat\u00e9giques en France et en Belgique"},"content":{"rendered":"\n<h2 class=\"wp-block-heading\"><strong>Une SCPI r\u00e9cente qui acc\u00e9l\u00e8re son d\u00e9veloppement<\/strong><\/h2>\n\n\n\n<p>Lanc\u00e9e en <strong>avril 2025<\/strong>, la <a href=\"https:\/\/www.meilleurescpi.com\/scpi\/scpi-de-rendement\/f28496-scpi-imarea-pierre\/\">SCPI IMAREA Pierre<\/a> s\u2019inscrit dans l\u2019offre grand public de <a href=\"https:\/\/www.meilleurescpi.com\/societe-gestion\/bnp-paribas-reim\/\">BNP Paribas REIM France<\/a>. Sa strat\u00e9gie est <strong>diversifi\u00e9e<\/strong>, avec un objectif clair : saisir des opportunit\u00e9s immobili\u00e8res sur diff\u00e9rentes <strong>typologies d\u2019actifs<\/strong> <a href=\"https:\/\/www.meilleurescpi.com\/scpi\/scpi-de-rendement\/europeenne\/\">en Europe<\/a> et dans les principaux pays de l\u2019OCDE.<\/p>\n\n\n\n<p>Apr\u00e8s <strong>un premier investissement en Italie<\/strong> dans un parc d\u2019activit\u00e9s commerciales \u00e0 Bologne, la <a href=\"https:\/\/www.meilleurescpi.com\/\">SCPI<\/a> franchit une nouvelle \u00e9tape. Elle vient d\u2019annoncer deux acquisitions :<\/p>\n\n\n\n<ul class=\"wp-block-list\">\n<li>un <strong>immeuble mixte<\/strong> situ\u00e9 \u00e0 Nancy, en France ;<\/li>\n\n\n\n<li>un <strong>\u00e9tablissement de sant\u00e9<\/strong> \u00e0 Braine-l\u2019Alleud, pr\u00e8s de Bruxelles, en Belgique.<\/li>\n<\/ul>\n\n\n\n<p>Ces op\u00e9rations confirment l\u2019ancrage <strong>paneurop\u00e9en<\/strong> de la SCPI et renforcent son portefeuille avec des actifs compl\u00e9mentaires.<\/p>\n\n\n\n<h2 class=\"wp-block-heading\"><strong>Les caract\u00e9ristiques cl\u00e9s de la SCPI IMAREA Pierre<\/strong><\/h2>\n\n\n\n<ul class=\"wp-block-list\">\n<li>Prix de la part : 20 \u20ac<\/li>\n\n\n\n<li>Minimum de <a href=\"https:\/\/www.meilleurescpi.com\/lexique\/souscription\">souscription<\/a> : 10 parts, soit 200 \u20ac<\/li>\n\n\n\n<li>Objectif de distribution : 6 % bruts par an en moyenne sur 10 ans*<\/li>\n\n\n\n<li>R\u00e9glementation : Fonds class\u00e9 Article 8 du SFDR, int\u00e9grant des crit\u00e8res de durabilit\u00e9<\/li>\n<\/ul>\n\n\n\n<p><em>* Objectifs de rendement pr\u00e9visionnels, non garantis.<\/em><\/p>\n\n\n\n<h2 class=\"wp-block-heading\"><strong>Un premier investissement en France : Nancy<\/strong><\/h2>\n\n\n\n<p>La premi\u00e8re op\u00e9ration r\u00e9alis\u00e9e par <strong>IMAREA Pierre<\/strong> en France concerne un <strong>immeuble mixte <\/strong><a href=\"https:\/\/www.meilleurescpi.com\/scpi\/scpi-de-rendement\/commerces\/\">commerces<\/a> et <a href=\"https:\/\/www.meilleurescpi.com\/scpi\/scpi-de-rendement\/bureaux\/\">bureaux<\/a>.<\/p>\n\n\n\n<h3 class=\"wp-block-heading\"><strong>D\u00e9tails de l\u2019actif<\/strong><\/h3>\n\n\n\n<ul class=\"wp-block-list\">\n<li>Adresse : 45-55 rue Saint-Jean, Nancy<\/li>\n\n\n\n<li>Surface : environ 5 000 m\u00b2<\/li>\n\n\n\n<li>Configuration : R+3 avec un niveau de sous-sol<\/li>\n\n\n\n<li>Ann\u00e9e de construction : 1991<\/li>\n\n\n\n<li><a href=\"https:\/\/www.meilleurescpi.com\/lexique\/locataire\">Locataires<\/a> : six occupants historiques<\/li>\n\n\n\n<li>Montant de l\u2019acquisition : 16 M\u20ac<\/li>\n<\/ul>\n\n\n\n<p>Situ\u00e9 sur une art\u00e8re commer\u00e7ante majeure de Nancy et \u00e0 proximit\u00e9 imm\u00e9diate de la <strong>gare TGV<\/strong>, l\u2019immeuble b\u00e9n\u00e9ficie d\u2019un <strong>emplacement strat\u00e9gique<\/strong>. Enti\u00e8rement lou\u00e9, il illustre une approche ax\u00e9e sur la <strong>qualit\u00e9 des emplacements<\/strong> et la stabilit\u00e9 des revenus locatifs.<\/p>\n\n\n<div class=\"wp-block-image\">\n<figure class=\"aligncenter size-full\"><img loading=\"lazy\" decoding=\"async\" width=\"800\" height=\"332\" src=\"https:\/\/www.rock-n-data.io\/wp-content\/uploads\/2025\/09\/acquisition-bnp-1.jpg\" alt=\"\" class=\"wp-image-6344\" srcset=\"https:\/\/www.rock-n-data.io\/wp-content\/uploads\/2025\/09\/acquisition-bnp-1.jpg 800w, https:\/\/www.rock-n-data.io\/wp-content\/uploads\/2025\/09\/acquisition-bnp-1-300x125.jpg 300w, https:\/\/www.rock-n-data.io\/wp-content\/uploads\/2025\/09\/acquisition-bnp-1-768x319.jpg 768w\" sizes=\"auto, (max-width: 800px) 100vw, 800px\" \/><\/figure>\n<\/div>\n\n\n<h2 class=\"wp-block-heading\"><strong>Une seconde acquisition en Belgique : Un EHPAD \u00e0 Braine-l\u2019Alleud<\/strong><\/h2>\n\n\n\n<p>La deuxi\u00e8me op\u00e9ration porte sur le <a href=\"https:\/\/www.meilleurescpi.com\/scpi\/scpi-de-rendement\/sante\/\">secteur de la sant\u00e9<\/a>, avec l\u2019achat d\u2019une <strong>maison de repos et de soins de 120 lits<\/strong>.<\/p>\n\n\n\n<h3 class=\"wp-block-heading\"><strong>D\u00e9tails de l\u2019actif<\/strong><\/h3>\n\n\n\n<ul class=\"wp-block-list\">\n<li>Localisation : centre-ville de Braine-l\u2019Alleud (p\u00e9riph\u00e9rie de Bruxelles)<\/li>\n\n\n\n<li>Capacit\u00e9 : 120 lits<\/li>\n\n\n\n<li>Gestionnaire : op\u00e9rateur europ\u00e9en de premier plan<\/li>\n\n\n\n<li>Montant de l\u2019acquisition : environ 9 M\u20ac<\/li>\n<\/ul>\n\n\n\n<p>L\u2019actif b\u00e9n\u00e9ficie d\u2019une gestion professionnelle et de <strong>performances d\u2019exploitation solides<\/strong>. Cette acquisition positionne la SCPI sur un secteur jug\u00e9 <strong>r\u00e9silient<\/strong>, notamment face aux enjeux d\u00e9mographiques.<\/p>\n\n\n<div class=\"wp-block-image\">\n<figure class=\"aligncenter size-full\"><img loading=\"lazy\" decoding=\"async\" width=\"597\" height=\"373\" src=\"https:\/\/www.rock-n-data.io\/wp-content\/uploads\/2025\/09\/EHPAD-Belgique.png\" alt=\"\" class=\"wp-image-6349\" srcset=\"https:\/\/www.rock-n-data.io\/wp-content\/uploads\/2025\/09\/EHPAD-Belgique.png 597w, https:\/\/www.rock-n-data.io\/wp-content\/uploads\/2025\/09\/EHPAD-Belgique-300x187.png 300w\" sizes=\"auto, (max-width: 597px) 100vw, 597px\" \/><\/figure>\n<\/div>\n\n\n<h2 class=\"wp-block-heading\"><strong>Une strat\u00e9gie paneurop\u00e9enne affirm\u00e9e<\/strong><\/h2>\n\n\n\n<p>Selon <strong>Henri Romnicianu<\/strong>, Directeur G\u00e9n\u00e9ral D\u00e9l\u00e9gu\u00e9 de BNP Paribas REIM France, ces acquisitions illustrent pleinement la strat\u00e9gie de la SCPI :<\/p>\n\n\n\n<blockquote class=\"wp-block-quote is-layout-flow wp-block-quote-is-layout-flow\">\n<p><em>Ces acquisitions s\u2019inscrivent parfaitement dans la strat\u00e9gie paneurop\u00e9enne de la SCPI IMAREA PIERRE et nous \u00e9tudions d\u2019autres possibilit\u00e9s d\u2019investissements, notamment en p\u00e9ninsule ib\u00e9rique et aux Pays-Bas. Nos \u00e9quipes nous permettent d\u2019identifier des opportunit\u00e9s solides qui r\u00e9pondent aux enjeux soci\u00e9taux. Notre objectif reste inchang\u00e9 : proposer aux investisseurs particuliers une strat\u00e9gie diversifi\u00e9e fond\u00e9e sur la qualit\u00e9 des emplacements et la r\u00e9silience des locataires.<\/em><\/p>\n<\/blockquote>\n\n\n\n<p>Les perspectives d\u2019expansion concernent d\u00e9j\u00e0 la <strong>p\u00e9ninsule ib\u00e9rique<\/strong> et les <a href=\"https:\/\/www.meilleurescpi.com\/patrimoine-scpi\/pays-bas\/\">Pays-Bas<\/a>, confirmant la volont\u00e9 d\u2019IMAREA Pierre de devenir une <strong>SCPI paneurop\u00e9enne<\/strong> \u00e0 part enti\u00e8re.<\/p>\n\n\n\n<h2 class=\"wp-block-heading\"><strong>Tableau r\u00e9capitulatif des acquisitions<\/strong><\/h2>\n\n\n\n<figure class=\"wp-block-table\"><table class=\"has-fixed-layout\"><tbody><tr><td class=\"has-text-align-center\" data-align=\"center\">Localisation<\/td><td class=\"has-text-align-center\" data-align=\"center\">Type d\u2019actif<\/td><td class=\"has-text-align-center\" data-align=\"center\">Surface \/ Capacit\u00e9<\/td><td class=\"has-text-align-center\" data-align=\"center\">Locataires \/ Gestionnaire<\/td><td class=\"has-text-align-center\" data-align=\"center\">Montant d\u2019acquisition<\/td><\/tr><tr><td class=\"has-text-align-center\" data-align=\"center\">Nancy (<a href=\"https:\/\/www.meilleurescpi.com\/scpi\/scpi-de-rendement\/france\/\">France<\/a>)<\/td><td class=\"has-text-align-center\" data-align=\"center\">Immeuble mixte (bureaux &amp; commerces)<\/td><td class=\"has-text-align-center\" data-align=\"center\">5 000 m\u00b2<\/td><td class=\"has-text-align-center\" data-align=\"center\">6 locataires historiques<\/td><td class=\"has-text-align-center\" data-align=\"center\">16 M\u20ac<\/td><\/tr><tr><td class=\"has-text-align-center\" data-align=\"center\">Braine-l\u2019Alleud (<a href=\"https:\/\/www.meilleurescpi.com\/patrimoine-scpi\/belgique\/\">Belgique<\/a>)<\/td><td class=\"has-text-align-center\" data-align=\"center\">\u00c9tablissement de sant\u00e9 (EHPAD)<\/td><td class=\"has-text-align-center\" data-align=\"center\">120 lits<\/td><td class=\"has-text-align-center\" data-align=\"center\">Op\u00e9rateur europ\u00e9en de premier plan<\/td><td class=\"has-text-align-center\" data-align=\"center\">~9 M\u20ac<\/td><\/tr><\/tbody><\/table><\/figure>\n\n\n\n<h2 class=\"wp-block-heading\"><strong>BNP Paribas REIM : Un acteur europ\u00e9en solide<\/strong><\/h2>\n\n\n\n<ul class=\"wp-block-list\">\n<li>Actifs sous gestion (fin 2024) : 23,7 Md\u20ac<\/li>\n\n\n\n<li>Investisseurs : plus de 230 institutionnels et 140 000 particuliers<\/li>\n\n\n\n<li>Pr\u00e9sence europ\u00e9enne : France, <a href=\"https:\/\/www.meilleurescpi.com\/patrimoine-scpi\/italie\/\">Italie<\/a>, <a href=\"https:\/\/www.meilleurescpi.com\/scpi\/scpi-de-rendement\/allemagne\/\">Allemagne<\/a>, <a href=\"https:\/\/www.meilleurescpi.com\/patrimoine-scpi\/royaume-uni\/\">Royaume-Uni<\/a>, <a href=\"https:\/\/www.meilleurescpi.com\/patrimoine-scpi\/luxembourg\/\">Luxembourg<\/a><\/li>\n\n\n\n<li>Collaborateurs : environ 290<\/li>\n<\/ul>\n\n\n\n<p>L\u2019int\u00e9gration des <a href=\"https:\/\/www.meilleurescpi.com\/actualites\/que-signifient-les-criteres-esg\/\">crit\u00e8res ESG<\/a> (Environnement, Social, Gouvernance) constitue un pilier strat\u00e9gique. L\u2019innovation est \u00e9galement mise en avant comme un levier pour identifier des opportunit\u00e9s et g\u00e9rer les risques.<\/p>\n\n\n\n<h2 class=\"wp-block-heading\"><strong>L\u2019essentiel<\/strong><\/h2>\n\n\n\n<ul class=\"wp-block-list\">\n<li>IMAREA Pierre, SCPI lanc\u00e9e en avril 2025, poursuit une strat\u00e9gie diversifi\u00e9e paneurop\u00e9enne.<\/li>\n\n\n\n<li>Apr\u00e8s un premier investissement en Italie, elle renforce son portefeuille avec deux acquisitions : un immeuble mixte \u00e0 Nancy (16 M\u20ac) et un EHPAD \u00e0 Braine-l\u2019Alleud (9 M\u20ac).<\/li>\n\n\n\n<li>La SCPI cible un taux de distribution moyen de 6 % bruts sur 10 ans.<\/li>\n\n\n\n<li>Class\u00e9e Article 8 SFDR, elle int\u00e8gre une dimension durable dans sa strat\u00e9gie.<\/li>\n\n\n\n<li>Les prochaines \u00e9tapes pourraient concerner l\u2019Espagne et les Pays-Bas.<\/li>\n<\/ul>\n\n\n\n<p><em>Les performances pass\u00e9es ne pr\u00e9jugent pas des performances futures. Les acquisitions pass\u00e9es ne pr\u00e9jugent pas des acquisitions futures. Investir en SCPI comporte des risques, notamment un risque de perte en capital et de liquidit\u00e9.<\/em><\/p>\n\n\n\n<p>\u00c0 lire \u00e9galement :&nbsp;<\/p>\n\n\n\n<p><a href=\"https:\/\/www.rock-n-data.io\/fr\/scpi-epsicap-nano-renouvellement-du-label-isr-pour-trois-ans\/\">SCPI Epsicap NANO : Renouvellement du Label ISR pour 3 ans<\/a><\/p>\n","protected":false},"excerpt":{"rendered":"<p>Une SCPI r\u00e9cente qui acc\u00e9l\u00e8re son d\u00e9veloppement Lanc\u00e9e en avril 2025, la SCPI IMAREA Pierre s\u2019inscrit dans l\u2019offre grand public de BNP Paribas REIM France. Sa strat\u00e9gie est diversifi\u00e9e, avec un objectif clair : saisir des opportunit\u00e9s immobili\u00e8res sur diff\u00e9rentes typologies d\u2019actifs en Europe et dans les principaux pays de l\u2019OCDE. Apr\u00e8s un premier investissement [&hellip;]<\/p>\n","protected":false},"author":6,"featured_media":6352,"comment_status":"closed","ping_status":"closed","sticky":false,"template":"","format":"standard","meta":{"_acf_changed":false,"inline_featured_image":false,"footnotes":""},"categories":[74],"tags":[94,1128],"class_list":["post-6343","post","type-post","status-publish","format-standard","has-post-thumbnail","hentry","category-investissement","tag-acquisition-immobiliere","tag-scpi-imarea-pierre","post-wrapper"],"acf":[],"yoast_head":"<!-- This site is optimized with the Yoast SEO plugin v27.5 - https:\/\/yoast.com\/product\/yoast-seo-wordpress\/ -->\n<title>SCPI IMAREA Pierre : Acquisitions en France et Belgique \ud83c\udfe2<\/title>\n<meta name=\"description\" content=\"La SCPI IMAREA Pierre renforce son portefeuille avec deux acquisitions strat\u00e9giques, \u00e0 Nancy et Braine-l\u2019Alleud, en 2025.\" \/>\n<meta name=\"robots\" content=\"index, follow, max-snippet:-1, max-image-preview:large, max-video-preview:-1\" \/>\n<link rel=\"canonical\" href=\"https:\/\/www.rock-n-data.io\/fr\/scpi-imarea-pierre-deux-acquisitions-strategiques-en-france-et-en-belgique\/\" \/>\n<meta property=\"og:locale\" content=\"fr_FR\" \/>\n<meta property=\"og:type\" content=\"article\" \/>\n<meta property=\"og:title\" content=\"SCPI IMAREA Pierre : Acquisitions en France et Belgique \ud83c\udfe2\" \/>\n<meta property=\"og:description\" content=\"La SCPI IMAREA Pierre renforce son portefeuille avec deux acquisitions strat\u00e9giques, \u00e0 Nancy et Braine-l\u2019Alleud, en 2025.\" \/>\n<meta property=\"og:url\" content=\"https:\/\/www.rock-n-data.io\/fr\/scpi-imarea-pierre-deux-acquisitions-strategiques-en-france-et-en-belgique\/\" \/>\n<meta property=\"og:site_name\" content=\"Rock &amp; DATA\" \/>\n<meta property=\"article:published_time\" content=\"2025-09-15T13:12:52+00:00\" \/>\n<meta property=\"article:modified_time\" content=\"2025-09-15T13:12:58+00:00\" \/>\n<meta property=\"og:image\" content=\"https:\/\/www.rock-n-data.io\/wp-content\/uploads\/2025\/09\/imarea-pierre-header.jpg\" \/>\n\t<meta property=\"og:image:width\" content=\"800\" \/>\n\t<meta property=\"og:image:height\" content=\"483\" \/>\n\t<meta property=\"og:image:type\" content=\"image\/jpeg\" \/>\n<meta name=\"author\" content=\"Rock &amp; DATA\" \/>\n<meta name=\"twitter:card\" content=\"summary_large_image\" \/>\n<meta name=\"twitter:label1\" content=\"\u00c9crit par\" \/>\n\t<meta name=\"twitter:data1\" content=\"Rock &amp; DATA\" \/>\n\t<meta name=\"twitter:label2\" content=\"Dur\u00e9e de lecture estim\u00e9e\" \/>\n\t<meta name=\"twitter:data2\" content=\"4 minutes\" \/>\n<script type=\"application\/ld+json\" class=\"yoast-schema-graph\">{\"@context\":\"https:\\\/\\\/schema.org\",\"@graph\":[{\"@type\":\"Article\",\"@id\":\"https:\\\/\\\/www.rock-n-data.io\\\/fr\\\/scpi-imarea-pierre-deux-acquisitions-strategiques-en-france-et-en-belgique\\\/#article\",\"isPartOf\":{\"@id\":\"https:\\\/\\\/www.rock-n-data.io\\\/fr\\\/scpi-imarea-pierre-deux-acquisitions-strategiques-en-france-et-en-belgique\\\/\"},\"author\":{\"name\":\"Rock &amp; DATA\",\"@id\":\"https:\\\/\\\/www.rock-n-data.io\\\/fr\\\/#\\\/schema\\\/person\\\/9bc10987a0538f4580eb261ee8bb3257\"},\"headline\":\"SCPI IMAREA Pierre : Deux acquisitions strat\u00e9giques en France et en Belgique\",\"datePublished\":\"2025-09-15T13:12:52+00:00\",\"dateModified\":\"2025-09-15T13:12:58+00:00\",\"mainEntityOfPage\":{\"@id\":\"https:\\\/\\\/www.rock-n-data.io\\\/fr\\\/scpi-imarea-pierre-deux-acquisitions-strategiques-en-france-et-en-belgique\\\/\"},\"wordCount\":770,\"image\":{\"@id\":\"https:\\\/\\\/www.rock-n-data.io\\\/fr\\\/scpi-imarea-pierre-deux-acquisitions-strategiques-en-france-et-en-belgique\\\/#primaryimage\"},\"thumbnailUrl\":\"https:\\\/\\\/www.rock-n-data.io\\\/wp-content\\\/uploads\\\/2025\\\/09\\\/imarea-pierre-header.jpg\",\"keywords\":[\"Acquisition immobili\u00e8re\",\"SCPI IMAREA Pierre\"],\"articleSection\":[\"Investissement\"],\"inLanguage\":\"fr-FR\"},{\"@type\":\"WebPage\",\"@id\":\"https:\\\/\\\/www.rock-n-data.io\\\/fr\\\/scpi-imarea-pierre-deux-acquisitions-strategiques-en-france-et-en-belgique\\\/\",\"url\":\"https:\\\/\\\/www.rock-n-data.io\\\/fr\\\/scpi-imarea-pierre-deux-acquisitions-strategiques-en-france-et-en-belgique\\\/\",\"name\":\"SCPI IMAREA Pierre : Acquisitions en France et Belgique \ud83c\udfe2\",\"isPartOf\":{\"@id\":\"https:\\\/\\\/www.rock-n-data.io\\\/fr\\\/#website\"},\"primaryImageOfPage\":{\"@id\":\"https:\\\/\\\/www.rock-n-data.io\\\/fr\\\/scpi-imarea-pierre-deux-acquisitions-strategiques-en-france-et-en-belgique\\\/#primaryimage\"},\"image\":{\"@id\":\"https:\\\/\\\/www.rock-n-data.io\\\/fr\\\/scpi-imarea-pierre-deux-acquisitions-strategiques-en-france-et-en-belgique\\\/#primaryimage\"},\"thumbnailUrl\":\"https:\\\/\\\/www.rock-n-data.io\\\/wp-content\\\/uploads\\\/2025\\\/09\\\/imarea-pierre-header.jpg\",\"datePublished\":\"2025-09-15T13:12:52+00:00\",\"dateModified\":\"2025-09-15T13:12:58+00:00\",\"author\":{\"@id\":\"https:\\\/\\\/www.rock-n-data.io\\\/fr\\\/#\\\/schema\\\/person\\\/9bc10987a0538f4580eb261ee8bb3257\"},\"description\":\"La SCPI IMAREA Pierre renforce son portefeuille avec deux acquisitions strat\u00e9giques, \u00e0 Nancy et Braine-l\u2019Alleud, en 2025.\",\"breadcrumb\":{\"@id\":\"https:\\\/\\\/www.rock-n-data.io\\\/fr\\\/scpi-imarea-pierre-deux-acquisitions-strategiques-en-france-et-en-belgique\\\/#breadcrumb\"},\"inLanguage\":\"fr-FR\",\"potentialAction\":[{\"@type\":\"ReadAction\",\"target\":[\"https:\\\/\\\/www.rock-n-data.io\\\/fr\\\/scpi-imarea-pierre-deux-acquisitions-strategiques-en-france-et-en-belgique\\\/\"]}]},{\"@type\":\"ImageObject\",\"inLanguage\":\"fr-FR\",\"@id\":\"https:\\\/\\\/www.rock-n-data.io\\\/fr\\\/scpi-imarea-pierre-deux-acquisitions-strategiques-en-france-et-en-belgique\\\/#primaryimage\",\"url\":\"https:\\\/\\\/www.rock-n-data.io\\\/wp-content\\\/uploads\\\/2025\\\/09\\\/imarea-pierre-header.jpg\",\"contentUrl\":\"https:\\\/\\\/www.rock-n-data.io\\\/wp-content\\\/uploads\\\/2025\\\/09\\\/imarea-pierre-header.jpg\",\"width\":800,\"height\":483,\"caption\":\"acquisition-scpi-imarea-pierre-en-europe\"},{\"@type\":\"BreadcrumbList\",\"@id\":\"https:\\\/\\\/www.rock-n-data.io\\\/fr\\\/scpi-imarea-pierre-deux-acquisitions-strategiques-en-france-et-en-belgique\\\/#breadcrumb\",\"itemListElement\":[{\"@type\":\"ListItem\",\"position\":1,\"name\":\"Home\",\"item\":\"https:\\\/\\\/www.rock-n-data.io\\\/fr\\\/\"},{\"@type\":\"ListItem\",\"position\":2,\"name\":\"SCPI IMAREA Pierre : Deux acquisitions strat\u00e9giques en France et en Belgique\"}]},{\"@type\":\"WebSite\",\"@id\":\"https:\\\/\\\/www.rock-n-data.io\\\/fr\\\/#website\",\"url\":\"https:\\\/\\\/www.rock-n-data.io\\\/fr\\\/\",\"name\":\"Rock &amp; DATA\",\"description\":\"When data meets commercial real estate investment\",\"potentialAction\":[{\"@type\":\"SearchAction\",\"target\":{\"@type\":\"EntryPoint\",\"urlTemplate\":\"https:\\\/\\\/www.rock-n-data.io\\\/fr\\\/?s={search_term_string}\"},\"query-input\":{\"@type\":\"PropertyValueSpecification\",\"valueRequired\":true,\"valueName\":\"search_term_string\"}}],\"inLanguage\":\"fr-FR\"},{\"@type\":\"Person\",\"@id\":\"https:\\\/\\\/www.rock-n-data.io\\\/fr\\\/#\\\/schema\\\/person\\\/9bc10987a0538f4580eb261ee8bb3257\",\"name\":\"Rock &amp; DATA\",\"image\":{\"@type\":\"ImageObject\",\"inLanguage\":\"fr-FR\",\"@id\":\"https:\\\/\\\/secure.gravatar.com\\\/avatar\\\/b94d4fc7b613a57715e272f17d430c39f49617a953e6b09d5da69b3774d096c0?s=96&d=mm&r=g\",\"url\":\"https:\\\/\\\/secure.gravatar.com\\\/avatar\\\/b94d4fc7b613a57715e272f17d430c39f49617a953e6b09d5da69b3774d096c0?s=96&d=mm&r=g\",\"contentUrl\":\"https:\\\/\\\/secure.gravatar.com\\\/avatar\\\/b94d4fc7b613a57715e272f17d430c39f49617a953e6b09d5da69b3774d096c0?s=96&d=mm&r=g\",\"caption\":\"Rock &amp; DATA\"},\"url\":\"https:\\\/\\\/www.rock-n-data.io\\\/fr\\\/author\\\/contact\\\/\"}]}<\/script>\n<!-- \/ Yoast SEO plugin. -->","yoast_head_json":{"title":"SCPI IMAREA Pierre : Acquisitions en France et Belgique \ud83c\udfe2","description":"La SCPI IMAREA Pierre renforce son portefeuille avec deux acquisitions strat\u00e9giques, \u00e0 Nancy et Braine-l\u2019Alleud, en 2025.","robots":{"index":"index","follow":"follow","max-snippet":"max-snippet:-1","max-image-preview":"max-image-preview:large","max-video-preview":"max-video-preview:-1"},"canonical":"https:\/\/www.rock-n-data.io\/fr\/scpi-imarea-pierre-deux-acquisitions-strategiques-en-france-et-en-belgique\/","og_locale":"fr_FR","og_type":"article","og_title":"SCPI IMAREA Pierre : Acquisitions en France et Belgique \ud83c\udfe2","og_description":"La SCPI IMAREA Pierre renforce son portefeuille avec deux acquisitions strat\u00e9giques, \u00e0 Nancy et Braine-l\u2019Alleud, en 2025.","og_url":"https:\/\/www.rock-n-data.io\/fr\/scpi-imarea-pierre-deux-acquisitions-strategiques-en-france-et-en-belgique\/","og_site_name":"Rock &amp; DATA","article_published_time":"2025-09-15T13:12:52+00:00","article_modified_time":"2025-09-15T13:12:58+00:00","og_image":[{"width":800,"height":483,"url":"https:\/\/www.rock-n-data.io\/wp-content\/uploads\/2025\/09\/imarea-pierre-header.jpg","type":"image\/jpeg"}],"author":"Rock &amp; DATA","twitter_card":"summary_large_image","twitter_misc":{"\u00c9crit par":"Rock &amp; DATA","Dur\u00e9e de lecture estim\u00e9e":"4 minutes"},"schema":{"@context":"https:\/\/schema.org","@graph":[{"@type":"Article","@id":"https:\/\/www.rock-n-data.io\/fr\/scpi-imarea-pierre-deux-acquisitions-strategiques-en-france-et-en-belgique\/#article","isPartOf":{"@id":"https:\/\/www.rock-n-data.io\/fr\/scpi-imarea-pierre-deux-acquisitions-strategiques-en-france-et-en-belgique\/"},"author":{"name":"Rock &amp; DATA","@id":"https:\/\/www.rock-n-data.io\/fr\/#\/schema\/person\/9bc10987a0538f4580eb261ee8bb3257"},"headline":"SCPI IMAREA Pierre : Deux acquisitions strat\u00e9giques en France et en Belgique","datePublished":"2025-09-15T13:12:52+00:00","dateModified":"2025-09-15T13:12:58+00:00","mainEntityOfPage":{"@id":"https:\/\/www.rock-n-data.io\/fr\/scpi-imarea-pierre-deux-acquisitions-strategiques-en-france-et-en-belgique\/"},"wordCount":770,"image":{"@id":"https:\/\/www.rock-n-data.io\/fr\/scpi-imarea-pierre-deux-acquisitions-strategiques-en-france-et-en-belgique\/#primaryimage"},"thumbnailUrl":"https:\/\/www.rock-n-data.io\/wp-content\/uploads\/2025\/09\/imarea-pierre-header.jpg","keywords":["Acquisition immobili\u00e8re","SCPI IMAREA Pierre"],"articleSection":["Investissement"],"inLanguage":"fr-FR"},{"@type":"WebPage","@id":"https:\/\/www.rock-n-data.io\/fr\/scpi-imarea-pierre-deux-acquisitions-strategiques-en-france-et-en-belgique\/","url":"https:\/\/www.rock-n-data.io\/fr\/scpi-imarea-pierre-deux-acquisitions-strategiques-en-france-et-en-belgique\/","name":"SCPI IMAREA Pierre : Acquisitions en France et Belgique \ud83c\udfe2","isPartOf":{"@id":"https:\/\/www.rock-n-data.io\/fr\/#website"},"primaryImageOfPage":{"@id":"https:\/\/www.rock-n-data.io\/fr\/scpi-imarea-pierre-deux-acquisitions-strategiques-en-france-et-en-belgique\/#primaryimage"},"image":{"@id":"https:\/\/www.rock-n-data.io\/fr\/scpi-imarea-pierre-deux-acquisitions-strategiques-en-france-et-en-belgique\/#primaryimage"},"thumbnailUrl":"https:\/\/www.rock-n-data.io\/wp-content\/uploads\/2025\/09\/imarea-pierre-header.jpg","datePublished":"2025-09-15T13:12:52+00:00","dateModified":"2025-09-15T13:12:58+00:00","author":{"@id":"https:\/\/www.rock-n-data.io\/fr\/#\/schema\/person\/9bc10987a0538f4580eb261ee8bb3257"},"description":"La SCPI IMAREA Pierre renforce son portefeuille avec deux acquisitions strat\u00e9giques, \u00e0 Nancy et Braine-l\u2019Alleud, en 2025.","breadcrumb":{"@id":"https:\/\/www.rock-n-data.io\/fr\/scpi-imarea-pierre-deux-acquisitions-strategiques-en-france-et-en-belgique\/#breadcrumb"},"inLanguage":"fr-FR","potentialAction":[{"@type":"ReadAction","target":["https:\/\/www.rock-n-data.io\/fr\/scpi-imarea-pierre-deux-acquisitions-strategiques-en-france-et-en-belgique\/"]}]},{"@type":"ImageObject","inLanguage":"fr-FR","@id":"https:\/\/www.rock-n-data.io\/fr\/scpi-imarea-pierre-deux-acquisitions-strategiques-en-france-et-en-belgique\/#primaryimage","url":"https:\/\/www.rock-n-data.io\/wp-content\/uploads\/2025\/09\/imarea-pierre-header.jpg","contentUrl":"https:\/\/www.rock-n-data.io\/wp-content\/uploads\/2025\/09\/imarea-pierre-header.jpg","width":800,"height":483,"caption":"acquisition-scpi-imarea-pierre-en-europe"},{"@type":"BreadcrumbList","@id":"https:\/\/www.rock-n-data.io\/fr\/scpi-imarea-pierre-deux-acquisitions-strategiques-en-france-et-en-belgique\/#breadcrumb","itemListElement":[{"@type":"ListItem","position":1,"name":"Home","item":"https:\/\/www.rock-n-data.io\/fr\/"},{"@type":"ListItem","position":2,"name":"SCPI IMAREA Pierre : Deux acquisitions strat\u00e9giques en France et en Belgique"}]},{"@type":"WebSite","@id":"https:\/\/www.rock-n-data.io\/fr\/#website","url":"https:\/\/www.rock-n-data.io\/fr\/","name":"Rock &amp; DATA","description":"When data meets commercial real estate investment","potentialAction":[{"@type":"SearchAction","target":{"@type":"EntryPoint","urlTemplate":"https:\/\/www.rock-n-data.io\/fr\/?s={search_term_string}"},"query-input":{"@type":"PropertyValueSpecification","valueRequired":true,"valueName":"search_term_string"}}],"inLanguage":"fr-FR"},{"@type":"Person","@id":"https:\/\/www.rock-n-data.io\/fr\/#\/schema\/person\/9bc10987a0538f4580eb261ee8bb3257","name":"Rock &amp; DATA","image":{"@type":"ImageObject","inLanguage":"fr-FR","@id":"https:\/\/secure.gravatar.com\/avatar\/b94d4fc7b613a57715e272f17d430c39f49617a953e6b09d5da69b3774d096c0?s=96&d=mm&r=g","url":"https:\/\/secure.gravatar.com\/avatar\/b94d4fc7b613a57715e272f17d430c39f49617a953e6b09d5da69b3774d096c0?s=96&d=mm&r=g","contentUrl":"https:\/\/secure.gravatar.com\/avatar\/b94d4fc7b613a57715e272f17d430c39f49617a953e6b09d5da69b3774d096c0?s=96&d=mm&r=g","caption":"Rock &amp; DATA"},"url":"https:\/\/www.rock-n-data.io\/fr\/author\/contact\/"}]}},"_links":{"self":[{"href":"https:\/\/www.rock-n-data.io\/fr\/wp-json\/wp\/v2\/posts\/6343","targetHints":{"allow":["GET"]}}],"collection":[{"href":"https:\/\/www.rock-n-data.io\/fr\/wp-json\/wp\/v2\/posts"}],"about":[{"href":"https:\/\/www.rock-n-data.io\/fr\/wp-json\/wp\/v2\/types\/post"}],"author":[{"embeddable":true,"href":"https:\/\/www.rock-n-data.io\/fr\/wp-json\/wp\/v2\/users\/6"}],"replies":[{"embeddable":true,"href":"https:\/\/www.rock-n-data.io\/fr\/wp-json\/wp\/v2\/comments?post=6343"}],"version-history":[{"count":0,"href":"https:\/\/www.rock-n-data.io\/fr\/wp-json\/wp\/v2\/posts\/6343\/revisions"}],"wp:featuredmedia":[{"embeddable":true,"href":"https:\/\/www.rock-n-data.io\/fr\/wp-json\/wp\/v2\/media\/6352"}],"wp:attachment":[{"href":"https:\/\/www.rock-n-data.io\/fr\/wp-json\/wp\/v2\/media?parent=6343"}],"wp:term":[{"taxonomy":"category","embeddable":true,"href":"https:\/\/www.rock-n-data.io\/fr\/wp-json\/wp\/v2\/categories?post=6343"},{"taxonomy":"post_tag","embeddable":true,"href":"https:\/\/www.rock-n-data.io\/fr\/wp-json\/wp\/v2\/tags?post=6343"}],"curies":[{"name":"wp","href":"https:\/\/api.w.org\/{rel}","templated":true}]}}