{"id":6588,"date":"2025-12-12T14:08:40","date_gmt":"2025-12-12T14:08:40","guid":{"rendered":"https:\/\/www.rock-n-data.io\/?p=6588"},"modified":"2025-12-12T14:08:46","modified_gmt":"2025-12-12T14:08:46","slug":"epiforet-1-acquiert-une-nouvelle-foret-en-haute-vienne","status":"publish","type":"post","link":"https:\/\/www.rock-n-data.io\/fr\/epiforet-1-acquiert-une-nouvelle-foret-en-haute-vienne\/","title":{"rendered":"EPIFOR\u00caT 1 renforce son patrimoine forestier en Haute-Vienne"},"content":{"rendered":"\n<h2 class=\"wp-block-heading\"><strong>Nouvelle acquisition foresti\u00e8re du GFI EPIFOR\u00caT 1<\/strong><\/h2>\n\n\n\n<p>Le <strong>Groupement Forestier d\u2019Investissement (GFI) EPIFOR\u00caT 1<\/strong>, g\u00e9r\u00e9 par <strong>EPICUREAM<\/strong>, annonce l\u2019acquisition d\u2019un nouveau massif forestier situ\u00e9 en <strong>Haute-Vienne<\/strong>, au c\u0153ur du territoire des <strong>Monts de Blond<\/strong>. Cette op\u00e9ration s\u2019inscrit dans une dynamique coh\u00e9rente avec la politique d\u2019investissement du groupement, ax\u00e9e sur la <strong>s\u00e9lection rigoureuse des actifs forestiers<\/strong>, la <strong>diversification g\u00e9ographique<\/strong> et la recherche de <strong>peuplements de qualit\u00e9<\/strong>.<\/p>\n\n\n\n<p>Avec une superficie de <strong>plus de 23 hectares<\/strong>, cette for\u00eat constitue un ensemble <strong>d\u2019un seul tenant<\/strong>, un \u00e9l\u00e9ment structurant pour une gestion foresti\u00e8re organis\u00e9e et lisible sur le long terme. Situ\u00e9e \u00e0 <strong>36 kilom\u00e8tres au nord de Limoges<\/strong> et \u00e0 <strong>90 kilom\u00e8tres au sud-est de Poitiers<\/strong>, elle b\u00e9n\u00e9ficie d\u2019un contexte naturel favorable \u00e0 la production foresti\u00e8re.<\/p>\n\n\n\n<h2 class=\"wp-block-heading\"><strong>Une localisation propice \u00e0 la production foresti\u00e8re<\/strong><\/h2>\n\n\n\n<h3 class=\"wp-block-heading\"><strong>Un environnement naturel favorable<\/strong><\/h3>\n\n\n\n<p>La r\u00e9gion des Monts de Blond pr\u00e9sente des <strong>conditions p\u00e9doclimatiques adapt\u00e9es \u00e0 la croissance des arbres<\/strong>. Les pr\u00e9cipitations y sont <strong>bien r\u00e9parties sur l\u2019ensemble de l\u2019ann\u00e9e<\/strong>, contribuant \u00e0 une alimentation hydrique r\u00e9guli\u00e8re des sols. Ces caract\u00e9ristiques sont reconnues pour <strong>permettre le d\u00e9veloppement de peuplements forestiers vigoureux<\/strong>, notamment en mati\u00e8re de bois d\u2019\u0153uvre.<\/p>\n\n\n\n<p>Les sols profonds, dot\u00e9s d\u2019une <strong>bonne capacit\u00e9 de r\u00e9tention en eau<\/strong>, constituent un facteur d\u00e9terminant dans la qualit\u00e9 des peuplements observ\u00e9s sur ce massif.<\/p>\n\n\n\n<h3 class=\"wp-block-heading\"><strong>Une accessibilit\u00e9 ma\u00eetris\u00e9e<\/strong><\/h3>\n\n\n\n<p>L\u2019accessibilit\u00e9 du site repr\u00e9sente \u00e9galement un atout op\u00e9rationnel. La for\u00eat est desservie par :<\/p>\n\n\n\n<ul class=\"wp-block-list\">\n<li>De <strong>nombreux chemins forestiers<\/strong><\/li>\n\n\n\n<li>Une <strong>piste conduisant \u00e0 une place de d\u00e9p\u00f4t<\/strong><\/li>\n\n\n\n<li>Des infrastructures facilitant l\u2019<strong>exploitation raisonn\u00e9e<\/strong><\/li>\n<\/ul>\n\n\n\n<p>Ces \u00e9l\u00e9ments contribuent \u00e0 <strong>optimiser les interventions sylvicoles<\/strong> tout en limitant l\u2019impact sur les sols et les peuplements.<\/p>\n\n\n\n<h2 class=\"wp-block-heading\"><strong>Une composition foresti\u00e8re domin\u00e9e par le douglas<\/strong><\/h2>\n\n\n\n<h3 class=\"wp-block-heading\"><strong>Le douglas, essence centrale du massif<\/strong><\/h3>\n\n\n\n<p>La for\u00eat des Monts de Blond se caract\u00e9rise par une forte pr\u00e9sence de <strong>douglas<\/strong>, qui repr\u00e9sente <strong>68 % de la surface totale<\/strong>. Cette essence est appr\u00e9ci\u00e9e pour sa <strong>productivit\u00e9<\/strong>, sa <strong>vigueur<\/strong> et la <strong>qualit\u00e9 de son bois<\/strong>, particuli\u00e8rement recherch\u00e9e dans la fili\u00e8re bois d\u2019\u0153uvre.<\/p>\n\n\n\n<p>La r\u00e9partition des \u00e2ges t\u00e9moigne d\u2019un <strong>suivi sylvicole dynamique<\/strong> :<\/p>\n\n\n\n<ul class=\"wp-block-list\">\n<li><strong>60 % des douglas ont environ 22 ans<\/strong>, affichant une croissance soutenue<\/li>\n\n\n\n<li><strong>40 % ont plus de 35 ans<\/strong>, correspondant \u00e0 des peuplements matures de <strong>tr\u00e8s bonne qualit\u00e9<\/strong><\/li>\n<\/ul>\n\n\n\n<p>Cette structure d\u2019\u00e2ges diversifi\u00e9s permet d\u2019envisager une <strong>gestion progressive<\/strong>, en coh\u00e9rence avec les cycles forestiers.<\/p>\n\n\n\n<h3 class=\"wp-block-heading\"><strong>Une diversification compl\u00e9mentaire des essences<\/strong><\/h3>\n\n\n\n<p>Outre le douglas, le massif int\u00e8gre plusieurs autres essences, contribuant \u00e0 sa <strong>diversification biologique et sylvicole<\/strong> :<\/p>\n\n\n\n<ul class=\"wp-block-list\">\n<li>Une <strong>jeune plantation de pin laricio<\/strong><\/li>\n\n\n\n<li>Un <strong>jeune taillis de ch\u00e2taignier<\/strong><\/li>\n\n\n\n<li>Un <strong>taillis avec r\u00e9serves de ch\u00eane<\/strong><\/li>\n<\/ul>\n\n\n\n<p>Cette diversit\u00e9 permet de <strong>r\u00e9partir les risques naturels<\/strong>, tout en favorisant une meilleure adaptation du massif aux \u00e9volutions climatiques.<\/p>\n\n\n\n<h2 class=\"wp-block-heading\"><strong>Un cadre de gestion structur\u00e9 et durable<\/strong><\/h2>\n\n\n\n<h3 class=\"wp-block-heading\"><strong>Certification et document de gestion<\/strong><\/h3>\n\n\n\n<p>La for\u00eat b\u00e9n\u00e9ficie d\u2019une <strong>certification PEFC<\/strong>, attestant du respect de principes de <strong>gestion foresti\u00e8re durable<\/strong>. Elle est \u00e9galement couverte par un <strong>Plan Simple de Gestion<\/strong>, valable jusqu\u2019en <strong>2034<\/strong>, document essentiel pour encadrer les interventions sylvicoles, planifier les coupes et organiser les travaux forestiers.<\/p>\n\n\n\n<p>Ces outils permettent une <strong>vision de long terme<\/strong>, indispensable \u00e0 la coh\u00e9rence des choix de gestion foresti\u00e8re.<\/p>\n\n\n\n<h2 class=\"wp-block-heading\"><strong>Une acquisition en ad\u00e9quation avec la strat\u00e9gie d\u2019EPICUREAM<\/strong><\/h2>\n\n\n\n<h3 class=\"wp-block-heading\"><strong>Des crit\u00e8res d\u2019investissement s\u00e9lectifs<\/strong><\/h3>\n\n\n\n<p>Cette acquisition r\u00e9pond aux <strong>crit\u00e8res d\u00e9finis par le GFI EPIFOR\u00caT 1<\/strong>, notamment :<\/p>\n\n\n\n<ul class=\"wp-block-list\">\n<li>La <strong>diversification g\u00e9ographique<\/strong><\/li>\n\n\n\n<li>La <strong>diversification des essences<\/strong><\/li>\n\n\n\n<li>La s\u00e9lection de <strong>surfaces ma\u00eetris\u00e9es<\/strong><\/li>\n\n\n\n<li>Des <strong>stations favorables \u00e0 la croissance des arbres<\/strong><\/li>\n\n\n\n<li>Une <strong>qualit\u00e9 reconnue des bois<\/strong><\/li>\n<\/ul>\n\n\n\n<p>Ces crit\u00e8res visent \u00e0 <strong>permettre une gestion foresti\u00e8re coh\u00e9rente<\/strong>, adapt\u00e9e aux enjeux environnementaux et \u00e9conomiques actuels.<\/p>\n\n\n\n<h3 class=\"wp-block-heading\"><strong>Une vision patrimoniale \u00e0 long terme<\/strong><\/h3>\n\n\n\n<p>EPICUREAM est une soci\u00e9t\u00e9 de gestion sp\u00e9cialis\u00e9e dans les <strong>Groupements Forestiers d\u2019Investissement<\/strong>. Son approche repose sur la volont\u00e9 de proposer des solutions permettant de <strong>diversifier les allocations patrimoniales<\/strong>, tout en conservant une attention particuli\u00e8re port\u00e9e \u00e0 la <strong>performance financi\u00e8re sur le long terme<\/strong>.<\/p>\n\n\n\n<p>La s\u00e9lection des massifs s\u2019effectue dans un cadre exigeant, int\u00e9grant les \u00e9volutions climatiques et les sp\u00e9cificit\u00e9s locales des territoires forestiers.<\/p>\n\n\n\n<h2 class=\"wp-block-heading\"><strong>Tableau r\u00e9capitulatif de la for\u00eat des Monts de Blond<\/strong><\/h2>\n\n\n\n<figure class=\"wp-block-table\"><table class=\"has-fixed-layout\"><tbody><tr><td class=\"has-text-align-center\" data-align=\"center\"><strong>\u00c9l\u00e9ments<\/strong><\/td><td class=\"has-text-align-center\" data-align=\"center\"><strong>Description<\/strong><\/td><\/tr><tr><td class=\"has-text-align-center\" data-align=\"center\">Localisation<\/td><td class=\"has-text-align-center\" data-align=\"center\">Monts de Blond \u2013 Haute-Vienne (87)<\/td><\/tr><tr><td class=\"has-text-align-center\" data-align=\"center\">Superficie<\/td><td class=\"has-text-align-center\" data-align=\"center\">Plus de <strong>23 hectares<\/strong><\/td><\/tr><tr><td class=\"has-text-align-center\" data-align=\"center\">Continuit\u00e9 du massif<\/td><td class=\"has-text-align-center\" data-align=\"center\"><strong>D\u2019un seul tenant<\/strong><\/td><\/tr><tr><td class=\"has-text-align-center\" data-align=\"center\">Essence principale<\/td><td class=\"has-text-align-center\" data-align=\"center\"><strong>Douglas (68 %)<\/strong><\/td><\/tr><tr><td class=\"has-text-align-center\" data-align=\"center\">Autres essences<\/td><td class=\"has-text-align-center\" data-align=\"center\">Pin laricio, ch\u00e2taignier, ch\u00eane<\/td><\/tr><tr><td class=\"has-text-align-center\" data-align=\"center\">Certification<\/td><td class=\"has-text-align-center\" data-align=\"center\"><strong>PEFC<\/strong><\/td><\/tr><tr><td class=\"has-text-align-center\" data-align=\"center\">Document de gestion<\/td><td class=\"has-text-align-center\" data-align=\"center\"><strong>Plan Simple de Gestion jusqu\u2019en 2034<\/strong><\/td><\/tr><tr><td class=\"has-text-align-center\" data-align=\"center\">Accessibilit\u00e9<\/td><td class=\"has-text-align-center\" data-align=\"center\">Chemins forestiers et place de d\u00e9p\u00f4t<\/td><\/tr><\/tbody><\/table><\/figure>\n\n\n\n<h2 class=\"wp-block-heading\"><strong>L\u2019investissement forestier : un cadre sp\u00e9cifique<\/strong><\/h2>\n\n\n\n<p>L\u2019investissement dans un <strong>GFI<\/strong> comporte des risques, notamment un <strong>risque de perte en capital<\/strong>. Les r\u00e9sultats peuvent varier en fonction de nombreux param\u00e8tres, tels que les conditions climatiques, l\u2019\u00e9volution des march\u00e9s du bois ou encore les choix de gestion sylvicole.<\/p>\n\n\n\n<p>Dans ce contexte, la rigueur apport\u00e9e \u00e0 la s\u00e9lection des for\u00eats vise \u00e0 <strong>permettre une meilleure lisibilit\u00e9 du projet sur la dur\u00e9e<\/strong>, sans exclure les al\u00e9as propres \u00e0 l\u2019actif forestier.<\/p>\n\n\n\n<h2 class=\"wp-block-heading\"><strong>Un exemple concret de strat\u00e9gie foresti\u00e8re<\/strong><\/h2>\n\n\n\n<p>L\u2019acquisition de la for\u00eat des Monts de Blond illustre la philosophie du <strong>GFI EPIFOR\u00caT 1<\/strong> :<\/p>\n\n\n\n<ul class=\"wp-block-list\">\n<li>Privil\u00e9gier des <strong>massifs bien constitu\u00e9s<\/strong><\/li>\n\n\n\n<li>S\u00e9lectionner des <strong>essences adapt\u00e9es aux stations<\/strong><\/li>\n\n\n\n<li>S\u2019appuyer sur des <strong>outils de gestion durable<\/strong><\/li>\n\n\n\n<li>Maintenir une <strong>diversification raisonn\u00e9e<\/strong><\/li>\n<\/ul>\n\n\n\n<p>Cet exemple met en lumi\u00e8re la mani\u00e8re dont la <strong>gestion foresti\u00e8re<\/strong> peut s\u2019int\u00e9grer dans une approche patrimoniale structur\u00e9e, conciliant <strong>enjeux \u00e9conomiques<\/strong>, <strong>sylvicoles<\/strong> et <strong>environnementaux<\/strong>.<\/p>\n\n\n\n<p>A lire \u00e9galement : <a href=\"https:\/\/www.rock-n-data.io\/fr\/scpi-telamon-borea-un-rendement-moyen-vise-de-9-pourcent\/\">SCPI Telamon Borea : une rentabilit\u00e9 estim\u00e9e \u00e0 9 % en 2025<\/a><\/p>\n","protected":false},"excerpt":{"rendered":"<p>Nouvelle acquisition foresti\u00e8re du GFI EPIFOR\u00caT 1 Le Groupement Forestier d\u2019Investissement (GFI) EPIFOR\u00caT 1, g\u00e9r\u00e9 par EPICUREAM, annonce l\u2019acquisition d\u2019un nouveau massif forestier situ\u00e9 en Haute-Vienne, au c\u0153ur du territoire des Monts de Blond. Cette op\u00e9ration s\u2019inscrit dans une dynamique coh\u00e9rente avec la politique d\u2019investissement du groupement, ax\u00e9e sur la s\u00e9lection rigoureuse des actifs forestiers, [&hellip;]<\/p>\n","protected":false},"author":6,"featured_media":6589,"comment_status":"closed","ping_status":"closed","sticky":false,"template":"","format":"standard","meta":{"_acf_changed":false,"inline_featured_image":false,"footnotes":""},"categories":[74],"tags":[570,1265,1262,1264,1176,1186],"class_list":["post-6588","post","type-post","status-publish","format-standard","has-post-thumbnail","hentry","category-investissement","tag-epicuream","tag-foret-certifiee-pefc","tag-gfi-epiforet-1","tag-haute-vienne","tag-investissement-forestier","tag-sylviculture-durable","post-wrapper"],"acf":[],"yoast_head":"<!-- This site is optimized with the Yoast SEO plugin v27.5 - https:\/\/yoast.com\/product\/yoast-seo-wordpress\/ -->\n<title>EPIFOR\u00caT 1 acquiert une nouvelle for\u00eat en Haute-Vienne<\/title>\n<meta name=\"description\" content=\"EPIFOR\u00caT 1 renforce son patrimoine avec l\u2019acquisition d\u2019une for\u00eat certifi\u00e9e PEFC de 23 hectares en Haute-Vienne.\" \/>\n<meta name=\"robots\" content=\"index, follow, max-snippet:-1, max-image-preview:large, max-video-preview:-1\" \/>\n<link rel=\"canonical\" href=\"https:\/\/www.rock-n-data.io\/fr\/epiforet-1-acquiert-une-nouvelle-foret-en-haute-vienne\/\" \/>\n<meta property=\"og:locale\" content=\"fr_FR\" \/>\n<meta property=\"og:type\" content=\"article\" \/>\n<meta property=\"og:title\" content=\"EPIFOR\u00caT 1 acquiert une nouvelle for\u00eat en Haute-Vienne\" \/>\n<meta property=\"og:description\" content=\"EPIFOR\u00caT 1 renforce son patrimoine avec l\u2019acquisition d\u2019une for\u00eat certifi\u00e9e PEFC de 23 hectares en Haute-Vienne.\" \/>\n<meta property=\"og:url\" content=\"https:\/\/www.rock-n-data.io\/fr\/epiforet-1-acquiert-une-nouvelle-foret-en-haute-vienne\/\" \/>\n<meta property=\"og:site_name\" content=\"Rock &amp; DATA\" \/>\n<meta property=\"article:published_time\" content=\"2025-12-12T14:08:40+00:00\" \/>\n<meta property=\"article:modified_time\" content=\"2025-12-12T14:08:46+00:00\" \/>\n<meta property=\"og:image\" content=\"https:\/\/www.rock-n-data.io\/wp-content\/uploads\/2025\/12\/article-2.jpg\" \/>\n\t<meta property=\"og:image:width\" content=\"474\" \/>\n\t<meta property=\"og:image:height\" content=\"452\" \/>\n\t<meta property=\"og:image:type\" content=\"image\/jpeg\" \/>\n<meta name=\"author\" content=\"Rock &amp; DATA\" \/>\n<meta name=\"twitter:card\" content=\"summary_large_image\" \/>\n<meta name=\"twitter:label1\" content=\"\u00c9crit par\" \/>\n\t<meta name=\"twitter:data1\" content=\"Rock &amp; DATA\" \/>\n\t<meta name=\"twitter:label2\" content=\"Dur\u00e9e de lecture estim\u00e9e\" \/>\n\t<meta name=\"twitter:data2\" content=\"4 minutes\" \/>\n<script type=\"application\/ld+json\" class=\"yoast-schema-graph\">{\"@context\":\"https:\\\/\\\/schema.org\",\"@graph\":[{\"@type\":\"Article\",\"@id\":\"https:\\\/\\\/www.rock-n-data.io\\\/fr\\\/epiforet-1-acquiert-une-nouvelle-foret-en-haute-vienne\\\/#article\",\"isPartOf\":{\"@id\":\"https:\\\/\\\/www.rock-n-data.io\\\/fr\\\/epiforet-1-acquiert-une-nouvelle-foret-en-haute-vienne\\\/\"},\"author\":{\"name\":\"Rock &amp; DATA\",\"@id\":\"https:\\\/\\\/www.rock-n-data.io\\\/fr\\\/#\\\/schema\\\/person\\\/9bc10987a0538f4580eb261ee8bb3257\"},\"headline\":\"EPIFOR\u00caT 1 renforce son patrimoine forestier en Haute-Vienne\",\"datePublished\":\"2025-12-12T14:08:40+00:00\",\"dateModified\":\"2025-12-12T14:08:46+00:00\",\"mainEntityOfPage\":{\"@id\":\"https:\\\/\\\/www.rock-n-data.io\\\/fr\\\/epiforet-1-acquiert-une-nouvelle-foret-en-haute-vienne\\\/\"},\"wordCount\":973,\"image\":{\"@id\":\"https:\\\/\\\/www.rock-n-data.io\\\/fr\\\/epiforet-1-acquiert-une-nouvelle-foret-en-haute-vienne\\\/#primaryimage\"},\"thumbnailUrl\":\"https:\\\/\\\/www.rock-n-data.io\\\/wp-content\\\/uploads\\\/2025\\\/12\\\/article-2.jpg\",\"keywords\":[\"EPICUREAM\",\"for\u00eat certifi\u00e9e PEFC\",\"GFI EPIFOR\u00caT 1\",\"Haute-Vienne\",\"investissement forestier\",\"sylviculture durable\"],\"articleSection\":[\"Investissement\"],\"inLanguage\":\"fr-FR\"},{\"@type\":\"WebPage\",\"@id\":\"https:\\\/\\\/www.rock-n-data.io\\\/fr\\\/epiforet-1-acquiert-une-nouvelle-foret-en-haute-vienne\\\/\",\"url\":\"https:\\\/\\\/www.rock-n-data.io\\\/fr\\\/epiforet-1-acquiert-une-nouvelle-foret-en-haute-vienne\\\/\",\"name\":\"EPIFOR\u00caT 1 acquiert une nouvelle for\u00eat en Haute-Vienne\",\"isPartOf\":{\"@id\":\"https:\\\/\\\/www.rock-n-data.io\\\/fr\\\/#website\"},\"primaryImageOfPage\":{\"@id\":\"https:\\\/\\\/www.rock-n-data.io\\\/fr\\\/epiforet-1-acquiert-une-nouvelle-foret-en-haute-vienne\\\/#primaryimage\"},\"image\":{\"@id\":\"https:\\\/\\\/www.rock-n-data.io\\\/fr\\\/epiforet-1-acquiert-une-nouvelle-foret-en-haute-vienne\\\/#primaryimage\"},\"thumbnailUrl\":\"https:\\\/\\\/www.rock-n-data.io\\\/wp-content\\\/uploads\\\/2025\\\/12\\\/article-2.jpg\",\"datePublished\":\"2025-12-12T14:08:40+00:00\",\"dateModified\":\"2025-12-12T14:08:46+00:00\",\"author\":{\"@id\":\"https:\\\/\\\/www.rock-n-data.io\\\/fr\\\/#\\\/schema\\\/person\\\/9bc10987a0538f4580eb261ee8bb3257\"},\"description\":\"EPIFOR\u00caT 1 renforce son patrimoine avec l\u2019acquisition d\u2019une for\u00eat certifi\u00e9e PEFC de 23 hectares en Haute-Vienne.\",\"breadcrumb\":{\"@id\":\"https:\\\/\\\/www.rock-n-data.io\\\/fr\\\/epiforet-1-acquiert-une-nouvelle-foret-en-haute-vienne\\\/#breadcrumb\"},\"inLanguage\":\"fr-FR\",\"potentialAction\":[{\"@type\":\"ReadAction\",\"target\":[\"https:\\\/\\\/www.rock-n-data.io\\\/fr\\\/epiforet-1-acquiert-une-nouvelle-foret-en-haute-vienne\\\/\"]}]},{\"@type\":\"ImageObject\",\"inLanguage\":\"fr-FR\",\"@id\":\"https:\\\/\\\/www.rock-n-data.io\\\/fr\\\/epiforet-1-acquiert-une-nouvelle-foret-en-haute-vienne\\\/#primaryimage\",\"url\":\"https:\\\/\\\/www.rock-n-data.io\\\/wp-content\\\/uploads\\\/2025\\\/12\\\/article-2.jpg\",\"contentUrl\":\"https:\\\/\\\/www.rock-n-data.io\\\/wp-content\\\/uploads\\\/2025\\\/12\\\/article-2.jpg\",\"width\":474,\"height\":452},{\"@type\":\"BreadcrumbList\",\"@id\":\"https:\\\/\\\/www.rock-n-data.io\\\/fr\\\/epiforet-1-acquiert-une-nouvelle-foret-en-haute-vienne\\\/#breadcrumb\",\"itemListElement\":[{\"@type\":\"ListItem\",\"position\":1,\"name\":\"Home\",\"item\":\"https:\\\/\\\/www.rock-n-data.io\\\/fr\\\/\"},{\"@type\":\"ListItem\",\"position\":2,\"name\":\"EPIFOR\u00caT 1 renforce son patrimoine forestier en Haute-Vienne\"}]},{\"@type\":\"WebSite\",\"@id\":\"https:\\\/\\\/www.rock-n-data.io\\\/fr\\\/#website\",\"url\":\"https:\\\/\\\/www.rock-n-data.io\\\/fr\\\/\",\"name\":\"Rock &amp; DATA\",\"description\":\"When data meets commercial real estate investment\",\"potentialAction\":[{\"@type\":\"SearchAction\",\"target\":{\"@type\":\"EntryPoint\",\"urlTemplate\":\"https:\\\/\\\/www.rock-n-data.io\\\/fr\\\/?s={search_term_string}\"},\"query-input\":{\"@type\":\"PropertyValueSpecification\",\"valueRequired\":true,\"valueName\":\"search_term_string\"}}],\"inLanguage\":\"fr-FR\"},{\"@type\":\"Person\",\"@id\":\"https:\\\/\\\/www.rock-n-data.io\\\/fr\\\/#\\\/schema\\\/person\\\/9bc10987a0538f4580eb261ee8bb3257\",\"name\":\"Rock &amp; DATA\",\"image\":{\"@type\":\"ImageObject\",\"inLanguage\":\"fr-FR\",\"@id\":\"https:\\\/\\\/secure.gravatar.com\\\/avatar\\\/b94d4fc7b613a57715e272f17d430c39f49617a953e6b09d5da69b3774d096c0?s=96&d=mm&r=g\",\"url\":\"https:\\\/\\\/secure.gravatar.com\\\/avatar\\\/b94d4fc7b613a57715e272f17d430c39f49617a953e6b09d5da69b3774d096c0?s=96&d=mm&r=g\",\"contentUrl\":\"https:\\\/\\\/secure.gravatar.com\\\/avatar\\\/b94d4fc7b613a57715e272f17d430c39f49617a953e6b09d5da69b3774d096c0?s=96&d=mm&r=g\",\"caption\":\"Rock &amp; DATA\"},\"url\":\"https:\\\/\\\/www.rock-n-data.io\\\/fr\\\/author\\\/contact\\\/\"}]}<\/script>\n<!-- \/ Yoast SEO plugin. -->","yoast_head_json":{"title":"EPIFOR\u00caT 1 acquiert une nouvelle for\u00eat en Haute-Vienne","description":"EPIFOR\u00caT 1 renforce son patrimoine avec l\u2019acquisition d\u2019une for\u00eat certifi\u00e9e PEFC de 23 hectares en Haute-Vienne.","robots":{"index":"index","follow":"follow","max-snippet":"max-snippet:-1","max-image-preview":"max-image-preview:large","max-video-preview":"max-video-preview:-1"},"canonical":"https:\/\/www.rock-n-data.io\/fr\/epiforet-1-acquiert-une-nouvelle-foret-en-haute-vienne\/","og_locale":"fr_FR","og_type":"article","og_title":"EPIFOR\u00caT 1 acquiert une nouvelle for\u00eat en Haute-Vienne","og_description":"EPIFOR\u00caT 1 renforce son patrimoine avec l\u2019acquisition d\u2019une for\u00eat certifi\u00e9e PEFC de 23 hectares en Haute-Vienne.","og_url":"https:\/\/www.rock-n-data.io\/fr\/epiforet-1-acquiert-une-nouvelle-foret-en-haute-vienne\/","og_site_name":"Rock &amp; DATA","article_published_time":"2025-12-12T14:08:40+00:00","article_modified_time":"2025-12-12T14:08:46+00:00","og_image":[{"width":474,"height":452,"url":"https:\/\/www.rock-n-data.io\/wp-content\/uploads\/2025\/12\/article-2.jpg","type":"image\/jpeg"}],"author":"Rock &amp; DATA","twitter_card":"summary_large_image","twitter_misc":{"\u00c9crit par":"Rock &amp; DATA","Dur\u00e9e de lecture estim\u00e9e":"4 minutes"},"schema":{"@context":"https:\/\/schema.org","@graph":[{"@type":"Article","@id":"https:\/\/www.rock-n-data.io\/fr\/epiforet-1-acquiert-une-nouvelle-foret-en-haute-vienne\/#article","isPartOf":{"@id":"https:\/\/www.rock-n-data.io\/fr\/epiforet-1-acquiert-une-nouvelle-foret-en-haute-vienne\/"},"author":{"name":"Rock &amp; DATA","@id":"https:\/\/www.rock-n-data.io\/fr\/#\/schema\/person\/9bc10987a0538f4580eb261ee8bb3257"},"headline":"EPIFOR\u00caT 1 renforce son patrimoine forestier en Haute-Vienne","datePublished":"2025-12-12T14:08:40+00:00","dateModified":"2025-12-12T14:08:46+00:00","mainEntityOfPage":{"@id":"https:\/\/www.rock-n-data.io\/fr\/epiforet-1-acquiert-une-nouvelle-foret-en-haute-vienne\/"},"wordCount":973,"image":{"@id":"https:\/\/www.rock-n-data.io\/fr\/epiforet-1-acquiert-une-nouvelle-foret-en-haute-vienne\/#primaryimage"},"thumbnailUrl":"https:\/\/www.rock-n-data.io\/wp-content\/uploads\/2025\/12\/article-2.jpg","keywords":["EPICUREAM","for\u00eat certifi\u00e9e PEFC","GFI EPIFOR\u00caT 1","Haute-Vienne","investissement forestier","sylviculture durable"],"articleSection":["Investissement"],"inLanguage":"fr-FR"},{"@type":"WebPage","@id":"https:\/\/www.rock-n-data.io\/fr\/epiforet-1-acquiert-une-nouvelle-foret-en-haute-vienne\/","url":"https:\/\/www.rock-n-data.io\/fr\/epiforet-1-acquiert-une-nouvelle-foret-en-haute-vienne\/","name":"EPIFOR\u00caT 1 acquiert une nouvelle for\u00eat en Haute-Vienne","isPartOf":{"@id":"https:\/\/www.rock-n-data.io\/fr\/#website"},"primaryImageOfPage":{"@id":"https:\/\/www.rock-n-data.io\/fr\/epiforet-1-acquiert-une-nouvelle-foret-en-haute-vienne\/#primaryimage"},"image":{"@id":"https:\/\/www.rock-n-data.io\/fr\/epiforet-1-acquiert-une-nouvelle-foret-en-haute-vienne\/#primaryimage"},"thumbnailUrl":"https:\/\/www.rock-n-data.io\/wp-content\/uploads\/2025\/12\/article-2.jpg","datePublished":"2025-12-12T14:08:40+00:00","dateModified":"2025-12-12T14:08:46+00:00","author":{"@id":"https:\/\/www.rock-n-data.io\/fr\/#\/schema\/person\/9bc10987a0538f4580eb261ee8bb3257"},"description":"EPIFOR\u00caT 1 renforce son patrimoine avec l\u2019acquisition d\u2019une for\u00eat certifi\u00e9e PEFC de 23 hectares en Haute-Vienne.","breadcrumb":{"@id":"https:\/\/www.rock-n-data.io\/fr\/epiforet-1-acquiert-une-nouvelle-foret-en-haute-vienne\/#breadcrumb"},"inLanguage":"fr-FR","potentialAction":[{"@type":"ReadAction","target":["https:\/\/www.rock-n-data.io\/fr\/epiforet-1-acquiert-une-nouvelle-foret-en-haute-vienne\/"]}]},{"@type":"ImageObject","inLanguage":"fr-FR","@id":"https:\/\/www.rock-n-data.io\/fr\/epiforet-1-acquiert-une-nouvelle-foret-en-haute-vienne\/#primaryimage","url":"https:\/\/www.rock-n-data.io\/wp-content\/uploads\/2025\/12\/article-2.jpg","contentUrl":"https:\/\/www.rock-n-data.io\/wp-content\/uploads\/2025\/12\/article-2.jpg","width":474,"height":452},{"@type":"BreadcrumbList","@id":"https:\/\/www.rock-n-data.io\/fr\/epiforet-1-acquiert-une-nouvelle-foret-en-haute-vienne\/#breadcrumb","itemListElement":[{"@type":"ListItem","position":1,"name":"Home","item":"https:\/\/www.rock-n-data.io\/fr\/"},{"@type":"ListItem","position":2,"name":"EPIFOR\u00caT 1 renforce son patrimoine forestier en Haute-Vienne"}]},{"@type":"WebSite","@id":"https:\/\/www.rock-n-data.io\/fr\/#website","url":"https:\/\/www.rock-n-data.io\/fr\/","name":"Rock &amp; DATA","description":"When data meets commercial real estate investment","potentialAction":[{"@type":"SearchAction","target":{"@type":"EntryPoint","urlTemplate":"https:\/\/www.rock-n-data.io\/fr\/?s={search_term_string}"},"query-input":{"@type":"PropertyValueSpecification","valueRequired":true,"valueName":"search_term_string"}}],"inLanguage":"fr-FR"},{"@type":"Person","@id":"https:\/\/www.rock-n-data.io\/fr\/#\/schema\/person\/9bc10987a0538f4580eb261ee8bb3257","name":"Rock &amp; DATA","image":{"@type":"ImageObject","inLanguage":"fr-FR","@id":"https:\/\/secure.gravatar.com\/avatar\/b94d4fc7b613a57715e272f17d430c39f49617a953e6b09d5da69b3774d096c0?s=96&d=mm&r=g","url":"https:\/\/secure.gravatar.com\/avatar\/b94d4fc7b613a57715e272f17d430c39f49617a953e6b09d5da69b3774d096c0?s=96&d=mm&r=g","contentUrl":"https:\/\/secure.gravatar.com\/avatar\/b94d4fc7b613a57715e272f17d430c39f49617a953e6b09d5da69b3774d096c0?s=96&d=mm&r=g","caption":"Rock &amp; DATA"},"url":"https:\/\/www.rock-n-data.io\/fr\/author\/contact\/"}]}},"_links":{"self":[{"href":"https:\/\/www.rock-n-data.io\/fr\/wp-json\/wp\/v2\/posts\/6588","targetHints":{"allow":["GET"]}}],"collection":[{"href":"https:\/\/www.rock-n-data.io\/fr\/wp-json\/wp\/v2\/posts"}],"about":[{"href":"https:\/\/www.rock-n-data.io\/fr\/wp-json\/wp\/v2\/types\/post"}],"author":[{"embeddable":true,"href":"https:\/\/www.rock-n-data.io\/fr\/wp-json\/wp\/v2\/users\/6"}],"replies":[{"embeddable":true,"href":"https:\/\/www.rock-n-data.io\/fr\/wp-json\/wp\/v2\/comments?post=6588"}],"version-history":[{"count":0,"href":"https:\/\/www.rock-n-data.io\/fr\/wp-json\/wp\/v2\/posts\/6588\/revisions"}],"wp:featuredmedia":[{"embeddable":true,"href":"https:\/\/www.rock-n-data.io\/fr\/wp-json\/wp\/v2\/media\/6589"}],"wp:attachment":[{"href":"https:\/\/www.rock-n-data.io\/fr\/wp-json\/wp\/v2\/media?parent=6588"}],"wp:term":[{"taxonomy":"category","embeddable":true,"href":"https:\/\/www.rock-n-data.io\/fr\/wp-json\/wp\/v2\/categories?post=6588"},{"taxonomy":"post_tag","embeddable":true,"href":"https:\/\/www.rock-n-data.io\/fr\/wp-json\/wp\/v2\/tags?post=6588"}],"curies":[{"name":"wp","href":"https:\/\/api.w.org\/{rel}","templated":true}]}}