{"id":7442,"date":"2026-09-01T10:02:17","date_gmt":"2026-09-01T10:02:17","guid":{"rendered":"https:\/\/www.rock-n-data.io\/?p=7442"},"modified":"2026-09-01T10:02:22","modified_gmt":"2026-09-01T10:02:22","slug":"scpi-patrimmo-croissance-impact-bilan-chiffre-du-2t-2026","status":"publish","type":"post","link":"https:\/\/www.rock-n-data.io\/fr\/scpi-patrimmo-croissance-impact-bilan-chiffre-du-2t-2026\/","title":{"rendered":"SCPI Patrimmo Croissance Impact : 162 M\u20ac de capitalisation au 30 juin 2026"},"content":{"rendered":"\n<p class=\"wp-block-paragraph\">Praemia REIM France a publi\u00e9 le bulletin trimestriel d'information de la <strong>SCPI <a href=\"https:\/\/www.meilleurescpi.com\/scpi\/scpi-de-rendement\/f166-scpi-patrimmo-croissance\/\">Patrimmo Croissance Impact<\/a><\/strong> pour le deuxi\u00e8me trimestre 2026. Le document couvre la p\u00e9riode du 1er avril au 30 juin 2026 et reste valable sur le troisi\u00e8me trimestre. Deux informations dominent ce bulletin : une <strong>valeur de r\u00e9alisation de 578,14 \u20ac<\/strong> au 30 juin 2026, et la suspension de la variabilit\u00e9 du capital d\u00e9cid\u00e9e par l'assembl\u00e9e g\u00e9n\u00e9rale du 24 juin 2026. Cette seconde d\u00e9cision modifie en profondeur la fa\u00e7on dont les parts s'\u00e9changent.<\/p>\n\n\n\n<h2 class=\"wp-block-heading\"><strong>Une SCPI r\u00e9sidentielle investi en nue-propri\u00e9t\u00e9<\/strong><\/h2>\n\n\n\n<p class=\"wp-block-paragraph\">Patrimmo Croissance Impact est une SCPI de rendement d'un genre particulier. Cr\u00e9\u00e9e le 12 ao\u00fbt 2014 et g\u00e9r\u00e9e par Praemia REIM France, elle acquiert des logements en <strong>nue-propri\u00e9t\u00e9<\/strong>, c'est-\u00e0-dire sans percevoir les loyers pendant la dur\u00e9e du d\u00e9membrement. L'usufruit est c\u00e9d\u00e9 \u00e0 un bailleur institutionnel, souvent un bailleur social, pour une p\u00e9riode de quinze \u00e0 vingt ans.<\/p>\n\n\n\n<p class=\"wp-block-paragraph\">Cons\u00e9quence directe : la SCPI ne verse aucun dividende. Le taux de distribution 2025 est donc mentionn\u00e9 comme non applicable dans le bulletin, tout comme la part de revenus non r\u00e9currents. La cr\u00e9ation de valeur repose uniquement sur le <strong>remembrement de la propri\u00e9t\u00e9<\/strong>, ce m\u00e9canisme par lequel la nue-propri\u00e9t\u00e9 se rapproche progressivement de la pleine propri\u00e9t\u00e9 \u00e0 mesure que l'usufruit s'\u00e9teint.<\/p>\n\n\n\n<p class=\"wp-block-paragraph\">La soci\u00e9t\u00e9 de gestion rappelle un ordre de grandeur utile : en l'absence d'acquisition ou de cession, la valeur de r\u00e9alisation a vocation \u00e0 progresser d'environ <strong>3 % par an<\/strong> sous le seul effet du remembrement. \u00c0 ces 3 % s'ajoute, ou se retranche, la performance du march\u00e9 r\u00e9sidentiel.<\/p>\n\n\n\n<h2 class=\"wp-block-heading\"><strong>Chiffres cl\u00e9s du bulletin trimestriel 2T 2026<\/strong><\/h2>\n\n\n\n<figure class=\"wp-block-table\"><table class=\"has-fixed-layout\"><tbody><tr><td class=\"has-text-align-center\" data-align=\"center\"><strong>Indicateur<\/strong><\/td><td class=\"has-text-align-center\" data-align=\"center\"><strong>Valeur au 30\/06\/2026<\/strong><\/td><\/tr><tr><td class=\"has-text-align-center\" data-align=\"center\">Valeur de r\u00e9alisation<\/td><td class=\"has-text-align-center\" data-align=\"center\">578,14 \u20ac<\/td><\/tr><tr><td class=\"has-text-align-center\" data-align=\"center\">Valeur de reconstitution<\/td><td class=\"has-text-align-center\" data-align=\"center\">702,57 \u20ac<\/td><\/tr><tr><td class=\"has-text-align-center\" data-align=\"center\">Valeur IFI indicative 2025 (r\u00e9sidents)<\/td><td class=\"has-text-align-center\" data-align=\"center\">595,71 \u20ac<\/td><\/tr><tr><td class=\"has-text-align-center\" data-align=\"center\">Valeur IFI indicative 2025 (non-r\u00e9sidents)<\/td><td class=\"has-text-align-center\" data-align=\"center\">590,44 \u20ac<\/td><\/tr><tr><td class=\"has-text-align-center\" data-align=\"center\">Performance globale annuelle 2025<\/td><td class=\"has-text-align-center\" data-align=\"center\">-7,68 %<\/td><\/tr><tr><td class=\"has-text-align-center\" data-align=\"center\">Taux de distribution 2025<\/td><td class=\"has-text-align-center\" data-align=\"center\">Non applicable<\/td><\/tr><tr><td class=\"has-text-align-center\" data-align=\"center\">Capitalisation<\/td><td class=\"has-text-align-center\" data-align=\"center\">162,0 M\u20ac<\/td><\/tr><tr><td class=\"has-text-align-center\" data-align=\"center\">Nombre d'associ\u00e9s<\/td><td class=\"has-text-align-center\" data-align=\"center\">1 880<\/td><\/tr><tr><td class=\"has-text-align-center\" data-align=\"center\">Nombre de parts<\/td><td class=\"has-text-align-center\" data-align=\"center\">280 192<\/td><\/tr><tr><td class=\"has-text-align-center\" data-align=\"center\">Nombre d'immeubles<\/td><td class=\"has-text-align-center\" data-align=\"center\">64<\/td><\/tr><tr><td class=\"has-text-align-center\" data-align=\"center\">Nombre de lots<\/td><td class=\"has-text-align-center\" data-align=\"center\">511<\/td><\/tr><tr><td class=\"has-text-align-center\" data-align=\"center\">Surface g\u00e9r\u00e9e<\/td><td class=\"has-text-align-center\" data-align=\"center\">34 674 m\u00b2<\/td><\/tr><tr><td class=\"has-text-align-center\" data-align=\"center\">Tr\u00e9sorerie directe<\/td><td class=\"has-text-align-center\" data-align=\"center\">19 983 \u20ac<\/td><\/tr><tr><td class=\"has-text-align-center\" data-align=\"center\">Ratio de dettes et autres engagements<\/td><td class=\"has-text-align-center\" data-align=\"center\">6,4 %<\/td><\/tr><tr><td class=\"has-text-align-center\" data-align=\"center\">Effet de levier<\/td><td class=\"has-text-align-center\" data-align=\"center\">1,1<\/td><\/tr><\/tbody><\/table><\/figure>\n\n\n\n<p class=\"wp-block-paragraph\">La performance globale annuelle 2025 de <strong>-7,68 %<\/strong> m\u00e9rite une lecture attentive. Cet indicateur additionne le taux de distribution de l'ann\u00e9e et la variation du prix de souscription entre deux 1er janvier. Comme la SCPI ne distribue rien, la totalit\u00e9 du r\u00e9sultat provient de la baisse du prix de souscription intervenue sur l'exercice 2025. Cette mesure diff\u00e8re de la valeur de r\u00e9alisation, qui a de son c\u00f4t\u00e9 progress\u00e9 sur la m\u00eame p\u00e9riode. Les performances pass\u00e9es ne pr\u00e9jugent pas des performances futures.<\/p>\n\n\n\n<h2 class=\"wp-block-heading\"><strong>Valeur de r\u00e9alisation : une progression contenue au premier semestre<\/strong><\/h2>\n\n\n\n<p class=\"wp-block-paragraph\">Au 30 juin 2026, l'actualisation des expertises immobili\u00e8res fait ressortir une <strong>hausse de 0,9 % de la valeur globale du patrimoine<\/strong> sur le premier semestre, et de 1,9 % sur douze mois. L'effet positif du remembrement a donc \u00e9t\u00e9 absorb\u00e9 en partie par un l\u00e9ger recul des valeurs d'expertise.<\/p>\n\n\n\n<p class=\"wp-block-paragraph\">Le contexte d\u00e9crit par la soci\u00e9t\u00e9 de gestion explique cette compensation. Le conflit d\u00e9clench\u00e9 au Moyen-Orient fin f\u00e9vrier 2026 a aliment\u00e9 la volatilit\u00e9 des march\u00e9s financiers et la remont\u00e9e de l'inflation. La Banque centrale europ\u00e9enne a relev\u00e9 ses taux directeurs de <strong>25 points de base le 11 juin 2026<\/strong>. Sur le march\u00e9 immobilier, cet environnement se traduit par de l'attentisme et une s\u00e9lectivit\u00e9 renforc\u00e9e des investisseurs.<\/p>\n\n\n\n<h3 class=\"wp-block-heading\"><strong>Historique des valeurs de r\u00e9alisation depuis 2015<\/strong><\/h3>\n\n\n\n<figure class=\"wp-block-table\"><table class=\"has-fixed-layout\"><tbody><tr><td class=\"has-text-align-center\" data-align=\"center\"><strong>Ann\u00e9e<\/strong><\/td><td class=\"has-text-align-center\" data-align=\"center\"><strong>Valeur de r\u00e9alisation<\/strong><\/td><\/tr><tr><td class=\"has-text-align-center\" data-align=\"center\">2015<\/td><td class=\"has-text-align-center\" data-align=\"center\">454,10 \u20ac<\/td><\/tr><tr><td class=\"has-text-align-center\" data-align=\"center\">2016<\/td><td class=\"has-text-align-center\" data-align=\"center\">468,47 \u20ac<\/td><\/tr><tr><td class=\"has-text-align-center\" data-align=\"center\">2017<\/td><td class=\"has-text-align-center\" data-align=\"center\">485,53 \u20ac<\/td><\/tr><tr><td class=\"has-text-align-center\" data-align=\"center\">2018<\/td><td class=\"has-text-align-center\" data-align=\"center\">509,45 \u20ac<\/td><\/tr><tr><td class=\"has-text-align-center\" data-align=\"center\">2019<\/td><td class=\"has-text-align-center\" data-align=\"center\">525,29 \u20ac<\/td><\/tr><tr><td class=\"has-text-align-center\" data-align=\"center\">2020<\/td><td class=\"has-text-align-center\" data-align=\"center\">557,99 \u20ac<\/td><\/tr><tr><td class=\"has-text-align-center\" data-align=\"center\">2021<\/td><td class=\"has-text-align-center\" data-align=\"center\">597,86 \u20ac<\/td><\/tr><tr><td class=\"has-text-align-center\" data-align=\"center\">2022<\/td><td class=\"has-text-align-center\" data-align=\"center\">613,91 \u20ac<\/td><\/tr><tr><td class=\"has-text-align-center\" data-align=\"center\">2023<\/td><td class=\"has-text-align-center\" data-align=\"center\">587,40 \u20ac<\/td><\/tr><tr><td class=\"has-text-align-center\" data-align=\"center\">2024<\/td><td class=\"has-text-align-center\" data-align=\"center\">566,77 \u20ac<\/td><\/tr><tr><td class=\"has-text-align-center\" data-align=\"center\">2025<\/td><td class=\"has-text-align-center\" data-align=\"center\">576,10 \u20ac<\/td><\/tr><tr><td class=\"has-text-align-center\" data-align=\"center\">Juin 2026<\/td><td class=\"has-text-align-center\" data-align=\"center\">578,14 \u20ac<\/td><\/tr><\/tbody><\/table><\/figure>\n\n\n\n<p class=\"wp-block-paragraph\">La s\u00e9rie montre une progression r\u00e9guli\u00e8re jusqu'au pic de 613,91 \u20ac en 2022, puis un repli sur 2023 et 2024 qui correspond \u00e0 la correction du march\u00e9 immobilier fran\u00e7ais. Le redressement engag\u00e9 en 2025 se poursuit \u00e0 un rythme mod\u00e9r\u00e9.<\/p>\n\n\n\n<h2 class=\"wp-block-heading\"><strong>Suspension de la variabilit\u00e9 du capital : ce qui change concr\u00e8tement<\/strong><\/h2>\n\n\n\n<p class=\"wp-block-paragraph\">L'assembl\u00e9e g\u00e9n\u00e9rale extraordinaire du 24 juin 2026 a introduit la facult\u00e9 de suspendre temporairement la variabilit\u00e9 du capital, puis a d\u00e9cid\u00e9 de l'appliquer imm\u00e9diatement. La mesure r\u00e9pond \u00e0 une demande de liquidit\u00e9 croissante des associ\u00e9s : les parts en attente de retrait d\u00e9passent <strong>10 % du capital sur douze mois<\/strong>. Elle est pr\u00e9sent\u00e9e comme temporaire et r\u00e9versible.<\/p>\n\n\n\n<p class=\"wp-block-paragraph\">Les effets sont imm\u00e9diats :<\/p>\n\n\n\n<ul class=\"wp-block-list\">\n<li>annulation des demandes de souscription et des demandes de retrait inscrites sur les registres,<\/li>\n\n\n\n<li>passage des \u00e9changes de parts sur le <strong>march\u00e9 secondaire<\/strong>, par confrontation des ordres d'achat et de vente,<\/li>\n\n\n\n<li>disparition du prix de souscription et du prix d'ex\u00e9cution au 30 juin 2026, la derni\u00e8re valeur de r\u00e9alisation connue servant d\u00e9sormais de r\u00e9f\u00e9rence,<\/li>\n\n\n\n<li>capitalisation recalcul\u00e9e sur cette base, soit 162,0 M\u20ac.<\/li>\n<\/ul>\n\n\n\n<p class=\"wp-block-paragraph\">Le capital social a par ailleurs \u00e9t\u00e9 port\u00e9 \u00e0 <strong>2 801 920 \u20ac<\/strong> au 30 juin 2026, contre 280 192 \u20ac au 31 d\u00e9cembre 2025, par augmentation de la valeur nominale vot\u00e9e lors de la m\u00eame assembl\u00e9e.<\/p>\n\n\n\n<h3 class=\"wp-block-heading\"><strong>Le calendrier du march\u00e9 secondaire<\/strong><\/h3>\n\n\n\n<p class=\"wp-block-paragraph\">La premi\u00e8re confrontation est pr\u00e9vue le <strong>jeudi 24 septembre 2026<\/strong>. Les suivantes auront lieu le dernier jeudi de chaque mois \u00e0 16 heures, ou le premier jour ouvr\u00e9 pr\u00e9c\u00e9dent si cette date n'est pas ouvr\u00e9e. Les points \u00e0 retenir sur le fonctionnement des ordres :<\/p>\n\n\n\n<ul class=\"wp-block-list\">\n<li>les ordres d'achat et de vente passent par un mandat disponible aupr\u00e8s de la soci\u00e9t\u00e9 de gestion,<\/li>\n\n\n\n<li>un ordre de vente est valable un an et peut \u00eatre prorog\u00e9, un ordre d'achat six mois au maximum,<\/li>\n\n\n\n<li>les ordres d'achat doivent \u00eatre couverts par un versement de fonds pr\u00e9alable, virement ou ch\u00e8que de banque,<\/li>\n\n\n\n<li>la date limite de r\u00e9ception est fix\u00e9e \u00e0 16 heures l'avant-veille de la confrontation,<\/li>\n\n\n\n<li>l'acqu\u00e9reur supporte une commission de cession de <strong>4 % HT<\/strong>, soit 4,8 % TTC, \u00e0 laquelle s'ajoutent les droits d'enregistrement.<\/li>\n<\/ul>\n\n\n\n<p class=\"wp-block-paragraph\">Le prix retenu \u00e0 chaque confrontation est celui auquel la plus grande quantit\u00e9 de parts peut \u00eatre \u00e9chang\u00e9e. La liquidit\u00e9 n'est pas assur\u00e9e par la soci\u00e9t\u00e9 de gestion : si aucun acheteur ne se pr\u00e9sente \u00e0 un niveau de prix donn\u00e9, aucune transaction n'a lieu.<\/p>\n\n\n\n<h3 class=\"wp-block-heading\"><strong>Un exemple pour comprendre<\/strong><\/h3>\n\n\n\n<p class=\"wp-block-paragraph\">Prenons le cas d'un associ\u00e9 d\u00e9tenant 100 parts. Sur la base de la valeur de r\u00e9f\u00e9rence du 30 juin 2026, son portefeuille repr\u00e9sente 57 814 \u20ac (100 \u00d7 578,14 \u20ac). Avant l'assembl\u00e9e g\u00e9n\u00e9rale, il pouvait d\u00e9poser une demande de retrait \u00e0 un prix connu \u00e0 l'avance, sous r\u00e9serve de contreparties suffisantes. Depuis la suspension, il doit inscrire un ordre de vente sur le registre, en fixant un prix limite, puis attendre la confrontation mensuelle. Si des ordres d'achat se pr\u00e9sentent \u00e0 ce niveau, la transaction se r\u00e9alise en tout ou partie. Dans le cas contraire, l'ordre reste inscrit jusqu'\u00e0 sa date d'expiration. L'acheteur, de son c\u00f4t\u00e9, acquitte la commission de 4 % HT sur le montant de la transaction.<\/p>\n\n\n\n<p class=\"wp-block-paragraph\">Cet exemple illustre le d\u00e9placement du risque : le d\u00e9lai de sortie ne d\u00e9pend plus d'un m\u00e9canisme de compensation organis\u00e9 par la soci\u00e9t\u00e9 de gestion, mais de la rencontre effective d'une offre et d'une demande.<\/p>\n\n\n\n<h2 class=\"wp-block-heading\"><strong>Un patrimoine de 64 immeubles concentr\u00e9 en \u00cele-de-France<\/strong><\/h2>\n\n\n\n<p class=\"wp-block-paragraph\">Le portefeuille compte <strong>64 immeubles<\/strong>, 511 lots et 34 674 m\u00b2 de surface g\u00e9r\u00e9e. Sa composition, exprim\u00e9e en pourcentage de la valeur v\u00e9nale, se r\u00e9partit ainsi :<\/p>\n\n\n\n<ul class=\"wp-block-list\">\n<li>97,9 % de logements r\u00e9sidentiels,<\/li>\n\n\n\n<li>2,1 % de parts de SCPI.<\/li>\n<\/ul>\n\n\n\n<p class=\"wp-block-paragraph\">Sur le plan g\u00e9ographique :<\/p>\n\n\n\n<ul class=\"wp-block-list\">\n<li>36,9 % en \u00cele-de-France hors Paris,<\/li>\n\n\n\n<li>32,4 % \u00e0 Paris,<\/li>\n\n\n\n<li>28,6 % en France hors r\u00e9gion parisienne,<\/li>\n\n\n\n<li>2,1 % en parts de SCPI.<\/li>\n<\/ul>\n\n\n\n<p class=\"wp-block-paragraph\">Le trimestre n'a enregistr\u00e9 <strong>aucune acquisition ni aucune cession<\/strong>. Le portefeuille est donc rest\u00e9 strictement stable entre avril et juin 2026, ce qui correspond au fonctionnement d'une SCPI en nue-propri\u00e9t\u00e9 dont les op\u00e9rations sont espac\u00e9es dans le temps.<\/p>\n\n\n\n<h2 class=\"wp-block-heading\"><strong>Endettement et profil de liquidit\u00e9<\/strong><\/h2>\n\n\n\n<p class=\"wp-block-paragraph\">Le ratio de dettes et autres engagements, calcul\u00e9 selon la m\u00e9thode ASPIM, s'\u00e9tablit \u00e0 <strong>6,4 %<\/strong> au 30 juin 2026, exclusivement compos\u00e9 d'emprunts bancaires. L'effet de levier ressort \u00e0 1,1. La SCPI peut recourir \u00e0 l'endettement dans la limite de 30 % de la valeur des actifs immobiliers, plafond vot\u00e9 chaque ann\u00e9e en assembl\u00e9e g\u00e9n\u00e9rale. Le niveau atteint reste donc \u00e9loign\u00e9 de cette limite.<\/p>\n\n\n\n<p class=\"wp-block-paragraph\">Le bulletin pr\u00e9cise \u00e9galement que <strong>100 % des actifs sont consid\u00e9r\u00e9s comme non liquides<\/strong> et qu'aucun d'entre eux ne fait l'objet d'un traitement sp\u00e9cial. Au 30 juin 2026, aucune part n'\u00e9tait en attente de cession.<\/p>\n\n\n\n<h2 class=\"wp-block-heading\"><strong>\u00c9volution du march\u00e9 des parts sur quatre trimestres<\/strong><\/h2>\n\n\n\n<figure class=\"wp-block-table\"><table class=\"has-fixed-layout\"><tbody><tr><td class=\"has-text-align-center\" data-align=\"center\"><strong>Indicateur<\/strong><\/td><td class=\"has-text-align-center\" data-align=\"center\"><strong>3T 2025<\/strong><\/td><td class=\"has-text-align-center\" data-align=\"center\"><strong>4T 2025<\/strong><\/td><td class=\"has-text-align-center\" data-align=\"center\"><strong>1T 2026<\/strong><\/td><td class=\"has-text-align-center\" data-align=\"center\"><strong>2T 2026<\/strong><\/td><\/tr><tr><td class=\"has-text-align-center\" data-align=\"center\">Parts en d\u00e9but de trimestre<\/td><td class=\"has-text-align-center\" data-align=\"center\">280 192<\/td><td class=\"has-text-align-center\" data-align=\"center\">280 192<\/td><td class=\"has-text-align-center\" data-align=\"center\">280 192<\/td><td class=\"has-text-align-center\" data-align=\"center\">280 192<\/td><\/tr><tr><td class=\"has-text-align-center\" data-align=\"center\">Parts souscrites<\/td><td class=\"has-text-align-center\" data-align=\"center\">0<\/td><td class=\"has-text-align-center\" data-align=\"center\">75<\/td><td class=\"has-text-align-center\" data-align=\"center\">0<\/td><td class=\"has-text-align-center\" data-align=\"center\">0<\/td><\/tr><tr><td class=\"has-text-align-center\" data-align=\"center\">Retraits<\/td><td class=\"has-text-align-center\" data-align=\"center\">0<\/td><td class=\"has-text-align-center\" data-align=\"center\">75<\/td><td class=\"has-text-align-center\" data-align=\"center\">0<\/td><td class=\"has-text-align-center\" data-align=\"center\">0<\/td><\/tr><tr><td class=\"has-text-align-center\" data-align=\"center\">Parts en fin de trimestre<\/td><td class=\"has-text-align-center\" data-align=\"center\">280 192<\/td><td class=\"has-text-align-center\" data-align=\"center\">280 192<\/td><td class=\"has-text-align-center\" data-align=\"center\">280 192<\/td><td class=\"has-text-align-center\" data-align=\"center\">280 192<\/td><\/tr><tr><td class=\"has-text-align-center\" data-align=\"center\">Parts en attente de retrait<\/td><td class=\"has-text-align-center\" data-align=\"center\">28 823<\/td><td class=\"has-text-align-center\" data-align=\"center\">36 583<\/td><td class=\"has-text-align-center\" data-align=\"center\">38 277<\/td><td class=\"has-text-align-center\" data-align=\"center\">n.c.<\/td><\/tr><tr><td class=\"has-text-align-center\" data-align=\"center\">Parts en attente de cession<\/td><td class=\"has-text-align-center\" data-align=\"center\">n.c.<\/td><td class=\"has-text-align-center\" data-align=\"center\">n.c.<\/td><td class=\"has-text-align-center\" data-align=\"center\">n.c.<\/td><td class=\"has-text-align-center\" data-align=\"center\">0<\/td><\/tr><\/tbody><\/table><\/figure>\n\n\n\n<p class=\"wp-block-paragraph\">La lecture de ce tableau \u00e9claire la d\u00e9cision de juin 2026. Les parts en attente de retrait ont augment\u00e9 de fa\u00e7on continue, de 28 823 \u00e0 38 277 en trois trimestres, soit pr\u00e8s de 14 % du capital, alors que les souscriptions \u00e9taient quasi nulles. Sans contrepartie acheteuse, le m\u00e9canisme de capital variable ne pouvait plus absorber les demandes de sortie.<\/p>\n\n\n\n<h2 class=\"wp-block-heading\"><strong>Fiscalit\u00e9 et frais applicables<\/strong><\/h2>\n\n\n\n<p class=\"wp-block-paragraph\">Depuis le 1er janvier 2026, les revenus financiers per\u00e7us par la SCPI supportent une imposition forfaitaire unique de <strong>31,4 %<\/strong>, d\u00e9compos\u00e9e en 12,8 % d'imp\u00f4t sur le revenu et 18,6 % de pr\u00e9l\u00e8vements sociaux. Les plus-values immobili\u00e8res restent impos\u00e9es \u00e0 19 %, pr\u00e9l\u00e8vements sociaux inclus \u00e0 hauteur de 37,2 %, avec une surtaxe de 2 % \u00e0 6 % au-del\u00e0 de 50 000 \u20ac de plus-value nette.<\/p>\n\n\n\n<p class=\"wp-block-paragraph\">Deux points fiscaux m\u00e9ritent attention pour les d\u00e9tenteurs de parts en nue-propri\u00e9t\u00e9 : la valeur IFI indicative 2025 est communiqu\u00e9e par la soci\u00e9t\u00e9 de gestion, et les cr\u00e9dits li\u00e9s au financement de parts en nue-propri\u00e9t\u00e9 ne peuvent plus \u00eatre inscrits au passif.<\/p>\n\n\n\n<p class=\"wp-block-paragraph\">C\u00f4t\u00e9 frais, le bulletin rappelle :<\/p>\n\n\n\n<ul class=\"wp-block-list\">\n<li><strong>11,76 % HT<\/strong> de frais de souscription, prime d'\u00e9mission incluse,<\/li>\n\n\n\n<li>10 % HT maximum de frais de gestion annuels sur les produits locatifs,<\/li>\n\n\n\n<li>1,25 % HT de frais d'acquisition et de cession d'actifs,<\/li>\n\n\n\n<li>50 \u20ac HT par dossier pour une cession directe entre vendeur et acheteur, 75 \u20ac HT en cas de succession.<\/li>\n<\/ul>\n\n\n\n<h2 class=\"wp-block-heading\"><strong>Ce qu'il faut retenir du 2T 2026<\/strong><\/h2>\n\n\n\n<p class=\"wp-block-paragraph\">Le trimestre se r\u00e9sume \u00e0 trois constats. Le patrimoine progresse faiblement mais reste dans le vert, avec une valeur de r\u00e9alisation \u00e0 578,14 \u20ac et des expertises en hausse de 0,9 % sur six mois. L'activit\u00e9 immobili\u00e8re a \u00e9t\u00e9 nulle, sans acquisition ni cession. Et le mode de circulation des parts a chang\u00e9, avec un basculement vers un march\u00e9 secondaire dont la premi\u00e8re confrontation intervient le 24 septembre 2026.<\/p>\n\n\n\n<p class=\"wp-block-paragraph\">Pour un \u00e9pargnant d\u00e9j\u00e0 associ\u00e9, la question porte d\u00e9sormais sur l'horizon de d\u00e9tention. La nue-propri\u00e9t\u00e9 se pr\u00eate mal \u00e0 une sortie rapide, et la suspension de la variabilit\u00e9 du capital renforce cette contrainte. Pour un investisseur qui \u00e9tudie le produit, le prix qui se formera lors des premi\u00e8res confrontations donnera une indication plus concr\u00e8te que la seule valeur de r\u00e9alisation, puisqu'il refl\u00e9tera l'\u00e9quilibre r\u00e9el entre vendeurs et acheteurs.<\/p>\n\n\n\n<p class=\"wp-block-paragraph\"><strong>A lire \u00e9galement :<\/strong> <a href=\"https:\/\/www.rock-n-data.io\/fr\/scpi-novaxia-neo-bilan-et-analyse-du-bulletin-2t-2026\/\"><strong>SCPI Novaxia NEO : 427,9 M\u20ac de capitalisation au T2<\/strong><\/a><\/p>\n","protected":false},"excerpt":{"rendered":"<p>Praemia REIM France a publi\u00e9 le bulletin trimestriel d'information de la SCPI Patrimmo Croissance Impact pour le deuxi\u00e8me trimestre 2026. Le document couvre la p\u00e9riode du 1er avril au 30 juin 2026 et reste valable sur le troisi\u00e8me trimestre. Deux informations dominent ce bulletin : une valeur de r\u00e9alisation de 578,14 \u20ac au 30 juin [&hellip;]<\/p>\n","protected":false},"author":6,"featured_media":7443,"comment_status":"closed","ping_status":"closed","sticky":false,"template":"","format":"standard","meta":{"_acf_changed":false,"inline_featured_image":false,"footnotes":""},"categories":[1500],"tags":[1505,1222,193,368,1499,1561,154,1566,22,1562,1564,1565,1548],"class_list":["post-7442","post","type-post","status-publish","format-standard","has-post-thumbnail","hentry","category-bt-2t-2026","tag-2t-2026","tag-bulletin-trimestriel-scpi","tag-epargne-immobiliere","tag-liquidite-scpi","tag-marche-secondaire-scpi","tag-patrimmo-croissance-impact","tag-praemia-reim-france","tag-prix-dexecution","tag-scpi-fr","tag-scpi-nue-propriete","tag-scpi-residentielle","tag-scpi-sans-distribution","tag-valeur-de-realisation","post-wrapper"],"acf":[],"yoast_head":"<!-- This site is optimized with the Yoast SEO plugin v28.3 - https:\/\/yoast.com\/product\/yoast-seo-wordpress\/ -->\n<title>SCPI Patrimmo Croissance Impact : bilan chiffr\u00e9 du 2T 2026<\/title>\n<meta name=\"description\" content=\"SCPI Patrimmo Croissance: Impact au 2T 2026 : 578,14 \u20ac de valeur de r\u00e9alisation, 64 immeubles et passage au march\u00e9 secondaire.\" \/>\n<meta name=\"robots\" content=\"index, follow, max-snippet:-1, max-image-preview:large, max-video-preview:-1\" \/>\n<link rel=\"canonical\" href=\"https:\/\/www.rock-n-data.io\/fr\/scpi-patrimmo-croissance-impact-bilan-chiffre-du-2t-2026\/\" \/>\n<meta property=\"og:locale\" content=\"fr_FR\" \/>\n<meta property=\"og:type\" content=\"article\" \/>\n<meta property=\"og:title\" content=\"SCPI Patrimmo Croissance Impact : bilan chiffr\u00e9 du 2T 2026\" \/>\n<meta property=\"og:description\" content=\"SCPI Patrimmo Croissance: Impact au 2T 2026 : 578,14 \u20ac de valeur de r\u00e9alisation, 64 immeubles et passage au march\u00e9 secondaire.\" \/>\n<meta property=\"og:url\" content=\"https:\/\/www.rock-n-data.io\/fr\/scpi-patrimmo-croissance-impact-bilan-chiffre-du-2t-2026\/\" \/>\n<meta property=\"og:site_name\" content=\"Rock &amp; DATA\" \/>\n<meta property=\"article:published_time\" content=\"2026-09-01T10:02:17+00:00\" \/>\n<meta property=\"article:modified_time\" content=\"2026-09-01T10:02:22+00:00\" \/>\n<meta property=\"og:image\" content=\"https:\/\/www.rock-n-data.io\/wp-content\/uploads\/2026\/09\/pexels-salli-film-314916399-13598491.jpg\" \/>\n\t<meta property=\"og:image:width\" content=\"1280\" \/>\n\t<meta property=\"og:image:height\" content=\"1920\" \/>\n\t<meta property=\"og:image:type\" content=\"image\/jpeg\" \/>\n<meta name=\"author\" content=\"Rock &amp; DATA\" \/>\n<meta name=\"twitter:card\" content=\"summary_large_image\" \/>\n<meta name=\"twitter:label1\" content=\"\u00c9crit par\" \/>\n\t<meta name=\"twitter:data1\" content=\"Rock &amp; DATA\" \/>\n\t<meta name=\"twitter:label2\" content=\"Dur\u00e9e de lecture estim\u00e9e\" \/>\n\t<meta name=\"twitter:data2\" content=\"9 minutes\" \/>\n<script type=\"application\/ld+json\" class=\"yoast-schema-graph\">{\"@context\":\"https:\\\/\\\/schema.org\",\"@graph\":[{\"@type\":\"Article\",\"@id\":\"https:\\\/\\\/www.rock-n-data.io\\\/fr\\\/scpi-patrimmo-croissance-impact-bilan-chiffre-du-2t-2026\\\/#article\",\"isPartOf\":{\"@id\":\"https:\\\/\\\/www.rock-n-data.io\\\/fr\\\/scpi-patrimmo-croissance-impact-bilan-chiffre-du-2t-2026\\\/\"},\"author\":{\"name\":\"Rock &amp; DATA\",\"@id\":\"https:\\\/\\\/www.rock-n-data.io\\\/fr\\\/#\\\/schema\\\/person\\\/9bc10987a0538f4580eb261ee8bb3257\"},\"headline\":\"SCPI Patrimmo Croissance Impact : 162 M\u20ac de capitalisation au 30 juin 2026\",\"datePublished\":\"2026-09-01T10:02:17+00:00\",\"dateModified\":\"2026-09-01T10:02:22+00:00\",\"mainEntityOfPage\":{\"@id\":\"https:\\\/\\\/www.rock-n-data.io\\\/fr\\\/scpi-patrimmo-croissance-impact-bilan-chiffre-du-2t-2026\\\/\"},\"wordCount\":1805,\"image\":{\"@id\":\"https:\\\/\\\/www.rock-n-data.io\\\/fr\\\/scpi-patrimmo-croissance-impact-bilan-chiffre-du-2t-2026\\\/#primaryimage\"},\"thumbnailUrl\":\"https:\\\/\\\/www.rock-n-data.io\\\/wp-content\\\/uploads\\\/2026\\\/09\\\/pexels-salli-film-314916399-13598491.jpg\",\"keywords\":[\"2T 2026\",\"bulletin trimestriel SCPI\",\"\u00c9pargne immobili\u00e8re\",\"Liquidit\u00e9 SCPI\",\"March\u00e9 secondaire SCPI\",\"Patrimmo Croissance Impact\",\"Praemia REIM France\",\"prix d'ex\u00e9cution\",\"SCPI\",\"SCPI nue-propri\u00e9t\u00e9\",\"SCPI r\u00e9sidentielle\",\"SCPI sans distribution\",\"valeur de r\u00e9alisation\"],\"articleSection\":[\"BT 2T 2026\"],\"inLanguage\":\"fr-FR\"},{\"@type\":\"WebPage\",\"@id\":\"https:\\\/\\\/www.rock-n-data.io\\\/fr\\\/scpi-patrimmo-croissance-impact-bilan-chiffre-du-2t-2026\\\/\",\"url\":\"https:\\\/\\\/www.rock-n-data.io\\\/fr\\\/scpi-patrimmo-croissance-impact-bilan-chiffre-du-2t-2026\\\/\",\"name\":\"SCPI Patrimmo Croissance Impact : bilan chiffr\u00e9 du 2T 2026\",\"isPartOf\":{\"@id\":\"https:\\\/\\\/www.rock-n-data.io\\\/fr\\\/#website\"},\"primaryImageOfPage\":{\"@id\":\"https:\\\/\\\/www.rock-n-data.io\\\/fr\\\/scpi-patrimmo-croissance-impact-bilan-chiffre-du-2t-2026\\\/#primaryimage\"},\"image\":{\"@id\":\"https:\\\/\\\/www.rock-n-data.io\\\/fr\\\/scpi-patrimmo-croissance-impact-bilan-chiffre-du-2t-2026\\\/#primaryimage\"},\"thumbnailUrl\":\"https:\\\/\\\/www.rock-n-data.io\\\/wp-content\\\/uploads\\\/2026\\\/09\\\/pexels-salli-film-314916399-13598491.jpg\",\"datePublished\":\"2026-09-01T10:02:17+00:00\",\"dateModified\":\"2026-09-01T10:02:22+00:00\",\"author\":{\"@id\":\"https:\\\/\\\/www.rock-n-data.io\\\/fr\\\/#\\\/schema\\\/person\\\/9bc10987a0538f4580eb261ee8bb3257\"},\"description\":\"SCPI Patrimmo Croissance: Impact au 2T 2026 : 578,14 \u20ac de valeur de r\u00e9alisation, 64 immeubles et passage au march\u00e9 secondaire.\",\"breadcrumb\":{\"@id\":\"https:\\\/\\\/www.rock-n-data.io\\\/fr\\\/scpi-patrimmo-croissance-impact-bilan-chiffre-du-2t-2026\\\/#breadcrumb\"},\"inLanguage\":\"fr-FR\",\"potentialAction\":[{\"@type\":\"ReadAction\",\"target\":[\"https:\\\/\\\/www.rock-n-data.io\\\/fr\\\/scpi-patrimmo-croissance-impact-bilan-chiffre-du-2t-2026\\\/\"]}]},{\"@type\":\"ImageObject\",\"inLanguage\":\"fr-FR\",\"@id\":\"https:\\\/\\\/www.rock-n-data.io\\\/fr\\\/scpi-patrimmo-croissance-impact-bilan-chiffre-du-2t-2026\\\/#primaryimage\",\"url\":\"https:\\\/\\\/www.rock-n-data.io\\\/wp-content\\\/uploads\\\/2026\\\/09\\\/pexels-salli-film-314916399-13598491.jpg\",\"contentUrl\":\"https:\\\/\\\/www.rock-n-data.io\\\/wp-content\\\/uploads\\\/2026\\\/09\\\/pexels-salli-film-314916399-13598491.jpg\",\"width\":1280,\"height\":1920},{\"@type\":\"BreadcrumbList\",\"@id\":\"https:\\\/\\\/www.rock-n-data.io\\\/fr\\\/scpi-patrimmo-croissance-impact-bilan-chiffre-du-2t-2026\\\/#breadcrumb\",\"itemListElement\":[{\"@type\":\"ListItem\",\"position\":1,\"name\":\"Home\",\"item\":\"https:\\\/\\\/www.rock-n-data.io\\\/fr\\\/\"},{\"@type\":\"ListItem\",\"position\":2,\"name\":\"SCPI Patrimmo Croissance Impact : 162 M\u20ac de capitalisation au 30 juin 2026\"}]},{\"@type\":\"WebSite\",\"@id\":\"https:\\\/\\\/www.rock-n-data.io\\\/fr\\\/#website\",\"url\":\"https:\\\/\\\/www.rock-n-data.io\\\/fr\\\/\",\"name\":\"Rock &amp; DATA\",\"description\":\"When data meets commercial real estate investment\",\"potentialAction\":[{\"@type\":\"SearchAction\",\"target\":{\"@type\":\"EntryPoint\",\"urlTemplate\":\"https:\\\/\\\/www.rock-n-data.io\\\/fr\\\/?s={search_term_string}\"},\"query-input\":{\"@type\":\"PropertyValueSpecification\",\"valueRequired\":true,\"valueName\":\"search_term_string\"}}],\"inLanguage\":\"fr-FR\"},{\"@type\":\"Person\",\"@id\":\"https:\\\/\\\/www.rock-n-data.io\\\/fr\\\/#\\\/schema\\\/person\\\/9bc10987a0538f4580eb261ee8bb3257\",\"name\":\"Rock &amp; DATA\",\"image\":{\"@type\":\"ImageObject\",\"inLanguage\":\"fr-FR\",\"@id\":\"https:\\\/\\\/secure.gravatar.com\\\/avatar\\\/b94d4fc7b613a57715e272f17d430c39f49617a953e6b09d5da69b3774d096c0?s=96&d=mm&r=g\",\"url\":\"https:\\\/\\\/secure.gravatar.com\\\/avatar\\\/b94d4fc7b613a57715e272f17d430c39f49617a953e6b09d5da69b3774d096c0?s=96&d=mm&r=g\",\"contentUrl\":\"https:\\\/\\\/secure.gravatar.com\\\/avatar\\\/b94d4fc7b613a57715e272f17d430c39f49617a953e6b09d5da69b3774d096c0?s=96&d=mm&r=g\",\"caption\":\"Rock &amp; DATA\"},\"url\":\"https:\\\/\\\/www.rock-n-data.io\\\/fr\\\/author\\\/contact\\\/\"}]}<\/script>\n<!-- \/ Yoast SEO plugin. -->","yoast_head_json":{"title":"SCPI Patrimmo Croissance Impact : bilan chiffr\u00e9 du 2T 2026","description":"SCPI Patrimmo Croissance: Impact au 2T 2026 : 578,14 \u20ac de valeur de r\u00e9alisation, 64 immeubles et passage au march\u00e9 secondaire.","robots":{"index":"index","follow":"follow","max-snippet":"max-snippet:-1","max-image-preview":"max-image-preview:large","max-video-preview":"max-video-preview:-1"},"canonical":"https:\/\/www.rock-n-data.io\/fr\/scpi-patrimmo-croissance-impact-bilan-chiffre-du-2t-2026\/","og_locale":"fr_FR","og_type":"article","og_title":"SCPI Patrimmo Croissance Impact : bilan chiffr\u00e9 du 2T 2026","og_description":"SCPI Patrimmo Croissance: Impact au 2T 2026 : 578,14 \u20ac de valeur de r\u00e9alisation, 64 immeubles et passage au march\u00e9 secondaire.","og_url":"https:\/\/www.rock-n-data.io\/fr\/scpi-patrimmo-croissance-impact-bilan-chiffre-du-2t-2026\/","og_site_name":"Rock &amp; DATA","article_published_time":"2026-09-01T10:02:17+00:00","article_modified_time":"2026-09-01T10:02:22+00:00","og_image":[{"width":1280,"height":1920,"url":"https:\/\/www.rock-n-data.io\/wp-content\/uploads\/2026\/09\/pexels-salli-film-314916399-13598491.jpg","type":"image\/jpeg"}],"author":"Rock &amp; DATA","twitter_card":"summary_large_image","twitter_misc":{"\u00c9crit par":"Rock &amp; DATA","Dur\u00e9e de lecture estim\u00e9e":"9 minutes"},"schema":{"@context":"https:\/\/schema.org","@graph":[{"@type":"Article","@id":"https:\/\/www.rock-n-data.io\/fr\/scpi-patrimmo-croissance-impact-bilan-chiffre-du-2t-2026\/#article","isPartOf":{"@id":"https:\/\/www.rock-n-data.io\/fr\/scpi-patrimmo-croissance-impact-bilan-chiffre-du-2t-2026\/"},"author":{"name":"Rock &amp; DATA","@id":"https:\/\/www.rock-n-data.io\/fr\/#\/schema\/person\/9bc10987a0538f4580eb261ee8bb3257"},"headline":"SCPI Patrimmo Croissance Impact : 162 M\u20ac de capitalisation au 30 juin 2026","datePublished":"2026-09-01T10:02:17+00:00","dateModified":"2026-09-01T10:02:22+00:00","mainEntityOfPage":{"@id":"https:\/\/www.rock-n-data.io\/fr\/scpi-patrimmo-croissance-impact-bilan-chiffre-du-2t-2026\/"},"wordCount":1805,"image":{"@id":"https:\/\/www.rock-n-data.io\/fr\/scpi-patrimmo-croissance-impact-bilan-chiffre-du-2t-2026\/#primaryimage"},"thumbnailUrl":"https:\/\/www.rock-n-data.io\/wp-content\/uploads\/2026\/09\/pexels-salli-film-314916399-13598491.jpg","keywords":["2T 2026","bulletin trimestriel SCPI","\u00c9pargne immobili\u00e8re","Liquidit\u00e9 SCPI","March\u00e9 secondaire SCPI","Patrimmo Croissance Impact","Praemia REIM France","prix d'ex\u00e9cution","SCPI","SCPI nue-propri\u00e9t\u00e9","SCPI r\u00e9sidentielle","SCPI sans distribution","valeur de r\u00e9alisation"],"articleSection":["BT 2T 2026"],"inLanguage":"fr-FR"},{"@type":"WebPage","@id":"https:\/\/www.rock-n-data.io\/fr\/scpi-patrimmo-croissance-impact-bilan-chiffre-du-2t-2026\/","url":"https:\/\/www.rock-n-data.io\/fr\/scpi-patrimmo-croissance-impact-bilan-chiffre-du-2t-2026\/","name":"SCPI Patrimmo Croissance Impact : bilan chiffr\u00e9 du 2T 2026","isPartOf":{"@id":"https:\/\/www.rock-n-data.io\/fr\/#website"},"primaryImageOfPage":{"@id":"https:\/\/www.rock-n-data.io\/fr\/scpi-patrimmo-croissance-impact-bilan-chiffre-du-2t-2026\/#primaryimage"},"image":{"@id":"https:\/\/www.rock-n-data.io\/fr\/scpi-patrimmo-croissance-impact-bilan-chiffre-du-2t-2026\/#primaryimage"},"thumbnailUrl":"https:\/\/www.rock-n-data.io\/wp-content\/uploads\/2026\/09\/pexels-salli-film-314916399-13598491.jpg","datePublished":"2026-09-01T10:02:17+00:00","dateModified":"2026-09-01T10:02:22+00:00","author":{"@id":"https:\/\/www.rock-n-data.io\/fr\/#\/schema\/person\/9bc10987a0538f4580eb261ee8bb3257"},"description":"SCPI Patrimmo Croissance: Impact au 2T 2026 : 578,14 \u20ac de valeur de r\u00e9alisation, 64 immeubles et passage au march\u00e9 secondaire.","breadcrumb":{"@id":"https:\/\/www.rock-n-data.io\/fr\/scpi-patrimmo-croissance-impact-bilan-chiffre-du-2t-2026\/#breadcrumb"},"inLanguage":"fr-FR","potentialAction":[{"@type":"ReadAction","target":["https:\/\/www.rock-n-data.io\/fr\/scpi-patrimmo-croissance-impact-bilan-chiffre-du-2t-2026\/"]}]},{"@type":"ImageObject","inLanguage":"fr-FR","@id":"https:\/\/www.rock-n-data.io\/fr\/scpi-patrimmo-croissance-impact-bilan-chiffre-du-2t-2026\/#primaryimage","url":"https:\/\/www.rock-n-data.io\/wp-content\/uploads\/2026\/09\/pexels-salli-film-314916399-13598491.jpg","contentUrl":"https:\/\/www.rock-n-data.io\/wp-content\/uploads\/2026\/09\/pexels-salli-film-314916399-13598491.jpg","width":1280,"height":1920},{"@type":"BreadcrumbList","@id":"https:\/\/www.rock-n-data.io\/fr\/scpi-patrimmo-croissance-impact-bilan-chiffre-du-2t-2026\/#breadcrumb","itemListElement":[{"@type":"ListItem","position":1,"name":"Home","item":"https:\/\/www.rock-n-data.io\/fr\/"},{"@type":"ListItem","position":2,"name":"SCPI Patrimmo Croissance Impact : 162 M\u20ac de capitalisation au 30 juin 2026"}]},{"@type":"WebSite","@id":"https:\/\/www.rock-n-data.io\/fr\/#website","url":"https:\/\/www.rock-n-data.io\/fr\/","name":"Rock &amp; DATA","description":"When data meets commercial real estate investment","potentialAction":[{"@type":"SearchAction","target":{"@type":"EntryPoint","urlTemplate":"https:\/\/www.rock-n-data.io\/fr\/?s={search_term_string}"},"query-input":{"@type":"PropertyValueSpecification","valueRequired":true,"valueName":"search_term_string"}}],"inLanguage":"fr-FR"},{"@type":"Person","@id":"https:\/\/www.rock-n-data.io\/fr\/#\/schema\/person\/9bc10987a0538f4580eb261ee8bb3257","name":"Rock &amp; DATA","image":{"@type":"ImageObject","inLanguage":"fr-FR","@id":"https:\/\/secure.gravatar.com\/avatar\/b94d4fc7b613a57715e272f17d430c39f49617a953e6b09d5da69b3774d096c0?s=96&d=mm&r=g","url":"https:\/\/secure.gravatar.com\/avatar\/b94d4fc7b613a57715e272f17d430c39f49617a953e6b09d5da69b3774d096c0?s=96&d=mm&r=g","contentUrl":"https:\/\/secure.gravatar.com\/avatar\/b94d4fc7b613a57715e272f17d430c39f49617a953e6b09d5da69b3774d096c0?s=96&d=mm&r=g","caption":"Rock &amp; DATA"},"url":"https:\/\/www.rock-n-data.io\/fr\/author\/contact\/"}]}},"_links":{"self":[{"href":"https:\/\/www.rock-n-data.io\/fr\/wp-json\/wp\/v2\/posts\/7442","targetHints":{"allow":["GET"]}}],"collection":[{"href":"https:\/\/www.rock-n-data.io\/fr\/wp-json\/wp\/v2\/posts"}],"about":[{"href":"https:\/\/www.rock-n-data.io\/fr\/wp-json\/wp\/v2\/types\/post"}],"author":[{"embeddable":true,"href":"https:\/\/www.rock-n-data.io\/fr\/wp-json\/wp\/v2\/users\/6"}],"replies":[{"embeddable":true,"href":"https:\/\/www.rock-n-data.io\/fr\/wp-json\/wp\/v2\/comments?post=7442"}],"version-history":[{"count":0,"href":"https:\/\/www.rock-n-data.io\/fr\/wp-json\/wp\/v2\/posts\/7442\/revisions"}],"wp:featuredmedia":[{"embeddable":true,"href":"https:\/\/www.rock-n-data.io\/fr\/wp-json\/wp\/v2\/media\/7443"}],"wp:attachment":[{"href":"https:\/\/www.rock-n-data.io\/fr\/wp-json\/wp\/v2\/media?parent=7442"}],"wp:term":[{"taxonomy":"category","embeddable":true,"href":"https:\/\/www.rock-n-data.io\/fr\/wp-json\/wp\/v2\/categories?post=7442"},{"taxonomy":"post_tag","embeddable":true,"href":"https:\/\/www.rock-n-data.io\/fr\/wp-json\/wp\/v2\/tags?post=7442"}],"curies":[{"name":"wp","href":"https:\/\/api.w.org\/{rel}","templated":true}]}}